{"id":996003,"date":"2026-03-13T08:38:14","date_gmt":"2026-03-13T11:38:14","guid":{"rendered":"https:\/\/www.cnbb.org.br\/?p=996003"},"modified":"2026-03-13T08:46:23","modified_gmt":"2026-03-13T11:46:23","slug":"moradia-na-pauta-da-fe","status":"publish","type":"post","link":"https:\/\/www.cnbb.org.br\/moradia-na-pauta-da-fe\/","title":{"rendered":"Moradia na pauta da f\u00e9\u00a0"},"content":{"rendered":"<p style=\"text-align: right;\"><strong>Dom Walmor Oliveira de Azevedo<br \/>\nArcebispo de Belo Horizonte (MG)<\/strong><\/p>\n<p style=\"text-align: justify;\"><span data-ccp-props=\"{&quot;201341983&quot;:0,&quot;335559739&quot;:0,&quot;335559740&quot;:240}\">\u00a0<\/span><\/p>\n<p style=\"text-align: justify;\"><span data-contrast=\"auto\">Moradia\u00a0digna,\u00a0relevante tema social, \u00e9 tamb\u00e9m\u00a0importante na pauta da f\u00e9.\u00a0A\u00a0sociedade, seus segmentos e representantes t\u00eam obriga\u00e7\u00f5es priorit\u00e1rias\u00a0diante de realidade desafiadora:\u00a0o d\u00e9ficit de moradia\u00a0digna\u00a0na sociedade brasileira.\u00a0S\u00e3o obriga\u00e7\u00f5es legais e morais, pois dizem respeito ao cuidado com\u00a0o ser humano e o respeito \u00e0 sua dignidade. Justamente por se tratar de um tema\u00a0caro\u00a0\u00e0 dignidade humana, a moradia digna \u00e9 tamb\u00e9m pauta da f\u00e9. O d\u00e9ficit habitacional afronta diretamente a sacralidade de cada pessoa. O compromisso crist\u00e3o de contribuir para que a sociedade supere esse d\u00e9ficit vem da dire\u00e7\u00e3o preciosa indicada por Jesus, em uma das\u00a0m\u00e1ximas do Serm\u00e3o da Montanha, narrado pelo Evangelista Mateus, ao indicar um\u00a0caminho de convers\u00e3o e de qualifica\u00e7\u00e3o da vida. O Mestre\u00a0orienta seus disc\u00edpulos a se dedicarem \u00e0\u00a0ora\u00e7\u00e3o,\u00a0ao jejum e\u00a0\u00e0\u00a0esmola\u00a0\u2013 compreendida\u00a0como gesto de miseric\u00f3rdia e\u00a0de\u00a0caridade\u00a0dedicado ao\u00a0semelhante.\u00a0N\u00e3o basta, pois, orar e jejuar, desconsiderando ou adiando os gestos de miseric\u00f3rdia. O caminho de convers\u00e3o indicado por Jesus est\u00e1 na for\u00e7a e na fecundidade da tr\u00edade: com a ora\u00e7\u00e3o e o jejum, \u00e9 preciso tamb\u00e9m adentrar nos sofrimentos e nas necessidades do pr\u00f3ximo.\u00a0<\/span><span data-ccp-props=\"{&quot;201341983&quot;:0,&quot;335551550&quot;:6,&quot;335551620&quot;:6,&quot;335559739&quot;:0,&quot;335559740&quot;:240}\">\u00a0<\/span><\/p>\n<p style=\"text-align: justify;\"><span data-contrast=\"auto\">Convers\u00e3o inclui a disposi\u00e7\u00e3o corajosa\u00a0para\u00a0a\u00a0oferta\u00a0de si, participando do sofrimento de irm\u00e3os e irm\u00e3s.\u00a0Nessa perspectiva,\u00a0ao considerar o\u00a0quadro amplo e complexo da realidade social, com suas muitas necessidades e desafios, a Igreja Cat\u00f3lica no Brasil,\u00a0a partir\u00a0da Confer\u00eancia Nacional dos Bispos do Brasil\u00a0(CNBB),\u00a0convida a sociedade a viver\u00a0a\u00a0Campanha da Fraternidade.\u00a0S\u00e3o muitos irm\u00e3os e irm\u00e3s feridos na sua dignidade, com condi\u00e7\u00f5es de moradia prec\u00e1rias, indignas. Tratar essa realidade de sofrimento \u00e9 tamb\u00e9m compromisso de f\u00e9.\u00a0Assim, no itiner\u00e1rio pr\u00f3prio do tempo da\u00a0Quaresma,\u00a0que convoca, de modo especial, ao exerc\u00edcio da\u00a0caridade fraterna,\u00a0solidarizar-se com aqueles que n\u00e3o t\u00eam habita\u00e7\u00e3o digna \u00e9\u00a0gesto crist\u00e3o de partilhar\u00a0a dor dos sem-casa,\u00a0dos que moram em condi\u00e7\u00f5es prec\u00e1rias. A partir dessa partilha, \u00e9 poss\u00edvel ajudar quem \u00e9 desrespeitado em seus direitos fundamentais, em sua dignidade.\u00a0<\/span><span data-ccp-props=\"{&quot;201341983&quot;:0,&quot;335551550&quot;:6,&quot;335551620&quot;:6,&quot;335559739&quot;:0,&quot;335559740&quot;:240}\">\u00a0<\/span><\/p>\n<p style=\"text-align: justify;\"><span data-contrast=\"auto\">S\u00e3o muitas as feridas e pesos sobre os ombros dos que vivem indigna e inadequadamente.\u00a0Neste ano, a Igreja do Brasil prop\u00f5e iluminar a realidade da convers\u00e3o, apelo quaresmal\u00a0que vem\u00a0da Palavra de Deus,\u00a0da for\u00e7a envolvente das\u00a0celebra\u00e7\u00f5es lit\u00fargicas e\u00a0dos\u00a0atos de piedade, pela considera\u00e7\u00e3o e compromisso com a realidade sofrida dos sem\u00a0moradia\u00a0digna. O convite evidente \u00e9 o\u00a0de\u00a0ser solid\u00e1rio pela caridade,\u00a0ajudando a construir\u00a0respostas\u00a0concretas \u00e0s\u00a0necessidades emergenciais.\u00a0Trata-se de\u00a0compromisso de f\u00e9\u00a0que\u00a0contempla o\u00a0engajamento cidad\u00e3o\u00a0para ajudar a construir\u00a0pol\u00edticas p\u00fablicas\u00a0capazes de efetivar mudan\u00e7as\u00a0urgentes na sociedade brasileira,\u00a0pela supera\u00e7\u00e3o\u00a0do d\u00e9ficit habitacional, das\u00a0discrimina\u00e7\u00f5es, das\u00a0ofensas\u00a0e de tudo mais que fere a\u00a0dignidade humana.\u00a0A realidade da moradia \u00e9, pois, um desafio humano,\u00a0social\u00a0e interpela\u00e7\u00e3o que vem da\u00a0f\u00e9.\u00a0<\/span><span data-ccp-props=\"{&quot;201341983&quot;:0,&quot;335551550&quot;:6,&quot;335551620&quot;:6,&quot;335559739&quot;:0,&quot;335559740&quot;:240}\">\u00a0<\/span><\/p>\n<p style=\"text-align: justify;\"><span data-contrast=\"auto\">Importante deixar-se iluminar por reflex\u00f5es que promovam o conhecimento\u00a0sobre a\u00a0realidade da mordia\u00a0no contexto brasileiro, para se sensibilizar.\u00a0Esse conhecimento tem um farol\u00a0iluminador:\u00a0a verdade de f\u00e9 que Jesus veio morar entre n\u00f3s. Sua condi\u00e7\u00e3o de nascer sem\u00a0um\u00a0lugar\u00a0vincula-se\u00a0\u00e0\u00a0sua casa em Nazar\u00e9,\u00a0onde,\u00a0na presen\u00e7a de Maria e Jos\u00e9, cresceu em gra\u00e7a e sabedoria. A casa \u00e9 refer\u00eancia de dignidade e oportunidades\u00a0para o\u00a0crescimento\u00a0humano\u00a0e espiritual.\u00a0Essa considera\u00e7\u00e3o sobre o significado da casa converte-se em compromisso vivo e iluminador\u00a0da f\u00e9 na tradi\u00e7\u00e3o da Igreja:\u00a0h\u00e1 uma dimens\u00e3o social da f\u00e9, diante da\u00a0necessidade dos pobres, inclusive daqueles que sofrem por n\u00e3o ter moradia digna.\u00a0A\u00a0Igreja, assim, busca contribuir para mostrar que a falta de moradia n\u00e3o\u00a0\u00e9 apenas um problema individual, mas grave ferida social que merece ser adequadamente tratada. Esse tratamento, para efetivamente desencadear mudan\u00e7as, precisa ser impulsionado pela\u00a0escuta dos clamores dos pobres.\u00a0O adequado reconhecimento de que a promo\u00e7\u00e3o do direito \u00e0 moradia\u00a0integra a\u00a0pauta da f\u00e9\u00a0possa impulsionar o compromisso cidad\u00e3o de ajudar a sociedade brasileira a mudar seu rosto sofrido. Assim se vive a f\u00e9 de modo aut\u00eantico, exerce-se a cidadania\u00a0qualificadamente, assumindo e efetivando o apelo quaresmal.\u00a0<\/span><span data-ccp-props=\"{&quot;201341983&quot;:0,&quot;335551550&quot;:6,&quot;335551620&quot;:6,&quot;335559739&quot;:0,&quot;335559740&quot;:240}\">\u00a0<\/span><\/p>\n<p style=\"text-align: justify;\"><span data-ccp-props=\"{&quot;201341983&quot;:0,&quot;335551550&quot;:6,&quot;335551620&quot;:6,&quot;335559739&quot;:0,&quot;335559740&quot;:240}\">\u00a0<\/span><\/p>\n<p style=\"text-align: justify;\">\n","protected":false},"excerpt":{"rendered":"<p>Dom Walmor Oliveira de Azevedo Arcebispo de Belo Horizonte (MG) \u00a0 Moradia\u00a0digna,\u00a0relevante tema social, \u00e9 tamb\u00e9m\u00a0importante na pauta da f\u00e9.\u00a0A\u00a0sociedade, seus segmentos e representantes t\u00eam obriga\u00e7\u00f5es priorit\u00e1rias\u00a0diante de realidade desafiadora:\u00a0o d\u00e9ficit de moradia\u00a0digna\u00a0na sociedade brasileira.\u00a0S\u00e3o obriga\u00e7\u00f5es legais e morais, pois dizem respeito ao cuidado com\u00a0o ser humano e o respeito \u00e0 sua dignidade. Justamente por &hellip;<\/p>\n<p class=\"read-more\"> <a class=\"\" href=\"https:\/\/www.cnbb.org.br\/moradia-na-pauta-da-fe\/\"> <span class=\"screen-reader-text\">Moradia na pauta da f\u00e9\u00a0<\/span> Leia mais &raquo;<\/a><\/p>\n","protected":false},"author":8,"featured_media":0,"comment_status":"closed","ping_status":"closed","sticky":false,"template":"","format":"standard","meta":{"site-sidebar-layout":"default","site-content-layout":"default","ast-global-header-display":"","ast-banner-title-visibility":"","ast-main-header-display":"","ast-hfb-above-header-display":"","ast-hfb-below-header-display":"","ast-hfb-mobile-header-display":"","site-post-title":"","ast-breadcrumbs-content":"","ast-featured-img":"","footer-sml-layout":"","theme-transparent-header-meta":"default","adv-header-id-meta":"","stick-header-meta":"","header-above-stick-meta":"","header-main-stick-meta":"","header-below-stick-meta":""},"categories":[758,1837],"tags":[],"acf":[],"_links":{"self":[{"href":"https:\/\/www.cnbb.org.br\/cnbb-app\/wp\/v2\/posts\/996003"}],"collection":[{"href":"https:\/\/www.cnbb.org.br\/cnbb-app\/wp\/v2\/posts"}],"about":[{"href":"https:\/\/www.cnbb.org.br\/cnbb-app\/wp\/v2\/types\/post"}],"author":[{"embeddable":true,"href":"https:\/\/www.cnbb.org.br\/cnbb-app\/wp\/v2\/users\/8"}],"replies":[{"embeddable":true,"href":"https:\/\/www.cnbb.org.br\/cnbb-app\/wp\/v2\/comments?post=996003"}],"version-history":[{"count":2,"href":"https:\/\/www.cnbb.org.br\/cnbb-app\/wp\/v2\/posts\/996003\/revisions"}],"predecessor-version":[{"id":996005,"href":"https:\/\/www.cnbb.org.br\/cnbb-app\/wp\/v2\/posts\/996003\/revisions\/996005"}],"wp:attachment":[{"href":"https:\/\/www.cnbb.org.br\/cnbb-app\/wp\/v2\/media?parent=996003"}],"wp:term":[{"taxonomy":"category","embeddable":true,"href":"https:\/\/www.cnbb.org.br\/cnbb-app\/wp\/v2\/categories?post=996003"},{"taxonomy":"post_tag","embeddable":true,"href":"https:\/\/www.cnbb.org.br\/cnbb-app\/wp\/v2\/tags?post=996003"}],"curies":[{"name":"wp","href":"https:\/\/api.w.org\/{rel}","templated":true}]}}