{"id":996008,"date":"2026-03-13T08:44:24","date_gmt":"2026-03-13T11:44:24","guid":{"rendered":"https:\/\/www.cnbb.org.br\/?p=996008"},"modified":"2026-03-13T08:45:55","modified_gmt":"2026-03-13T11:45:55","slug":"eu-choro-pelas-meninas-e-demais-cidadaos-do-ira","status":"publish","type":"post","link":"https:\/\/www.cnbb.org.br\/eu-choro-pelas-meninas-e-demais-cidadaos-do-ira\/","title":{"rendered":"Eu choro\u00a0pelas meninas\u00a0e demais cidad\u00e3os\u00a0do Ir\u00e3!\u00a0"},"content":{"rendered":"<p style=\"text-align: right;\"><span data-contrast=\"none\"><strong>Dom Itacir Brassiani<\/strong><br \/>\n<strong>Arcebispo de Aracaju (SE)<\/strong><\/p>\n<p><\/span><\/p>\n<p style=\"text-align: justify;\" aria-level=\"2\"><span data-contrast=\"none\">\u201cO\u00a0Ir\u00e3 \u00e9 um Estado p\u00e1ria, que massacra seu povo\u00a0e financia o terror contra o Ocidente. Se o ataque derrubar esse regime criminoso, o mundo agradecer\u00e1.\u00a0N<\/span><span data-contrast=\"none\">ingu\u00e9m, no mundo civilizado, vai chorar pelo Ir\u00e3.\u00a0Sejam\u00a0quais\u00a0forem\u00a0as motiva\u00e7\u00f5es da guerra, se esse for o seu resultado, ser\u00e1 bom para o mundo inteiro&#8230;\u201d\u00a0\u00a0(<\/span><i><span data-contrast=\"none\">O Estado de S\u00e3o Paulo<\/span><\/i><span data-contrast=\"none\">, 28\/02\/2026).<\/span><span data-ccp-props=\"{&quot;134245418&quot;:true,&quot;134245529&quot;:true,&quot;201341983&quot;:0,&quot;335551550&quot;:6,&quot;335551620&quot;:6,&quot;335559738&quot;:0,&quot;335559739&quot;:120,&quot;335559740&quot;:256}\">\u00a0<\/span><\/p>\n<p style=\"text-align: justify;\" aria-level=\"2\"><span data-contrast=\"none\">Este \u00e9\u00a0o ju\u00edzo implac\u00e1vel\u00a0expresso no\u00a0editorial\u00a0do jornal. \u00c9 uma\u00a0forma\u00a0de declarar\u00a0que essa\u00a0guerra\u00a0\u00e9\u00a0\u201cjusta\u201d\u00a0e\u00a0\u201csanta\u201d. O que falta \u00e9\u00a0apenas definir o pre\u00e7o que \u201ca civiliza\u00e7\u00e3o ocidental\u201d est\u00e1 disposta a pagar para \u201cderrubar o regime\u201d\u00a0e implantar \u00e0 for\u00e7a sua democracia vazia. Para eles, o assassinato de 165\u00a0meninas numa escola\u00a0feminina\u00a0\u00e9 um custo aceit\u00e1vel.<\/span><span data-ccp-props=\"{&quot;134245418&quot;:true,&quot;134245529&quot;:true,&quot;201341983&quot;:0,&quot;335551550&quot;:6,&quot;335551620&quot;:6,&quot;335559738&quot;:0,&quot;335559739&quot;:120,&quot;335559740&quot;:256}\">\u00a0<\/span><\/p>\n<p style=\"text-align: justify;\"><span data-contrast=\"auto\">Para os senhores da \u201cimprensa heredit\u00e1ria\u201d, a mesma que aplaudiu o in\u00edcio do\u00a0<\/span><i><span data-contrast=\"auto\">Terceiro Reich<\/span><\/i><span data-contrast=\"auto\">\u00a0de Hitler, \u201c<\/span><span data-contrast=\"none\">Israel tem pleno direito de se defender de uma amea\u00e7a existencial inequ\u00edvoca\u201d. Assumindo o papel de juiz, o jornal\u00e3o\u00a0diz que a\u00a0agress\u00e3o\u00a0\u00e9 justa, e os EUA\u00a0t\u00eam o direito de impor\u00a0o seu \u201cmodelo de democracia\u201d e\u00a0de\u00a0controlar o petr\u00f3leo iraniano.<\/span><span data-ccp-props=\"{&quot;335551550&quot;:6,&quot;335551620&quot;:6}\">\u00a0<\/span><\/p>\n<p style=\"text-align: justify;\"><span data-contrast=\"none\">\u201cSe ningu\u00e9m no mundo civilizado vai chorar pelo Ir\u00e3\u201d, eu\u00a0me orgulho de\u00a0n\u00e3o pertencer a esta \u201cciviliza\u00e7\u00e3o\u201d, que tem mais de viol\u00eancia do que de civilidade.\u00a0Perten\u00e7o aos \u201cpovos b\u00e1rbaros\u201d\u00a0que choram a morte de inocentes. \u201cEm\u00a0Ram\u00e1\u00a0se ouviu uma voz, muito choro e gemido: \u00e9 Raquel que chora os filhos, e n\u00e3o quer consolar-se porque os perdeu\u201d (Mt\u00a02,18).<\/span><span data-ccp-props=\"{&quot;335551550&quot;:6,&quot;335551620&quot;:6}\">\u00a0<\/span><\/p>\n<p style=\"text-align: justify;\"><span data-contrast=\"none\">Netanyahu\u00a0n\u00e3o poderia esquecer o lamento dos seus antepassados: \u201cConsomem-se em l\u00e1grimas os meus olhos, fervem as minhas entranhas; derrama-se por terra meu fel ante a ru\u00edna da filha do meu povo, quando meninos e crian\u00e7as de peito desfalecem nas pra\u00e7as da cidade&#8230; Jazem por terra nas ruas meninos e velhos&#8230;\u201d (Lamenta\u00e7\u00f5es\u00a02,11.21).<\/span><span data-ccp-props=\"{&quot;335551550&quot;:6,&quot;335551620&quot;:6}\">\u00a0<\/span><\/p>\n<p style=\"text-align: justify;\"><span data-contrast=\"none\">N\u00e3o\u00a0me conformo com o fato de\u00a0que haja\u00a0quem, proclamando-se crist\u00e3o e cat\u00f3lico, justifique e aplauda guerras, mesmo as mais nefastas e injustific\u00e1veis. Neles a indiferen\u00e7a se globalizou e arruinou\u00a0a alma. Eles confundem o aplauso e a submiss\u00e3o\u00a0aos vencedores e \u00e0 rapina com rever\u00eancia ao Deus da Vida e\u00a0defesa dos\u00a0verdadeiros valores humanos.<\/span><span data-ccp-props=\"{&quot;335551550&quot;:6,&quot;335551620&quot;:6}\">\u00a0<\/span><\/p>\n<p style=\"text-align: justify;\"><span data-contrast=\"none\">Recordemos, mais uma vez,\u00a0a\u00a0<\/span><i><span data-contrast=\"none\">Doutrina Social da Igreja<\/span><\/i><span data-contrast=\"none\">:\u00a0<\/span><span data-contrast=\"none\">A Comunidade Internacional\u00a0se baseia na\u00a0soberania de cada Estado,\u00a0e nada pode negar ou limitar\u00a0a sua independ\u00eancia.\u00a0\u201cPara resolver os conflitos\u00a0que comprometem a seguran\u00e7a internacional \u00e9\u00a0preciso renunciar\u00a0definitivamente \u00e0\u00a0ideia\u00a0de buscar a justi\u00e7a mediante o recurso \u00e0 guerra\u00a0(cf. \u00a7\u00a7 434 e 438).\u00a0N\u00e3o h\u00e1 espa\u00e7o para guerras declaradas diante de\u00a0\u201camea\u00e7as existenciais\u201d.<\/span><span data-ccp-props=\"{&quot;335551550&quot;:6,&quot;335551620&quot;:6}\">\u00a0<\/span><\/p>\n<p style=\"text-align: justify;\">\n","protected":false},"excerpt":{"rendered":"<p>Dom Itacir Brassiani Arcebispo de Aracaju (SE) \u201cO\u00a0Ir\u00e3 \u00e9 um Estado p\u00e1ria, que massacra seu povo\u00a0e financia o terror contra o Ocidente. Se o ataque derrubar esse regime criminoso, o mundo agradecer\u00e1.\u00a0Ningu\u00e9m, no mundo civilizado, vai chorar pelo Ir\u00e3.\u00a0Sejam\u00a0quais\u00a0forem\u00a0as motiva\u00e7\u00f5es da guerra, se esse for o seu resultado, ser\u00e1 bom para o mundo inteiro&#8230;\u201d\u00a0\u00a0(O Estado &hellip;<\/p>\n<p class=\"read-more\"> <a class=\"\" href=\"https:\/\/www.cnbb.org.br\/eu-choro-pelas-meninas-e-demais-cidadaos-do-ira\/\"> <span class=\"screen-reader-text\">Eu choro\u00a0pelas meninas\u00a0e demais cidad\u00e3os\u00a0do Ir\u00e3!\u00a0<\/span> Leia mais &raquo;<\/a><\/p>\n","protected":false},"author":2510,"featured_media":0,"comment_status":"closed","ping_status":"closed","sticky":false,"template":"","format":"standard","meta":{"site-sidebar-layout":"default","site-content-layout":"default","ast-global-header-display":"","ast-banner-title-visibility":"","ast-main-header-display":"","ast-hfb-above-header-display":"","ast-hfb-below-header-display":"","ast-hfb-mobile-header-display":"","site-post-title":"","ast-breadcrumbs-content":"","ast-featured-img":"","footer-sml-layout":"","theme-transparent-header-meta":"default","adv-header-id-meta":"","stick-header-meta":"","header-above-stick-meta":"","header-main-stick-meta":"","header-below-stick-meta":""},"categories":[758],"tags":[],"acf":[],"_links":{"self":[{"href":"https:\/\/www.cnbb.org.br\/cnbb-app\/wp\/v2\/posts\/996008"}],"collection":[{"href":"https:\/\/www.cnbb.org.br\/cnbb-app\/wp\/v2\/posts"}],"about":[{"href":"https:\/\/www.cnbb.org.br\/cnbb-app\/wp\/v2\/types\/post"}],"author":[{"embeddable":true,"href":"https:\/\/www.cnbb.org.br\/cnbb-app\/wp\/v2\/users\/2510"}],"replies":[{"embeddable":true,"href":"https:\/\/www.cnbb.org.br\/cnbb-app\/wp\/v2\/comments?post=996008"}],"version-history":[{"count":1,"href":"https:\/\/www.cnbb.org.br\/cnbb-app\/wp\/v2\/posts\/996008\/revisions"}],"predecessor-version":[{"id":996009,"href":"https:\/\/www.cnbb.org.br\/cnbb-app\/wp\/v2\/posts\/996008\/revisions\/996009"}],"wp:attachment":[{"href":"https:\/\/www.cnbb.org.br\/cnbb-app\/wp\/v2\/media?parent=996008"}],"wp:term":[{"taxonomy":"category","embeddable":true,"href":"https:\/\/www.cnbb.org.br\/cnbb-app\/wp\/v2\/categories?post=996008"},{"taxonomy":"post_tag","embeddable":true,"href":"https:\/\/www.cnbb.org.br\/cnbb-app\/wp\/v2\/tags?post=996008"}],"curies":[{"name":"wp","href":"https:\/\/api.w.org\/{rel}","templated":true}]}}