{"id":996010,"date":"2026-03-13T09:09:35","date_gmt":"2026-03-13T12:09:35","guid":{"rendered":"https:\/\/www.cnbb.org.br\/?p=996010"},"modified":"2026-03-13T09:17:28","modified_gmt":"2026-03-13T12:17:28","slug":"24-horas-para-o-senhor-igrejas-abertas-para-oracao-e-confissao-em-todo-o-mundo","status":"publish","type":"post","link":"https:\/\/www.cnbb.org.br\/24-horas-para-o-senhor-igrejas-abertas-para-oracao-e-confissao-em-todo-o-mundo\/","title":{"rendered":"Papa Le\u00e3o XIV convoca para o &#8220;24 Horas para o Senhor\u201d: igrejas abertas para ora\u00e7\u00e3o e confiss\u00e3o em todo o mundo"},"content":{"rendered":"<p style=\"text-align: justify;\">A iniciativa quaresmal <strong>\u201c24 Horas para o Senhor\u201d<\/strong> chega \u00e0 sua d\u00e9cima terceira edi\u00e7\u00e3o e ser\u00e1 celebrada nas dioceses de todo o mundo na v\u00e9spera do quarto domingo da Quaresma. A proposta convida os fi\u00e9is a viver um tempo intenso de ora\u00e7\u00e3o e reconcilia\u00e7\u00e3o, com igrejas abertas e disponibilidade para o sacramento da confiss\u00e3o.<\/p>\n<p style=\"text-align: justify;\">O tema deste ano foi escolhido pelo Papa Le\u00e3o XIV e \u00e9 inspirado no Evangelho de Jo\u00e3o: <strong>\u201cVim para salvar o mundo\u201d (Jo 12,47)<\/strong>. A frase recorda o sentido da miseric\u00f3rdia divina e do chamado \u00e0 convers\u00e3o durante o tempo quaresmal.<\/p>\n<p style=\"text-align: justify;\">Em prepara\u00e7\u00e3o para a P\u00e1scoa, na noite de sexta-feira, 13 de mar\u00e7o, e durante todo o s\u00e1bado, 14, comunidades eclesiais s\u00e3o convidadas a promover a abertura extraordin\u00e1ria de igrejas e capelas. A proposta \u00e9 oferecer aos fi\u00e9is a possibilidade de permanecer em ora\u00e7\u00e3o, participar de momentos de adora\u00e7\u00e3o e buscar o sacramento da reconcilia\u00e7\u00e3o. As portas abertas das igrejas tornam-se, assim, um sinal concreto do amor misericordioso de Deus.<\/p>\n<p style=\"text-align: justify;\">Para auxiliar as comunidades na realiza\u00e7\u00e3o da iniciativa, o Dicast\u00e9rio para a Evangeliza\u00e7\u00e3o disponibilizou um subs\u00eddio pastoral com roteiros para a ora\u00e7\u00e3o pessoal e sugest\u00f5es para celebra\u00e7\u00f5es comunit\u00e1rias. O material tamb\u00e9m orienta par\u00f3quias e dioceses sobre como organizar a programa\u00e7\u00e3o de ora\u00e7\u00e3o e atendimento de confiss\u00f5es ao longo das 24 horas.<\/p>\n<p style=\"text-align: justify;\">O <a href=\"https:\/\/www.evangelizatio.va\/content\/pcpne\/it\/attivita\/24ore\/24-ore-per-il-signore-2026.html\" target=\"_blank\" rel=\"noopener\">subs\u00eddio est\u00e1 dispon\u00edvel gratuitamente no site oficial do Dicast\u00e9rio<\/a>, em italiano, ingl\u00eas e espanhol, e refor\u00e7a o convite para que dioceses e par\u00f3quias de todo o mundo participem desse momento de ora\u00e7\u00e3o e reconcilia\u00e7\u00e3o no caminho de prepara\u00e7\u00e3o para a P\u00e1scoa.<\/p>\n<p>&nbsp;<\/p>\n<p>&nbsp;<\/p>\n<pre>Com informa\u00e7\u00f5es do Vatican News<\/pre>\n","protected":false},"excerpt":{"rendered":"<p>Em prepara\u00e7\u00e3o para a P\u00e1scoa, na noite dessa sexta-feira, 13 de mar\u00e7o, e durante todo o s\u00e1bado, 14, comunidades eclesiais s\u00e3o convidadas a promover a abertura extraordin\u00e1ria de igrejas e capelas. A proposta \u00e9 oferecer aos fi\u00e9is a possibilidade de permanecer em ora\u00e7\u00e3o, participar de momentos de adora\u00e7\u00e3o e buscar o sacramento da reconcilia\u00e7\u00e3o<\/p>\n","protected":false},"author":138,"featured_media":996014,"comment_status":"closed","ping_status":"closed","sticky":false,"template":"","format":"standard","meta":{"site-sidebar-layout":"default","site-content-layout":"default","ast-global-header-display":"","ast-banner-title-visibility":"","ast-main-header-display":"","ast-hfb-above-header-display":"","ast-hfb-below-header-display":"","ast-hfb-mobile-header-display":"","site-post-title":"","ast-breadcrumbs-content":"","ast-featured-img":"","footer-sml-layout":"","theme-transparent-header-meta":"default","adv-header-id-meta":"","stick-header-meta":"","header-above-stick-meta":"","header-main-stick-meta":"","header-below-stick-meta":""},"categories":[50,1851],"tags":[4366],"acf":[],"_links":{"self":[{"href":"https:\/\/www.cnbb.org.br\/cnbb-app\/wp\/v2\/posts\/996010"}],"collection":[{"href":"https:\/\/www.cnbb.org.br\/cnbb-app\/wp\/v2\/posts"}],"about":[{"href":"https:\/\/www.cnbb.org.br\/cnbb-app\/wp\/v2\/types\/post"}],"author":[{"embeddable":true,"href":"https:\/\/www.cnbb.org.br\/cnbb-app\/wp\/v2\/users\/138"}],"replies":[{"embeddable":true,"href":"https:\/\/www.cnbb.org.br\/cnbb-app\/wp\/v2\/comments?post=996010"}],"version-history":[{"count":5,"href":"https:\/\/www.cnbb.org.br\/cnbb-app\/wp\/v2\/posts\/996010\/revisions"}],"predecessor-version":[{"id":996016,"href":"https:\/\/www.cnbb.org.br\/cnbb-app\/wp\/v2\/posts\/996010\/revisions\/996016"}],"wp:featuredmedia":[{"embeddable":true,"href":"https:\/\/www.cnbb.org.br\/cnbb-app\/wp\/v2\/media\/996014"}],"wp:attachment":[{"href":"https:\/\/www.cnbb.org.br\/cnbb-app\/wp\/v2\/media?parent=996010"}],"wp:term":[{"taxonomy":"category","embeddable":true,"href":"https:\/\/www.cnbb.org.br\/cnbb-app\/wp\/v2\/categories?post=996010"},{"taxonomy":"post_tag","embeddable":true,"href":"https:\/\/www.cnbb.org.br\/cnbb-app\/wp\/v2\/tags?post=996010"}],"curies":[{"name":"wp","href":"https:\/\/api.w.org\/{rel}","templated":true}]}}