{"id":996040,"date":"2026-03-13T14:35:07","date_gmt":"2026-03-13T17:35:07","guid":{"rendered":"https:\/\/www.cnbb.org.br\/?p=996040"},"modified":"2026-03-13T14:35:07","modified_gmt":"2026-03-13T17:35:07","slug":"caminhada-penitencial-preparacao-para-a-pascoa","status":"publish","type":"post","link":"https:\/\/www.cnbb.org.br\/caminhada-penitencial-preparacao-para-a-pascoa\/","title":{"rendered":"Caminhadas penitenciais re\u00fanem fi\u00e9is de arqui\/dioceses para intensificar prepara\u00e7\u00e3o para a P\u00e1scoa"},"content":{"rendered":"<p>O Tempo da Quaresma prop\u00f5e aos fi\u00e9is uma caminhada rumo \u00e0 celebra\u00e7\u00e3o da P\u00e1scoa, assim como o longo caminho feito pelo povo de Deus rumo \u00e0 terra prometida, quando aconteceu a fuga do Egito. Aqui no Brasil, par\u00f3quias, dioceses e arquidioceses utilizam dessa refer\u00eancia para promover um momento celebrativo na viv\u00eancia da piedade quaresmal. As caminhadas penitenciais unem-se assim aos exerc\u00edcios de busca mais intensa de Deus e oportunidade para abertura \u00e0 convers\u00e3o.<\/p>\n<p>&nbsp;<\/p>\n<h3>300 mil pessoas<\/h3>\n<p>Na arquidiocese de Salvador (BA), 300 mil pessoas participaram da <a href=\"https:\/\/arquidiocesesalvador.org.br\/caminhada-penitencial-reuniu-cerca-de-300-mil-pessoas\/\" target=\"_blank\" rel=\"noopener\">Caminhada Penitencial que j\u00e1 soma mais de quarenta edi\u00e7\u00f5es<\/a>. Tr\u00eas pontos marcaram o in\u00edcio das concentra\u00e7\u00f5es dos fi\u00e9is, no dia 8 de mar\u00e7o. Dos bairros do Com\u00e9rcio, Lobato e Mares, os fi\u00e9is partiram rumo \u00e0 Colina Sagrada, onde est\u00e1 a Bas\u00edlica Santu\u00e1rio Senhor Bom Jesus do Bonfim.<\/p>\n<p>Logo cedo, em cada um dos tr\u00eas pontos, os fi\u00e9is rezaram o ter\u00e7o e participaram de uma missa presidida por um dos bispos da arquidiocese. O arcebispo, cardeal Sergio da Rocha, presidiu a eucaristia na Bas\u00edlica Santu\u00e1rio Nossa Senhora da Concei\u00e7\u00e3o da Praia. Ap\u00f3s as celebra\u00e7\u00f5es, os grupos seguiram em caminhada e se encontraram no Largo dos Mares, de onde continuaram juntos at\u00e9 a Bas\u00edlica Santu\u00e1rio Senhor Bom Jesus do Bonfim. Ao longo do trajeto, seis trios el\u00e9tricos conduziram momentos de ora\u00e7\u00e3o, c\u00e2nticos e reflex\u00f5es pr\u00f3prias do tempo quaresmal, guiados por padres da arquidiocese. Duas grandes cruzes foram carregadas pelos peregrinos no trajeto.<\/p>\n<p><img decoding=\"async\" loading=\"lazy\" class=\"alignnone size-full\" src=\"https:\/\/arquidiocesesalvador.org.br\/wp-content\/uploads\/2026\/03\/Caminhada-Penitencial-2026-Foto-Monique-Bastos-55-1.jpg\" alt=\"Caminhada Penitencial em Salvador (BA) | Foto: Monique Bastos\" width=\"1000\" height=\"667\" \/><\/p>\n<p>&nbsp;<\/p>\n<h3>Meditar sobre a pr\u00f3pria vida<\/h3>\n<p>Em Fortaleza (CE), a arquidiocese realizou, tamb\u00e9m no dia 8, a sua 15\u00aa Caminhada Penitencial. O percurso iniciou na Igreja Matriz da Par\u00f3quia Nossa Senhora da Sa\u00fade, no bairro Mucuripe, com o in\u00edcio da celebra\u00e7\u00e3o eucar\u00edstica, seguindo at\u00e9 a Catedral de Fortaleza. A Caminhada Penitencial constituiu o Ato Penitencial da pr\u00f3pria Missa, unindo ora\u00e7\u00e3o, reflex\u00e3o e manifesta\u00e7\u00e3o p\u00fablica de f\u00e9 ao longo do trajeto pelas ruas da capital cearense.<\/p>\n<p>A eucaristia foi presidida pelo arcebispo metropolitano, dom Greg\u00f3rio Paix\u00e3o. No in\u00edcio do exerc\u00edcio espiritual, o arcebispo convidou os fi\u00e9is a fazerem uma &#8220;grande medita\u00e7\u00e3o sobre a sua pr\u00f3pria vida&#8221; ao longo do caminho.<\/p>\n<figure id=\"attachment_996041\" aria-describedby=\"caption-attachment-996041\" style=\"width: 960px\" class=\"wp-caption aligncenter\"><img decoding=\"async\" loading=\"lazy\" class=\"size-full wp-image-996041\" src=\"https:\/\/www.cnbb.org.br\/wp-content\/uploads\/2026\/03\/08032026-dsc_8311-e1773422044901.jpg\" alt=\"Dom Greg\u00f3rio carrega a cruz durante caminhada\" width=\"960\" height=\"639\" srcset=\"https:\/\/www.cnbb.org.br\/wp-content\/uploads\/2026\/03\/08032026-dsc_8311-e1773422044901.jpg 960w, https:\/\/www.cnbb.org.br\/wp-content\/uploads\/2026\/03\/08032026-dsc_8311-e1773422044901-300x200.jpg 300w, https:\/\/www.cnbb.org.br\/wp-content\/uploads\/2026\/03\/08032026-dsc_8311-e1773422044901-768x511.jpg 768w, https:\/\/www.cnbb.org.br\/wp-content\/uploads\/2026\/03\/08032026-dsc_8311-e1773422044901-500x333.jpg 500w\" sizes=\"(max-width: 960px) 100vw, 960px\" \/><figcaption id=\"caption-attachment-996041\" class=\"wp-caption-text\">Dom Greg\u00f3rio carrega a cruz durante caminhada | Foto: Gabriel Ramos\/Sercom Arqfor<\/figcaption><\/figure>\n<p>Tamb\u00e9m durante o percurso, diversos sacerdotes atenderam confiss\u00f5es, oferecendo aos fi\u00e9is a oportunidade de vivenciar o sacramento da reconcilia\u00e7\u00e3o.<\/p>\n<p>&nbsp;<\/p>\n<h3>Juventude celebra CF 2026<\/h3>\n<p>Na arquidiocese de Belo Horizonte (MG), 1200 jovens da Regi\u00e3o Episcopal Nossa Senhora do Ros\u00e1rio participaram da II Caminhada Penitencial das Juventudes. A peregrina\u00e7\u00e3o teve como tema &#8220;Ele veio morar entre n\u00f3s&#8221; (Jo 1,14), refletindo a tem\u00e1tica da Campanha da Fraternidade deste ano.<\/p>\n<p>O bispo auxiliar da arquidiocese de Belo Horizonte, dom Joel Maria dos Santos, partilhou com alegria a realiza\u00e7\u00e3o da caminhada e destacou a proposta espiritual desse exerc\u00edcio quaresmal.<\/p>\n<blockquote><p>&#8220;Essa Peregrina\u00e7\u00e3o teve sua raz\u00e3o de ser pela for\u00e7a do encontro, da partliha, dos momentos de ora\u00e7\u00e3o, canto, reflex\u00e3o sintonizaods com a Campanha da Fraternidade deste ano, Fraternidade e Moradia. &#8216;Ele veio morar&#8217; entre n\u00f3s, armou a nossa tenda entre n\u00f3s. \u00c9 preciso alargar as tendas para incluir a todos, sobretudo os jovens, sejam quais forem. E assim, juntos, com toda a juventude, percorremos um caminho da peregrina\u00e7\u00e3o existencial, da peregrina\u00e7\u00e3o espiritual, juntos rumo ao encontro definitivo com o Pai&#8221;.<\/p><\/blockquote>\n<h3>Convers\u00e3o que se fortalece na comunidade<\/h3>\n<p>Na arquidiocese de Juiz de Fora, a programa\u00e7\u00e3o quaresmal prev\u00ea a realiza\u00e7\u00e3o de sete caminhadas penitenciais. A Igreja particular motivou os fi\u00e9is a iniciarem o caminho das pr\u00e1ticas quaresmais de forma individual, por meio da ora\u00e7\u00e3o pessoal, do jejum, na pr\u00e1tica da esmola e da revis\u00e3o sincera de vida. EM seguida, vem as pr\u00e1ticas expressas em celebra\u00e7\u00f5es e iniciativas vis\u00edveis e comunit\u00e1rias.<\/p>\n<blockquote><p>&#8220;Essa viv\u00eancia pessoal encontra sua plenitude na dimens\u00e3o comunit\u00e1ria, expressa nas programa\u00e7\u00f5es das par\u00f3quias \u2014 vias-sacras, celebra\u00e7\u00f5es penitenciais, momentos de adora\u00e7\u00e3o e mutir\u00f5es de confiss\u00e3o \u2014 que ajudam os fi\u00e9is a caminhar juntos rumo \u00e0 P\u00e1scoa. Assim, a convers\u00e3o individual se fortalece na comunidade, e a comunidade se renova a partir do compromisso sincero de cada um&#8221;.<\/p><\/blockquote>\n<h3>Caminhadas em par\u00f3quias<\/h3>\n<p>Tamb\u00e9m as par\u00f3quias t\u00eam promovido caminhadas em seus territ\u00f3rios. Em Queimados (PB), na diocese de Campina Grande, a <a href=\"https:\/\/diocesecg.org\/noticia\/91802\/fieis-participam-da-2??-caminhada-penitencial-da-paroquia-de-sao-pedro-e-sao-paulo-em-queimadas\" target=\"_blank\" rel=\"noopener\">par\u00f3quia de S\u00e3o Pedro e S\u00e3o Paulo realizou a caminhada penitencial no dia 1\u00ba de mar\u00e7o<\/a>, iniciando \u00e0s 4h30 da manh\u00e3. Os fi\u00e9is percorreram cerca de 7 quil\u00f4metros em dire\u00e7\u00e3o \u00e0 capela de Santa Clara de Assis, do S\u00edtio Olho D\u2019\u00c1gua, vivendo um momento de f\u00e9 e penit\u00eancia, marcado por ora\u00e7\u00e3o, sil\u00eancio, reflex\u00e3o e cantos. Ao final da caminhada, foi celebrada a Santa Missa no Gin\u00e1sio Poliesportivo do Olho D\u2019\u00c1gua, reunindo toda a comunidade.<\/p>\n<p><img decoding=\"async\" loading=\"lazy\" class=\"alignnone size-full\" src=\"https:\/\/cdn.diocesecg.org\/2026\/03\/foto_69a9914757313.jpg\" width=\"600\" height=\"450\" \/><\/p>\n<p>&nbsp;<\/p>\n<p>No Esp\u00edrito Santo, a par\u00f3quia Imaculado Cora\u00e7\u00e3o de Maria, em Pia\u00e7u, distrito de Muniz Freire, realizou a <a href=\"https:\/\/diocesecachoeiro.org.br\/cerca-de-700-fieis-participam-da-17a-caminhada-penitencial-em-piacu\/\" target=\"_blank\" rel=\"noopener\">17\u00aa edi\u00e7\u00e3o da Caminhada Penitencial<\/a>, reunindo cerca de 700 fi\u00e9is na madrugada do domingo, 8 de mar\u00e7o. Representantes das 19 comunidades que comp\u00f5em a par\u00f3quia participaram do percurso de aproximadamente 13 quil\u00f4metros, vivido como um verdadeiro itiner\u00e1rio espiritual no tempo da Quaresma.\u00a0Durante o trajeto, os peregrinos rezaram o Santo Ter\u00e7o, meditaram a Palavra de Deus e refletiram sobre o tema da Campanha da Fraternidade 2026.<\/p>\n<p><img decoding=\"async\" class=\"aligncenter\" src=\"https:\/\/diocesecachoeiro.org.br\/wp-content\/uploads\/2026\/03\/esse.jpeg\" \/><\/p>\n<p>&nbsp;<\/p>\n<p>J\u00e1 em Itapira, na diocese de Amparo (SP), <a href=\"https:\/\/diocesedeamparo.org.br\/caminhada-penitencial-reune-fieis-em-itapira\/\" target=\"_blank\" rel=\"noopener\">a par\u00f3quia S\u00e3o Judas Tadeu promove \u00e0s quartas e sextas-feiras a caminhada penitencial<\/a>, iniciando \u00e0s 5h30 da manh\u00e3. Os momentos celebrativos que intensificam a viv\u00eancia do tempo quaresmal t\u00eam reunido fi\u00e9is de diversas idades.<\/p>\n<p><img decoding=\"async\" loading=\"lazy\" class=\"aligncenter\" src=\"https:\/\/diocesedeamparo.org.br\/wp-content\/uploads\/2026\/02\/641475951_18126891397554521_4245364141366226955_n-768x1024.jpg\" width=\"280\" height=\"373\" \/><\/p>\n<pre>\r\nLuiz Lopes Jr.<\/pre>\n<pre>Foto de capa: La\u00e9rcio Peixoto via Arquidiocese de Fortaleza<\/pre>\n","protected":false},"excerpt":{"rendered":"<p>Em v\u00e1rias partes do Brasil, par\u00f3quias, arquidioceses e dioceses utilizam da refer\u00eancia da caminhada do povo rumo \u00e0 Terra Prometida para promover um momento celebrativo na viv\u00eancia da piedade quaresmal. As caminhadas penitenciais unem-se assim aos exerc\u00edcios de busca mais intensa de Deus e de abertura \u00e0 convers\u00e3o<\/p>\n","protected":false},"author":38,"featured_media":996044,"comment_status":"closed","ping_status":"closed","sticky":false,"template":"","format":"standard","meta":{"site-sidebar-layout":"default","site-content-layout":"default","ast-global-header-display":"","ast-banner-title-visibility":"","ast-main-header-display":"","ast-hfb-above-header-display":"","ast-hfb-below-header-display":"","ast-hfb-mobile-header-display":"","site-post-title":"","ast-breadcrumbs-content":"","ast-featured-img":"","footer-sml-layout":"","theme-transparent-header-meta":"default","adv-header-id-meta":"","stick-header-meta":"","header-above-stick-meta":"","header-main-stick-meta":"","header-below-stick-meta":""},"categories":[50,865],"tags":[],"acf":[],"_links":{"self":[{"href":"https:\/\/www.cnbb.org.br\/cnbb-app\/wp\/v2\/posts\/996040"}],"collection":[{"href":"https:\/\/www.cnbb.org.br\/cnbb-app\/wp\/v2\/posts"}],"about":[{"href":"https:\/\/www.cnbb.org.br\/cnbb-app\/wp\/v2\/types\/post"}],"author":[{"embeddable":true,"href":"https:\/\/www.cnbb.org.br\/cnbb-app\/wp\/v2\/users\/38"}],"replies":[{"embeddable":true,"href":"https:\/\/www.cnbb.org.br\/cnbb-app\/wp\/v2\/comments?post=996040"}],"version-history":[{"count":2,"href":"https:\/\/www.cnbb.org.br\/cnbb-app\/wp\/v2\/posts\/996040\/revisions"}],"predecessor-version":[{"id":996049,"href":"https:\/\/www.cnbb.org.br\/cnbb-app\/wp\/v2\/posts\/996040\/revisions\/996049"}],"wp:featuredmedia":[{"embeddable":true,"href":"https:\/\/www.cnbb.org.br\/cnbb-app\/wp\/v2\/media\/996044"}],"wp:attachment":[{"href":"https:\/\/www.cnbb.org.br\/cnbb-app\/wp\/v2\/media?parent=996040"}],"wp:term":[{"taxonomy":"category","embeddable":true,"href":"https:\/\/www.cnbb.org.br\/cnbb-app\/wp\/v2\/categories?post=996040"},{"taxonomy":"post_tag","embeddable":true,"href":"https:\/\/www.cnbb.org.br\/cnbb-app\/wp\/v2\/tags?post=996040"}],"curies":[{"name":"wp","href":"https:\/\/api.w.org\/{rel}","templated":true}]}}