{"id":996087,"date":"2026-03-16T08:36:31","date_gmt":"2026-03-16T11:36:31","guid":{"rendered":"https:\/\/www.cnbb.org.br\/?p=996087"},"modified":"2026-03-16T08:37:10","modified_gmt":"2026-03-16T11:37:10","slug":"com-maria-e-jose-no-caminho-pascal","status":"publish","type":"post","link":"https:\/\/www.cnbb.org.br\/com-maria-e-jose-no-caminho-pascal\/","title":{"rendered":"Com Maria e Jos\u00e9 no caminho pascal\u00a0"},"content":{"rendered":"<p style=\"text-align: right;\"><strong>Dom Leomar Ant\u00f4nio Brustolin\u00a0<\/strong><br \/>\n<strong>Arcebispo de Santa Maria (RS)\u00a0<\/strong><\/p>\n<p>&nbsp;<\/p>\n<p>&nbsp;<\/p>\n<p style=\"text-align: justify;\"><span data-contrast=\"auto\">Durante a Quaresma, a liturgia nos conduz ao mist\u00e9rio pascal de Cristo, mas tamb\u00e9m nos coloca na companhia de duas figuras decisivas da hist\u00f3ria da salva\u00e7\u00e3o: S\u00e3o Jos\u00e9, celebrado em 19 de mar\u00e7o, e a Anuncia\u00e7\u00e3o do Senhor, em 25 de mar\u00e7o. Essas festas, situadas no tempo quaresmal, remetem aos relatos da inf\u00e2ncia de Jesus e iluminam o caminho espiritual do disc\u00edpulo que deseja acolher a vontade de Deus mesmo em meio \u00e0s incertezas da vida.<\/span><span data-ccp-props=\"{&quot;134233117&quot;:false,&quot;134233118&quot;:false,&quot;201341983&quot;:0,&quot;335551550&quot;:6,&quot;335551620&quot;:6,&quot;335559738&quot;:0,&quot;335559739&quot;:0,&quot;335559740&quot;:360}\">\u00a0<\/span><\/p>\n<p style=\"text-align: justify;\"><b><span data-contrast=\"auto\">S\u00e3o Jos\u00e9: o\u00a0homem da\u00a0escuta\u00a0e da fidelidade<\/span><\/b><span data-ccp-props=\"{&quot;134233117&quot;:false,&quot;134233118&quot;:false,&quot;201341983&quot;:0,&quot;335551550&quot;:6,&quot;335551620&quot;:6,&quot;335559738&quot;:0,&quot;335559739&quot;:0,&quot;335559740&quot;:360}\">\u00a0<\/span><\/p>\n<p style=\"text-align: justify;\"><span data-contrast=\"auto\">S\u00e3o Jos\u00e9 aparece nos Evangelhos da inf\u00e2ncia, sobretudo em Mateus e Lucas. Em Mateus ele \u00e9 chamado de \u201cjusto\u201d (Mt\u00a01,19),\u00a0uma\u00a0express\u00e3o que, na tradi\u00e7\u00e3o b\u00edblica, indica algu\u00e9m que vive em profunda sintonia com Deus. Jos\u00e9 n\u00e3o \u00e9 apresentado como protagonista de discursos ou gestos extraordin\u00e1rios, mas como homem de escuta, capaz de discernir a a\u00e7\u00e3o de Deus nos acontecimentos. Diante da gravidez inesperada de Maria, sua vida \u00e9 atravessada por perplexidade e sofrimento. Contudo, no sil\u00eancio da noite, Deus lhe fala em sonho e o convida a acolher Maria e o Filho que nela se gera. Jos\u00e9 obedece\u00a0com prontid\u00e3o e confian\u00e7a, sem hesitar.<\/span><span data-ccp-props=\"{&quot;134233117&quot;:false,&quot;134233118&quot;:false,&quot;201341983&quot;:0,&quot;335551550&quot;:6,&quot;335551620&quot;:6,&quot;335559738&quot;:0,&quot;335559739&quot;:0,&quot;335559740&quot;:360}\">\u00a0<\/span><\/p>\n<p style=\"text-align: justify;\"><span data-contrast=\"auto\">Nesse gesto silencioso manifesta-se sua grandeza espiritual. Ele assume a paternidade legal de Jesus, protege a Sagrada Fam\u00edlia na fuga para o Egito e conduz o lar de Nazar\u00e9 com fidelidade. N\u00e3o transmite a vida biol\u00f3gica ao Filho de Deus, mas entrega-se totalmente ao servi\u00e7o do plano divino. S\u00e3o Jos\u00e9 revela que a verdadeira justi\u00e7a consiste em confiar em Deus,\u00a0mesmo quando os caminhos parecem obscuros. Como recorda S\u00e3o Jo\u00e3o Cris\u00f3stomo: \u201cJos\u00e9 mostrou-se grande n\u00e3o por aquilo que disse, mas pela prontid\u00e3o com que cumpriu a vontade de Deus\u201d.<\/span><span data-ccp-props=\"{&quot;134233117&quot;:false,&quot;134233118&quot;:false,&quot;201341983&quot;:0,&quot;335551550&quot;:6,&quot;335551620&quot;:6,&quot;335559738&quot;:0,&quot;335559739&quot;:0,&quot;335559740&quot;:360}\">\u00a0<\/span><\/p>\n<p style=\"text-align: justify;\"><b><span data-contrast=\"auto\">Maria: a mulher da plena disponibilidade e f\u00e9<\/span><\/b><span data-ccp-props=\"{&quot;134233117&quot;:false,&quot;134233118&quot;:false,&quot;201341983&quot;:0,&quot;335551550&quot;:6,&quot;335551620&quot;:6,&quot;335559738&quot;:0,&quot;335559739&quot;:0,&quot;335559740&quot;:360}\">\u00a0<\/span><\/p>\n<p style=\"text-align: justify;\"><span data-contrast=\"auto\">Se Jos\u00e9 \u00e9 o guardi\u00e3o fiel do mist\u00e9rio, Maria \u00e9 a mulher da plena disponibilidade. No relato da Anuncia\u00e7\u00e3o (Lc\u00a01,26-38), o anjo Gabriel revela-lhe que ela foi escolhida para ser a m\u00e3e do Salvador. Maria escuta, pergunta e discerne. Sua pergunta \u2014 \u201cComo acontecer\u00e1 isso?\u201d \u2014 n\u00e3o \u00e9 incredulidade, mas busca sincera de compreens\u00e3o diante do mist\u00e9rio. A resposta do anjo conduz ao cora\u00e7\u00e3o da f\u00e9: \u201cNada \u00e9 imposs\u00edvel para Deus\u201d.<\/span><br \/>\n<span data-contrast=\"auto\">O \u201csim\u201d de Maria \u2014 \u201cFa\u00e7a-se em mim segundo a tua palavra\u201d \u2014 \u00e9 uma ades\u00e3o total ao projeto divino. Trata-se de uma entrega que envolve toda a sua exist\u00eancia. Como afirma Santo Irineu, \u201cpela sua obedi\u00eancia, Maria tornou-se causa de salva\u00e7\u00e3o para si e para todo o g\u00eanero humano\u201d. Nela, a humanidade aprende a acolher a iniciativa de Deus com confian\u00e7a.<\/span><span data-ccp-props=\"{&quot;134233117&quot;:false,&quot;134233118&quot;:false,&quot;201341983&quot;:0,&quot;335551550&quot;:6,&quot;335551620&quot;:6,&quot;335559738&quot;:0,&quot;335559739&quot;:0,&quot;335559740&quot;:360}\">\u00a0<\/span><\/p>\n<p style=\"text-align: justify;\"><span data-contrast=\"auto\">A escolha do dia 25 de mar\u00e7o para celebrar a Anuncia\u00e7\u00e3o est\u00e1 ligada \u00e0 festa do Natal, nove meses depois. Na tradi\u00e7\u00e3o antiga, por\u00e9m, essa data era associada tamb\u00e9m ao in\u00edcio da cria\u00e7\u00e3o. Assim, a encarna\u00e7\u00e3o do Verbo inaugura simbolicamente um mundo novo.<\/span><span data-ccp-props=\"{&quot;134233117&quot;:false,&quot;134233118&quot;:false,&quot;201341983&quot;:0,&quot;335551550&quot;:6,&quot;335551620&quot;:6,&quot;335559738&quot;:0,&quot;335559739&quot;:0,&quot;335559740&quot;:360}\">\u00a0<\/span><\/p>\n<p style=\"text-align: justify;\"><b><span data-contrast=\"auto\">Conclus\u00e3o: o caminho de f\u00e9 de Maria e Jos\u00e9<\/span><\/b><span data-ccp-props=\"{&quot;134233117&quot;:false,&quot;134233118&quot;:false,&quot;201341983&quot;:0,&quot;335551550&quot;:6,&quot;335551620&quot;:6,&quot;335559738&quot;:0,&quot;335559739&quot;:0,&quot;335559740&quot;:360}\">\u00a0<\/span><\/p>\n<p style=\"text-align: justify;\"><span data-contrast=\"auto\">Contemplando Maria e Jos\u00e9 no caminho quaresmal, aprendemos que a P\u00e1scoa come\u00e7a com a disponibilidade de acolher Deus em nossa hist\u00f3ria. Eles nos ensinam que a f\u00e9 nasce da escuta, amadurece na confian\u00e7a e se realiza no servi\u00e7o humilde ao plano de Deus.<\/span><span data-ccp-props=\"{&quot;134233117&quot;:false,&quot;134233118&quot;:false,&quot;201341983&quot;:0,&quot;335551550&quot;:6,&quot;335551620&quot;:6,&quot;335559738&quot;:0,&quot;335559739&quot;:0,&quot;335559740&quot;:360}\">\u00a0<\/span><\/p>\n","protected":false},"excerpt":{"rendered":"<p>Dom Leomar Ant\u00f4nio Brustolin\u00a0 Arcebispo de Santa Maria (RS)\u00a0 &nbsp; &nbsp; Durante a Quaresma, a liturgia nos conduz ao mist\u00e9rio pascal de Cristo, mas tamb\u00e9m nos coloca na companhia de duas figuras decisivas da hist\u00f3ria da salva\u00e7\u00e3o: S\u00e3o Jos\u00e9, celebrado em 19 de mar\u00e7o, e a Anuncia\u00e7\u00e3o do Senhor, em 25 de mar\u00e7o. Essas festas, &hellip;<\/p>\n<p class=\"read-more\"> <a class=\"\" href=\"https:\/\/www.cnbb.org.br\/com-maria-e-jose-no-caminho-pascal\/\"> <span class=\"screen-reader-text\">Com Maria e Jos\u00e9 no caminho pascal\u00a0<\/span> Leia mais &raquo;<\/a><\/p>\n","protected":false},"author":46,"featured_media":0,"comment_status":"closed","ping_status":"closed","sticky":false,"template":"","format":"standard","meta":{"site-sidebar-layout":"default","site-content-layout":"default","ast-global-header-display":"","ast-banner-title-visibility":"","ast-main-header-display":"","ast-hfb-above-header-display":"","ast-hfb-below-header-display":"","ast-hfb-mobile-header-display":"","site-post-title":"","ast-breadcrumbs-content":"","ast-featured-img":"","footer-sml-layout":"","theme-transparent-header-meta":"default","adv-header-id-meta":"","stick-header-meta":"","header-above-stick-meta":"","header-main-stick-meta":"","header-below-stick-meta":""},"categories":[758],"tags":[],"acf":[],"_links":{"self":[{"href":"https:\/\/www.cnbb.org.br\/cnbb-app\/wp\/v2\/posts\/996087"}],"collection":[{"href":"https:\/\/www.cnbb.org.br\/cnbb-app\/wp\/v2\/posts"}],"about":[{"href":"https:\/\/www.cnbb.org.br\/cnbb-app\/wp\/v2\/types\/post"}],"author":[{"embeddable":true,"href":"https:\/\/www.cnbb.org.br\/cnbb-app\/wp\/v2\/users\/46"}],"replies":[{"embeddable":true,"href":"https:\/\/www.cnbb.org.br\/cnbb-app\/wp\/v2\/comments?post=996087"}],"version-history":[{"count":3,"href":"https:\/\/www.cnbb.org.br\/cnbb-app\/wp\/v2\/posts\/996087\/revisions"}],"predecessor-version":[{"id":996090,"href":"https:\/\/www.cnbb.org.br\/cnbb-app\/wp\/v2\/posts\/996087\/revisions\/996090"}],"wp:attachment":[{"href":"https:\/\/www.cnbb.org.br\/cnbb-app\/wp\/v2\/media?parent=996087"}],"wp:term":[{"taxonomy":"category","embeddable":true,"href":"https:\/\/www.cnbb.org.br\/cnbb-app\/wp\/v2\/categories?post=996087"},{"taxonomy":"post_tag","embeddable":true,"href":"https:\/\/www.cnbb.org.br\/cnbb-app\/wp\/v2\/tags?post=996087"}],"curies":[{"name":"wp","href":"https:\/\/api.w.org\/{rel}","templated":true}]}}