{"id":996096,"date":"2026-03-16T08:48:02","date_gmt":"2026-03-16T11:48:02","guid":{"rendered":"https:\/\/www.cnbb.org.br\/?p=996096"},"modified":"2026-03-16T08:55:07","modified_gmt":"2026-03-16T11:55:07","slug":"moradia-digna","status":"publish","type":"post","link":"https:\/\/www.cnbb.org.br\/moradia-digna\/","title":{"rendered":"Moradia digna\u00a0"},"content":{"rendered":"<p style=\"text-align: right;\"><strong>Dom Geraldo dos Reis Maia<br \/>\nBispo de Ara\u00e7ua\u00ed (MG)<\/strong><\/p>\n<p>&nbsp;<\/p>\n<p style=\"text-align: justify;\"><span data-contrast=\"auto\">A Campanha da Fraternidade deste ano (CF\/2026) nos convida a driblar nossas tend\u00eancias de fechamento e individualismo. \u00c9 um percurso de convers\u00e3o, com apelos para a abertura dos cora\u00e7\u00f5es, das mentes e das consci\u00eancias, muitas vezes endurecidos, bem como das estruturas sociais, muitas vezes injustas. Somos chamados a refletir sobre os graves desafios da moradia diante da triste realidade que enfrentamos. \u00c0 luz do lema: \u201cEle veio morar entre n\u00f3s\u201d (Jo\u00a01,14), esta importante Campanha nos ajuda\u00a0a\u00a0 buscar\u00a0inspira\u00e7\u00e3o para articular solu\u00e7\u00f5es concretas na busca de supera\u00e7\u00e3o desses desafios.<\/span><span data-ccp-props=\"{&quot;201341983&quot;:0,&quot;335551550&quot;:6,&quot;335551620&quot;:6,&quot;335559739&quot;:160,&quot;335559740&quot;:259}\">\u00a0<\/span><\/p>\n<p style=\"text-align: justify;\"><span data-contrast=\"auto\">O Texto-base da CF\/2026 nos apresenta elementos concretos da dura realidade da moradia. S\u00f3 a popula\u00e7\u00e3o em situa\u00e7\u00e3o de rua no Brasil, sem moradia, soma 327,9 mil pessoas, segundo o relat\u00f3rio da Universidade Federal de Minas Gerais. Cerca de 6.215.313 fam\u00edlias \u2013 n\u00e3o pessoas \u2013 vivem sem moradia pr\u00f3pria: vivem de aluguel, de favor, em albergues, asilos, em galp\u00f5es improvisados. Outro dado assustador \u00e9 que 26 milh\u00f5es de fam\u00edlias brasileiras moram em situa\u00e7\u00e3o inadequada. Nesse caso, s\u00e3o casas sem saneamento b\u00e1sico, com estruturas prec\u00e1rias, superlotadas ou sem seguran\u00e7a.<\/span><span data-ccp-props=\"{&quot;201341983&quot;:0,&quot;335551550&quot;:6,&quot;335551620&quot;:6,&quot;335559739&quot;:160,&quot;335559740&quot;:259}\">\u00a0<\/span><\/p>\n<p style=\"text-align: justify;\"><span data-contrast=\"auto\">A situa\u00e7\u00e3o preocupante que envolve a moradia n\u00e3o \u00e9 somente fen\u00f4meno das megal\u00f3poles, com suas in\u00fameras favelas, viadutos, marquises. Pequenas cidades do interior tamb\u00e9m vivem os desafios da moradia, nas periferias, mocambos e escombros&#8230; Mesmo na zona rural, os desafios s\u00e3o enormes! H\u00e1 casas mal constru\u00eddas, vulner\u00e1veis \u00e0s intemp\u00e9ries e sem nenhuma seguran\u00e7a. Seus moradores as foram construindo \u00e0 medida do poss\u00edvel, quase sempre sem recursos suficientes para realizar o sonho da moradia digna, restringindo-se a uma prote\u00e7\u00e3o m\u00ednima.<\/span><span data-ccp-props=\"{&quot;201341983&quot;:0,&quot;335551550&quot;:6,&quot;335551620&quot;:6,&quot;335559739&quot;:160,&quot;335559740&quot;:259}\">\u00a0<\/span><\/p>\n<p style=\"text-align: justify;\"><span data-contrast=\"auto\">Com toda a Igreja no Brasil, cantamos o hino da Campanha da Fraternidade. Tivemos oportunidade para refletir as palavras deste hino? Observe o\/a car\u00edssimo\/a leitor\/a\u00a0a\u00a0profundidade destas palavras que ecoam em nossas igrejas e encontros: \u201cNo caminho da vida sofrida\/ H\u00e1 irm\u00e3os sem abrigo, sem ch\u00e3o\/ Na cal\u00e7ada, no bairro, na espera\/ Brota o grito, o clamor do irm\u00e3o\/ Mas o Verbo se fez moradia\/ No pres\u00e9pio da simplicidade\/ Vem morar com o pobre sofrido\/ Transformando a dor em\u00a0bondade!\/\/ Ele veio morar entre n\u00f3s\/ Deus conosco em cada\u00a0irm\u00e3o!\/\u00a0Por um lar de amor e justi\u00e7a\/ Nosso canto as na\u00e7\u00f5es ouvir\u00e3o\u201d.<\/span><span data-ccp-props=\"{&quot;201341983&quot;:0,&quot;335551550&quot;:6,&quot;335551620&quot;:6,&quot;335559739&quot;:160,&quot;335559740&quot;:259}\">\u00a0<\/span><\/p>\n<p style=\"text-align: justify;\"><span data-contrast=\"auto\">Somos chamados, como seguidores do Crucificado-ressuscitado, a contemplar a sua\u00a0<\/span><i><span data-contrast=\"auto\">Via\u00a0Crucis<\/span><\/i><span data-contrast=\"auto\">\u00a0que teima em repetir-se em meio a n\u00f3s. Cada triste realidade, que diz respeito aos dramas da moradia hoje, \u00e9\u00a0um\u00a0 quadro\u00a0da Via-Sacra que vai se repetindo. Podemos ouvir o eco das palavras do Evangelho, a partir do quadro do Ju\u00edzo universal: \u201c&#8230;eu era forasteiro e me recebestes em casa&#8230; Quando foi te vimos forasteiro e te recebemos em casa?&#8230; Ent\u00e3o o Rei lhes responder\u00e1: em verdade, vos digo: todas as vezes que fizestes a um desses m\u00ednimos que s\u00e3o meus irm\u00e3os, foi a mim que o fizestes\u201d (Mt\u00a025,35c.38a.40).\u00a0<\/span><span data-ccp-props=\"{&quot;201341983&quot;:0,&quot;335551550&quot;:6,&quot;335551620&quot;:6,&quot;335559739&quot;:160,&quot;335559740&quot;:259}\">\u00a0<\/span><\/p>\n<p style=\"text-align: justify;\"><span data-contrast=\"auto\">Na dram\u00e1tica realidade da\u00a0moradia,\u00a0 Jesus\u00a0continua sendo martirizado. Somos, assim, chamados a descer da cruz os crucificados deste momento da hist\u00f3ria. Isso pode ser traduzido como trabalhar por pol\u00edticas p\u00fablicas que garantam moradia digna para todos, seja construindo mais casas, seja melhorando as condi\u00e7\u00f5es das moradias prec\u00e1rias, onde faltam banheiro, quartos para os filhos e reparti\u00e7\u00f5es suficientes para todos da fam\u00edlia, garantindo a dignidade do lar como lugar existencial de intera\u00e7\u00e3o e de harmonia.<\/span><span data-ccp-props=\"{&quot;201341983&quot;:0,&quot;335551550&quot;:6,&quot;335551620&quot;:6,&quot;335559739&quot;:160,&quot;335559740&quot;:259}\">\u00a0<\/span><\/p>\n<p style=\"text-align: justify;\"><span data-contrast=\"auto\">Al\u00e9m da luta por pol\u00edticas p\u00fablicas, \u00e9 preciso deixar-se questionar, embalados por uma antiga e bela can\u00e7\u00e3o: \u201cPara mim a chuva no telhado\/ \u00c9 cantiga de ninar\/ Mas o pobre meu irm\u00e3o\/ Para ele a chuva fria\/ Vai entrando em seu barraco\/ E faz lama pelo ch\u00e3o\/ Como posso\/ Ter sono sossegado\/ Se no dia que passou\/ Os meus bra\u00e7os eu\u00a0cruzei?\/\/ Como posso ser feliz\/ Se ao pobre meu irm\u00e3o\/ Eu fechei meu cora\u00e7\u00e3o\/ Meu amor eu recusei?\u201d (Balada da caridade, Ir. Irene &amp; Ir. Rita). Trata-se de um amor- compaix\u00e3o, uma atitude concreta. H\u00e1 iniciativas simples de pessoas simples, que se unem para realizar grandes coisas: melhorar as condi\u00e7\u00f5es de moradia de tantas fam\u00edlias, contando com a solidariedade de irm\u00e3os e irm\u00e3s. Quanta a\u00e7\u00e3o concreta em mutir\u00e3o j\u00e1 foi realizada nesse sentido! Muitas coisas podem continuar sendo feitas a partir de iniciativas simples, pessoais e comunit\u00e1rias. Vamos l\u00e1?<\/span><span data-ccp-props=\"{&quot;201341983&quot;:0,&quot;335551550&quot;:6,&quot;335551620&quot;:6,&quot;335559739&quot;:160,&quot;335559740&quot;:259}\">\u00a0<\/span><\/p>\n<p style=\"text-align: justify;\"><span data-contrast=\"auto\">O Texto-base da CF\/2026 nos convoca a agir concretamente diante da dram\u00e1tica realidade da moradia em nosso pa\u00eds, \u00e0 luz esperan\u00e7osa da profecia de Isa\u00edas: \u201cVou\u00a0criar novos\u00a0c\u00e9us e nova terra! (&#8230;) Construir\u00e3o casas, e nelas habitar\u00e3o; plantar\u00e3o vinhas, e comer\u00e3o seus frutos. N\u00e3o edificar\u00e3o para que outro more; nem plantar\u00e3o para que outro coma\u201d (Is\u00a065,17a.21-22a). As propostas de a\u00e7\u00e3o concreta s\u00e3o apresentadas em quatro dimens\u00f5es: a\u00e7\u00e3o comunit\u00e1ria, a\u00e7\u00e3o eclesial, a\u00e7\u00e3o educativa e a\u00e7\u00e3o sociopol\u00edtica. E o documento, no seu \u00faltimo par\u00e1grafo (n\u00ba 182) nos envia em miss\u00e3o:<\/span><span data-ccp-props=\"{&quot;201341983&quot;:0,&quot;335551550&quot;:6,&quot;335551620&quot;:6,&quot;335559739&quot;:160,&quot;335559740&quot;:259}\">\u00a0<\/span><\/p>\n<p style=\"text-align: justify;\"><span data-contrast=\"auto\">\u201cA nossa f\u00e9 nos garante que o Reino j\u00e1 \u00e9 dado em gra\u00e7a, mas s\u00f3 acontecer\u00e1 se for constru\u00eddo, e esta constru\u00e7\u00e3o tem um processo hist\u00f3rico, que exige a interven\u00e7\u00e3o pr\u00e1tica dos crist\u00e3os. Ent\u00e3o, m\u00e3os \u00e0 obra! \u00c9 o Senhor quem nos envia, nos sustenta e nos conduz. Interceda por n\u00f3s a Virgem Maria, e sua sagrada fam\u00edlia, peregrina, refugiada, marginal e sem-teto\u201d. H\u00e1 muito o que ser feito. \u00c9 preciso assumir nossa miss\u00e3o diante dos desafios da triste realidade, sabendo que n\u00e3o estamos sozinhos, pois \u201cEle veio morar entre n\u00f3s\u201d (Jo\u00a01,14).<\/span><span data-ccp-props=\"{&quot;201341983&quot;:0,&quot;335551550&quot;:6,&quot;335551620&quot;:6,&quot;335559739&quot;:160,&quot;335559740&quot;:259}\">\u00a0<\/span><\/p>\n","protected":false},"excerpt":{"rendered":"<p>Dom Geraldo dos Reis Maia Bispo de Ara\u00e7ua\u00ed (MG) &nbsp; A Campanha da Fraternidade deste ano (CF\/2026) nos convida a driblar nossas tend\u00eancias de fechamento e individualismo. \u00c9 um percurso de convers\u00e3o, com apelos para a abertura dos cora\u00e7\u00f5es, das mentes e das consci\u00eancias, muitas vezes endurecidos, bem como das estruturas sociais, muitas vezes injustas. &hellip;<\/p>\n<p class=\"read-more\"> <a class=\"\" href=\"https:\/\/www.cnbb.org.br\/moradia-digna\/\"> <span class=\"screen-reader-text\">Moradia digna\u00a0<\/span> Leia mais &raquo;<\/a><\/p>\n","protected":false},"author":2847,"featured_media":0,"comment_status":"closed","ping_status":"closed","sticky":false,"template":"","format":"standard","meta":{"site-sidebar-layout":"default","site-content-layout":"default","ast-global-header-display":"","ast-banner-title-visibility":"","ast-main-header-display":"","ast-hfb-above-header-display":"","ast-hfb-below-header-display":"","ast-hfb-mobile-header-display":"","site-post-title":"","ast-breadcrumbs-content":"","ast-featured-img":"","footer-sml-layout":"","theme-transparent-header-meta":"default","adv-header-id-meta":"","stick-header-meta":"","header-above-stick-meta":"","header-main-stick-meta":"","header-below-stick-meta":""},"categories":[758,1837],"tags":[],"acf":[],"_links":{"self":[{"href":"https:\/\/www.cnbb.org.br\/cnbb-app\/wp\/v2\/posts\/996096"}],"collection":[{"href":"https:\/\/www.cnbb.org.br\/cnbb-app\/wp\/v2\/posts"}],"about":[{"href":"https:\/\/www.cnbb.org.br\/cnbb-app\/wp\/v2\/types\/post"}],"author":[{"embeddable":true,"href":"https:\/\/www.cnbb.org.br\/cnbb-app\/wp\/v2\/users\/2847"}],"replies":[{"embeddable":true,"href":"https:\/\/www.cnbb.org.br\/cnbb-app\/wp\/v2\/comments?post=996096"}],"version-history":[{"count":2,"href":"https:\/\/www.cnbb.org.br\/cnbb-app\/wp\/v2\/posts\/996096\/revisions"}],"predecessor-version":[{"id":996098,"href":"https:\/\/www.cnbb.org.br\/cnbb-app\/wp\/v2\/posts\/996096\/revisions\/996098"}],"wp:attachment":[{"href":"https:\/\/www.cnbb.org.br\/cnbb-app\/wp\/v2\/media?parent=996096"}],"wp:term":[{"taxonomy":"category","embeddable":true,"href":"https:\/\/www.cnbb.org.br\/cnbb-app\/wp\/v2\/categories?post=996096"},{"taxonomy":"post_tag","embeddable":true,"href":"https:\/\/www.cnbb.org.br\/cnbb-app\/wp\/v2\/tags?post=996096"}],"curies":[{"name":"wp","href":"https:\/\/api.w.org\/{rel}","templated":true}]}}