{"id":996106,"date":"2026-03-16T12:49:58","date_gmt":"2026-03-16T15:49:58","guid":{"rendered":"https:\/\/www.cnbb.org.br\/?p=996106"},"modified":"2026-03-16T13:06:29","modified_gmt":"2026-03-16T16:06:29","slug":"fns-2025-casa-acolhimento-toca-de-assis-energia-solar","status":"publish","type":"post","link":"https:\/\/www.cnbb.org.br\/fns-2025-casa-acolhimento-toca-de-assis-energia-solar\/","title":{"rendered":"Com\u00a0energia solar, casa de acolhimento direciona\u00a0recursos para assist\u00eancia a pessoas em situa\u00e7\u00e3o de rua"},"content":{"rendered":"<p><span data-contrast=\"auto\">Em 2025, a Campanha da Fraternidade teve como tema \u201cFraternidade e Ecologia Integral\u201d e os\u00a0recursos do Fundo Nacional de Solidariedade de 2025\u00a0atenderam\u00a0diversos projetos de transi\u00e7\u00e3o energ\u00e9tica. Um deles, permitiu a\u00a0redu\u00e7\u00e3o dos custos com energia el\u00e9trica da Casa de Acolhimento da Toca de\u00a0Assis\u00a0em Sete\u00a0Lagoas (MG),\u00a0com a consequente\u00a0melhoria do atendimento \u00e0 popula\u00e7\u00e3o em situa\u00e7\u00e3o de rua.\u00a0<\/span><span data-ccp-props=\"{&quot;134233117&quot;:false,&quot;134233118&quot;:false,&quot;201341983&quot;:0,&quot;335551550&quot;:1,&quot;335551620&quot;:1,&quot;335559685&quot;:0,&quot;335559737&quot;:0,&quot;335559738&quot;:0,&quot;335559739&quot;:160,&quot;335559740&quot;:279}\">\u00a0<\/span><\/p>\n<p><span data-contrast=\"auto\">A Casa de Acolhimento dos Filhos da Pobreza do Sant\u00edssimo Sacramento apresentou o projeto \u201cEcologia e Solidariedade: Energia Solar a servi\u00e7o da Ecologia Integral e da Promo\u00e7\u00e3o Humana\u201d, com o objetivo de instalar o sistema de energia solar fotovoltaica\u00a0e assim\u00a0reduzir os cursos com\u00a0energia el\u00e9trica, principalmente os gerados por chuveiros e lavanderia social.\u00a0<\/span><span data-ccp-props=\"{&quot;134233117&quot;:false,&quot;134233118&quot;:false,&quot;201341983&quot;:0,&quot;335551550&quot;:1,&quot;335551620&quot;:1,&quot;335559685&quot;:0,&quot;335559737&quot;:0,&quot;335559738&quot;:0,&quot;335559739&quot;:160,&quot;335559740&quot;:279}\">\u00a0<\/span><\/p>\n<p><span data-contrast=\"auto\">Com a instala\u00e7\u00e3o, foi poss\u00edvel promover sustentabilidade ambiental, autonomia financeira e melhores condi\u00e7\u00f5es de vida aos acolhidos, na perspectiva da ecologia integral,\u00a0que al\u00e9m de cuidar da vida do planeta promove e garante a dignidade da pessoa humana.\u00a0<\/span><span data-ccp-props=\"{&quot;134233117&quot;:false,&quot;134233118&quot;:false,&quot;201341983&quot;:0,&quot;335551550&quot;:1,&quot;335551620&quot;:1,&quot;335559685&quot;:0,&quot;335559737&quot;:0,&quot;335559738&quot;:0,&quot;335559739&quot;:160,&quot;335559740&quot;:279}\">\u00a0<\/span><\/p>\n<p><span data-contrast=\"auto\">Ao economizar com energia el\u00e9trica, a casa de acolhimento pretende aumentar a\u00a0capacidade de investimento em alimenta\u00e7\u00e3o, higiene, sa\u00fade e reintegra\u00e7\u00e3o social dos assistidos.\u00a0<\/span><span data-ccp-props=\"{&quot;134233117&quot;:false,&quot;134233118&quot;:false,&quot;201341983&quot;:0,&quot;335551550&quot;:1,&quot;335551620&quot;:1,&quot;335559685&quot;:0,&quot;335559737&quot;:0,&quot;335559738&quot;:0,&quot;335559739&quot;:160,&quot;335559740&quot;:279}\">\u00a0<\/span><\/p>\n<blockquote><p><span data-contrast=\"auto\">\u201cCom a energia solar, ser\u00e1 poss\u00edvel direcionar os recursos economizados para os\u00a0programas sociais, potencializando a\u00e7\u00f5es de assist\u00eancia para aquelas e aqueles que acessam a Casa.\u00a0Trata-se de uma iniciativa concreta que une f\u00e9, caridade e responsabilidade ecol\u00f3gica, promovendo uma cultura de paz, justi\u00e7a e cuidado com os mais vulner\u00e1veis e com o planeta\u201d,\u00a0explicou\u00a0o respons\u00e1vel pelo projeto, Fabr\u00edcio Santos Muniz Pereira.<\/span><span data-ccp-props=\"{&quot;134233117&quot;:false,&quot;134233118&quot;:false,&quot;201341983&quot;:0,&quot;335551550&quot;:1,&quot;335551620&quot;:1,&quot;335559685&quot;:0,&quot;335559737&quot;:0,&quot;335559738&quot;:0,&quot;335559739&quot;:160,&quot;335559740&quot;:279}\">\u00a0<\/span><\/p><\/blockquote>\n<p><span data-contrast=\"auto\">O projeto tem beneficiado diretamente 70 pessoas. De forma indireta, cerca de 150 pessoas s\u00e3o atingidas.\u00a0<\/span><span data-ccp-props=\"{&quot;134233117&quot;:false,&quot;134233118&quot;:false,&quot;201341983&quot;:0,&quot;335551550&quot;:1,&quot;335551620&quot;:1,&quot;335559685&quot;:0,&quot;335559737&quot;:0,&quot;335559738&quot;:0,&quot;335559739&quot;:160,&quot;335559740&quot;:279}\">\u00a0<\/span><\/p>\n<div id='gallery-1' class='gallery galleryid-996106 gallery-columns-2 gallery-size-full'><figure class='gallery-item'>\n\t\t\t<div class='gallery-icon portrait'>\n\t\t\t\t<a href='https:\/\/www.cnbb.org.br\/wp-content\/uploads\/2026\/03\/Captura-de-tela-2026-03-16-104214-e1773668969755.png' title=\"\" data-rl_title=\"\" class=\"rl-gallery-link\" data-rl_caption=\"\" data-rel=\"lightbox-gallery-1\"><img width=\"635\" height=\"690\" src=\"https:\/\/www.cnbb.org.br\/wp-content\/uploads\/2026\/03\/Captura-de-tela-2026-03-16-104214-e1773668969755.png\" class=\"attachment-full size-full\" alt=\"\" decoding=\"async\" loading=\"lazy\" srcset=\"https:\/\/www.cnbb.org.br\/wp-content\/uploads\/2026\/03\/Captura-de-tela-2026-03-16-104214-e1773668969755.png 635w, https:\/\/www.cnbb.org.br\/wp-content\/uploads\/2026\/03\/Captura-de-tela-2026-03-16-104214-e1773668969755-276x300.png 276w, https:\/\/www.cnbb.org.br\/wp-content\/uploads\/2026\/03\/Captura-de-tela-2026-03-16-104214-e1773668969755-500x543.png 500w\" sizes=\"(max-width: 635px) 100vw, 635px\" \/><\/a>\n\t\t\t<\/div><\/figure><figure class='gallery-item'>\n\t\t\t<div class='gallery-icon portrait'>\n\t\t\t\t<a href='https:\/\/www.cnbb.org.br\/wp-content\/uploads\/2026\/03\/Captura-de-tela-2026-03-16-104154.png' title=\"\" data-rl_title=\"\" class=\"rl-gallery-link\" data-rl_caption=\"\" data-rel=\"lightbox-gallery-1\"><img width=\"661\" height=\"716\" src=\"https:\/\/www.cnbb.org.br\/wp-content\/uploads\/2026\/03\/Captura-de-tela-2026-03-16-104154.png\" class=\"attachment-full size-full\" alt=\"\" decoding=\"async\" loading=\"lazy\" srcset=\"https:\/\/www.cnbb.org.br\/wp-content\/uploads\/2026\/03\/Captura-de-tela-2026-03-16-104154.png 661w, https:\/\/www.cnbb.org.br\/wp-content\/uploads\/2026\/03\/Captura-de-tela-2026-03-16-104154-277x300.png 277w, https:\/\/www.cnbb.org.br\/wp-content\/uploads\/2026\/03\/Captura-de-tela-2026-03-16-104154-500x542.png 500w\" sizes=\"(max-width: 661px) 100vw, 661px\" \/><\/a>\n\t\t\t<\/div><\/figure>\n\t\t<\/div>\n\n<p>&nbsp;<\/p>\n<p><span data-contrast=\"auto\">Segundo a Toca de Assis, al\u00e9m da instala\u00e7\u00e3o do sistema fotovoltaico, o projeto inclui atividades formativas como palestras, rodas de conversa, oficinas e semin\u00e1rios voltados \u00e0 conscientiza\u00e7\u00e3o sobre ecologia, sustentabilidade e solidariedade. Essas a\u00e7\u00f5es educativas t\u00eam envolvido os acolhidos, os volunt\u00e1rios e membros da comunidade, fortalecendo o compromisso com o cuidado da cria\u00e7\u00e3o e o servi\u00e7o aos mais necessitados.<\/span><span data-ccp-props=\"{&quot;134233117&quot;:false,&quot;134233118&quot;:false,&quot;201341983&quot;:0,&quot;335551550&quot;:1,&quot;335551620&quot;:1,&quot;335559685&quot;:0,&quot;335559737&quot;:0,&quot;335559738&quot;:0,&quot;335559739&quot;:160,&quot;335559740&quot;:279}\">\u00a0<\/span><\/p>\n<p><span data-ccp-props=\"{&quot;134233117&quot;:false,&quot;134233118&quot;:false,&quot;201341983&quot;:0,&quot;335551550&quot;:1,&quot;335551620&quot;:1,&quot;335559685&quot;:0,&quot;335559737&quot;:0,&quot;335559738&quot;:0,&quot;335559739&quot;:160,&quot;335559740&quot;:279}\">\u00a0<\/span><\/p>\n<p><span data-ccp-props=\"{&quot;134233117&quot;:false,&quot;134233118&quot;:false,&quot;201341983&quot;:0,&quot;335551550&quot;:1,&quot;335551620&quot;:1,&quot;335559685&quot;:0,&quot;335559737&quot;:0,&quot;335559738&quot;:0,&quot;335559739&quot;:160,&quot;335559740&quot;:279}\">\u00a0<\/span><\/p>\n<h3 aria-level=\"3\"><span data-contrast=\"none\">Coleta Nacional da Solidariedade<\/span><span data-ccp-props=\"{&quot;134233117&quot;:false,&quot;134233118&quot;:false,&quot;134245418&quot;:true,&quot;134245529&quot;:true,&quot;335551550&quot;:6,&quot;335551620&quot;:6,&quot;335557856&quot;:16777215,&quot;335559738&quot;:0,&quot;335559739&quot;:0}\">\u00a0<\/span><\/h3>\n<p><span data-contrast=\"none\">A realiza\u00e7\u00e3o de projetos como este \u00e9 poss\u00edvel gra\u00e7as \u00e0 Coleta Nacional da Solidariedade, gesto concreto da Campanha da Fraternidade realizado nas comunidades cat\u00f3licas de todo o pa\u00eds.<\/span><span data-ccp-props=\"{&quot;134233117&quot;:false,&quot;134233118&quot;:false,&quot;335551550&quot;:6,&quot;335551620&quot;:6,&quot;335557856&quot;:16777215,&quot;335559738&quot;:0,&quot;335559739&quot;:150}\">\u00a0<\/span><\/p>\n<p><span data-contrast=\"none\">Em 2026, a Campanha da Fraternidade tem como tema \u201cFraternidade e Moradia\u201d, convidando a sociedade a refletir sobre o direito \u00e0 moradia digna e as condi\u00e7\u00f5es de vida das fam\u00edlias, especialmente das mais vulner\u00e1veis.<\/span><span data-ccp-props=\"{&quot;134233117&quot;:false,&quot;134233118&quot;:false,&quot;335551550&quot;:6,&quot;335551620&quot;:6,&quot;335557856&quot;:16777215,&quot;335559738&quot;:0,&quot;335559739&quot;:150}\">\u00a0<\/span><\/p>\n<p><span data-contrast=\"none\">A coleta deste ano acontecer\u00e1 nos dias 28 e 29 de mar\u00e7o, durante as celebra\u00e7\u00f5es do Domingo de Ramos. Os recursos arrecadados s\u00e3o destinados ao Fundo Nacional de Solidariedade e aos fundos diocesanos, que apoiam projetos sociais em diversas regi\u00f5es do Brasil.<\/span><span data-ccp-props=\"{&quot;134233117&quot;:false,&quot;134233118&quot;:false,&quot;335551550&quot;:6,&quot;335551620&quot;:6,&quot;335557856&quot;:16777215,&quot;335559738&quot;:0,&quot;335559739&quot;:150}\">\u00a0<\/span><\/p>\n<p><span data-contrast=\"none\">Ao participar da coleta, os fi\u00e9is contribuem diretamente para que novas iniciativas de promo\u00e7\u00e3o da dignidade humana e transforma\u00e7\u00e3o social possam ser apoiadas, ampliando gestos concretos de solidariedade nas comunidades.<\/span><span data-ccp-props=\"{&quot;134233117&quot;:false,&quot;134233118&quot;:false,&quot;335551550&quot;:6,&quot;335551620&quot;:6,&quot;335557856&quot;:16777215,&quot;335559738&quot;:0,&quot;335559739&quot;:150}\">\u00a0<\/span><\/p>\n<p aria-level=\"3\"><em><strong>Saiba mais:<\/strong><\/em><\/p>\n<p><span data-contrast=\"none\">&gt;&gt; Conhe\u00e7a o site de Campanhas da CNBB \u2013 <\/span><a href=\"https:\/\/campanhas.cnbb.org.br\/\" target=\"_blank\" rel=\"noopener\"><span data-contrast=\"none\">Campanhas \u2013 CNBB<\/span><\/a><span data-ccp-props=\"{&quot;134233117&quot;:false,&quot;134233118&quot;:false,&quot;335551550&quot;:6,&quot;335551620&quot;:6,&quot;335557856&quot;:16777215,&quot;335559738&quot;:0,&quot;335559739&quot;:150}\">\u00a0<\/span><\/p>\n<p><span data-contrast=\"none\">&gt;&gt; Conhe\u00e7a o site do Fundo Nacional de Solidariedade \u2013 <\/span><a href=\"https:\/\/fns.cnbb.org.br\/fundo\/informativo\/index\" target=\"_blank\" rel=\"noopener\"><span data-contrast=\"none\">CNBB \u2013 Confer\u00eancia Nacional dos Bispos do Brasil<\/span><\/a><span data-ccp-props=\"{&quot;134233117&quot;:false,&quot;134233118&quot;:false,&quot;335551550&quot;:6,&quot;335551620&quot;:6,&quot;335557856&quot;:16777215,&quot;335559738&quot;:0,&quot;335559739&quot;:150}\">\u00a0<\/span><\/p>\n","protected":false},"excerpt":{"rendered":"<p>Projeto da Casa\u00a0de\u00a0Acolhimento dos Filhos da Pobreza do Sant\u00edssimo Sacramento, em Sete Lagoas (MG), foi\u00a0apoiado pelos recursos do Fundo Nacional de Solidariedade (FNS). CF 2025 sobre a ecologia integral estabeleceu como um de seus eixos o apoio a projetos de economia alternativa e transi\u00e7\u00e3o energ\u00e9tica<\/p>\n","protected":false},"author":38,"featured_media":996108,"comment_status":"closed","ping_status":"closed","sticky":false,"template":"","format":"standard","meta":{"site-sidebar-layout":"default","site-content-layout":"default","ast-global-header-display":"","ast-banner-title-visibility":"","ast-main-header-display":"","ast-hfb-above-header-display":"","ast-hfb-below-header-display":"","ast-hfb-mobile-header-display":"","site-post-title":"","ast-breadcrumbs-content":"","ast-featured-img":"","footer-sml-layout":"","theme-transparent-header-meta":"default","adv-header-id-meta":"","stick-header-meta":"","header-above-stick-meta":"","header-main-stick-meta":"","header-below-stick-meta":""},"categories":[50,760],"tags":[],"acf":[],"_links":{"self":[{"href":"https:\/\/www.cnbb.org.br\/cnbb-app\/wp\/v2\/posts\/996106"}],"collection":[{"href":"https:\/\/www.cnbb.org.br\/cnbb-app\/wp\/v2\/posts"}],"about":[{"href":"https:\/\/www.cnbb.org.br\/cnbb-app\/wp\/v2\/types\/post"}],"author":[{"embeddable":true,"href":"https:\/\/www.cnbb.org.br\/cnbb-app\/wp\/v2\/users\/38"}],"replies":[{"embeddable":true,"href":"https:\/\/www.cnbb.org.br\/cnbb-app\/wp\/v2\/comments?post=996106"}],"version-history":[{"count":4,"href":"https:\/\/www.cnbb.org.br\/cnbb-app\/wp\/v2\/posts\/996106\/revisions"}],"predecessor-version":[{"id":996126,"href":"https:\/\/www.cnbb.org.br\/cnbb-app\/wp\/v2\/posts\/996106\/revisions\/996126"}],"wp:featuredmedia":[{"embeddable":true,"href":"https:\/\/www.cnbb.org.br\/cnbb-app\/wp\/v2\/media\/996108"}],"wp:attachment":[{"href":"https:\/\/www.cnbb.org.br\/cnbb-app\/wp\/v2\/media?parent=996106"}],"wp:term":[{"taxonomy":"category","embeddable":true,"href":"https:\/\/www.cnbb.org.br\/cnbb-app\/wp\/v2\/categories?post=996106"},{"taxonomy":"post_tag","embeddable":true,"href":"https:\/\/www.cnbb.org.br\/cnbb-app\/wp\/v2\/tags?post=996106"}],"curies":[{"name":"wp","href":"https:\/\/api.w.org\/{rel}","templated":true}]}}