{"id":996107,"date":"2026-03-16T11:18:07","date_gmt":"2026-03-16T14:18:07","guid":{"rendered":"https:\/\/www.cnbb.org.br\/?p=996107"},"modified":"2026-03-16T12:00:07","modified_gmt":"2026-03-16T15:00:07","slug":"desafios-da-moradia-digna-no-brasil-entrevista-com-coordenador-da-pastoral-da-moradia-e-favela","status":"publish","type":"post","link":"https:\/\/www.cnbb.org.br\/desafios-da-moradia-digna-no-brasil-entrevista-com-coordenador-da-pastoral-da-moradia-e-favela\/","title":{"rendered":"Desafios da moradia digna no Brasil: entrevista com coordenador da Pastoral da Moradia e Favela\u00a0"},"content":{"rendered":"<p style=\"text-align: justify;\">A luta por moradia digna no Brasil acompanha a hist\u00f3ria do pa\u00eds e mobiliza, h\u00e1 d\u00e9cadas, movimentos sociais, associa\u00e7\u00f5es e iniciativas da sociedade civil em defesa das popula\u00e7\u00f5es mais pobres. Nesse contexto, a\u00a0Pastoral da Moradia e Favela\u00a0tem atuado para fortalecer a organiza\u00e7\u00e3o popular e incentivar a\u00e7\u00f5es em favor do direito \u00e0 casa pr\u00f3pria e a melhores condi\u00e7\u00f5es de vida nas periferias.<\/p>\n<p style=\"text-align: justify;\">Uma das respons\u00e1veis por sugerir o tema da Campanha da Fraternidade 2026 &#8211; \u201cFraternidade e Moradia\u201d -, a pastoral busca ampliar o debate sobre o direito \u00e0 moradia no pa\u00eds. Para aprofundar o assunto, a Assessoria de Comunica\u00e7\u00e3o da Confer\u00eancia Nacional dos Bispos do Brasil (CNBB) conversou com frei Marcelo Guimar\u00e3es, coordenador nacional da Pastoral da Moradia e Favela e respons\u00e1vel pelo servi\u00e7o de Justi\u00e7a, Paz e Integridade da Cria\u00e7\u00e3o dos Frades Capuchinhos do Brasil, al\u00e9m de assessor da Comiss\u00e3o de Justi\u00e7a e Paz do regional Sul 1 da CNBB.<\/p>\n<p><img decoding=\"async\" loading=\"lazy\" class=\"aligncenter wp-image-996122 \" src=\"https:\/\/www.cnbb.org.br\/wp-content\/uploads\/2026\/03\/Captura-de-tela-2026-03-16-115831-1024x571.png\" alt=\"\" width=\"583\" height=\"325\" srcset=\"https:\/\/www.cnbb.org.br\/wp-content\/uploads\/2026\/03\/Captura-de-tela-2026-03-16-115831-1024x571.png 1024w, https:\/\/www.cnbb.org.br\/wp-content\/uploads\/2026\/03\/Captura-de-tela-2026-03-16-115831-300x167.png 300w, https:\/\/www.cnbb.org.br\/wp-content\/uploads\/2026\/03\/Captura-de-tela-2026-03-16-115831-768x428.png 768w, https:\/\/www.cnbb.org.br\/wp-content\/uploads\/2026\/03\/Captura-de-tela-2026-03-16-115831-500x279.png 500w, https:\/\/www.cnbb.org.br\/wp-content\/uploads\/2026\/03\/Captura-de-tela-2026-03-16-115831-446x248.png 446w, https:\/\/www.cnbb.org.br\/wp-content\/uploads\/2026\/03\/Captura-de-tela-2026-03-16-115831.png 1028w\" sizes=\"(max-width: 583px) 100vw, 583px\" \/><\/p>\n<h3 style=\"text-align: justify;\" aria-level=\"3\">Direito historicamente negado<\/h3>\n<p style=\"text-align: justify;\">Segundo frei Marcelo, o primeiro aspecto a ser considerado ao tratar da moradia no Brasil \u00e9 o car\u00e1ter hist\u00f3rico da nega\u00e7\u00e3o desse direito.<\/p>\n<blockquote>\n<p style=\"text-align: justify;\">\u201cO Brasil teve um marco terr\u00edvel de mais de 400 anos de escravid\u00e3o. Quando esse sistema termina oficialmente, tamb\u00e9m s\u00e3o negados aos\u00a0ex-escravizados\u00a0direitos fundamentais, como acesso \u00e0 terra e \u00e0 moradia. Esse processo contribui para o surgimento das favelas e para a desigualdade urbana que ainda vemos hoje\u201d, afirma.<\/p>\n<\/blockquote>\n<p style=\"text-align: justify;\">De acordo com o religioso, atualmente cerca de um ter\u00e7o da popula\u00e7\u00e3o brasileira vive em algum tipo de precariedade habitacional. Ele aponta que aproximadamente 6 milh\u00f5es de fam\u00edlias &#8211; cerca de 10% da popula\u00e7\u00e3o &#8211; necessitam imediatamente de moradia digna, seja porque vivem em condi\u00e7\u00f5es muito prec\u00e1rias, pagam aluguel elevado ou dependem de moradia cedida por terceiros.<\/p>\n<p style=\"text-align: justify;\">Al\u00e9m disso, cerca de\u00a026 milh\u00f5es de fam\u00edlias, o que representa aproximadamente\u00a080 milh\u00f5es de pessoas, vivem em condi\u00e7\u00f5es consideradas inadequadas nas cidades brasileiras.<\/p>\n<h3 style=\"text-align: justify;\" aria-level=\"3\">Estrutura fundi\u00e1ria e pol\u00edticas p\u00fablicas<\/h3>\n<p style=\"text-align: justify;\">Frei Marcelo destaca que a concentra\u00e7\u00e3o de terras \u00e9 um fator estrutural que contribui para o problema da moradia no Brasil.<\/p>\n<blockquote>\n<p style=\"text-align: justify;\">\u201cO pa\u00eds foi organizado com a terra concentrada nas m\u00e3os de poucos, tanto no campo quanto nas cidades. A terra sempre foi muito disputada e valorizada, o que dificulta o acesso da popula\u00e7\u00e3o mais pobre\u201d, explica.<\/p>\n<\/blockquote>\n<p style=\"text-align: justify;\">Para enfrentar esse cen\u00e1rio, ele afirma que o pa\u00eds necessita de\u00a0pol\u00edticas habitacionais mais robustas. O frade reconhece a import\u00e2ncia de programas p\u00fablicos como o Minha Casa, Minha Vida, mas ressalta que ainda existe um grande d\u00e9ficit habitacional.<\/p>\n<blockquote>\n<p style=\"text-align: justify;\">\u201cN\u00e3o basta apenas produzir novas casas. \u00c9 importante tamb\u00e9m fortalecer modelos de participa\u00e7\u00e3o popular, como a modalidade de autogest\u00e3o por entidades, que permite maior envolvimento das pr\u00f3prias comunidades\u201d, afirma.<\/p>\n<\/blockquote>\n<p style=\"text-align: justify;\">Outro ponto destacado por frei Marcelo \u00e9 o paradoxo existente no pa\u00eds: ao mesmo tempo em que milh\u00f5es de fam\u00edlias precisam de moradia, existem cerca de 12 milh\u00f5es de im\u00f3veis vazios no Brasil.<\/p>\n<blockquote>\n<p style=\"text-align: justify;\">\u201cH\u00e1 instrumentos previstos na legisla\u00e7\u00e3o brasileira, como o IPTU progressivo e outros mecanismos urbanos, que poderiam incentivar o uso social desses im\u00f3veis e direcionar recursos para a habita\u00e7\u00e3o popular\u201d, explica.<\/p>\n<\/blockquote>\n<h3 style=\"text-align: justify;\" aria-level=\"3\">Moradia como direito fundamental<\/h3>\n<p style=\"text-align: justify;\">Para o coordenador da pastoral, a moradia deve ser compreendida como um direito b\u00e1sico, compar\u00e1vel ao acesso \u00e0 alimenta\u00e7\u00e3o.<\/p>\n<blockquote>\n<p style=\"text-align: justify;\">\u201cSem carro a gente vive, especialmente com transporte p\u00fablico. Mas sem moradia n\u00e3o. Moradia \u00e9 t\u00e3o essencial quanto o alimento\u201d, afirma.<\/p>\n<\/blockquote>\n<p style=\"text-align: justify;\">Ele observa ainda que, embora a popula\u00e7\u00e3o mais pobre seja a mais afetada, o alto custo da moradia tamb\u00e9m impacta a classe m\u00e9dia.<\/p>\n<blockquote>\n<p style=\"text-align: justify;\">\u201cHoje morar no Brasil \u00e9 muito caro. A especula\u00e7\u00e3o imobili\u00e1ria tem aumentado e isso exige que repensemos tamb\u00e9m o modelo de cidade em que vivemos\u201d, destaca.<\/p>\n<\/blockquote>\n<p style=\"text-align: justify;\">Nesse contexto, frei Marcelo considera fundamental a contribui\u00e7\u00e3o da Campanha da Fraternidade para sensibilizar a sociedade e mobilizar comunidades eclesiais.<\/p>\n<blockquote>\n<p style=\"text-align: justify;\">\u201cA Campanha nos ajuda a nos aproximar das periferias e das realidades mais fragilizadas, onde muitas vezes a presen\u00e7a da Igreja ainda \u00e9 limitada. \u00c9 uma oportunidade de caminhar juntos e construir solu\u00e7\u00f5es concretas\u201d, avalia.<\/p>\n<\/blockquote>\n<h3 style=\"text-align: justify;\" aria-level=\"3\">Organiza\u00e7\u00e3o da Pastoral da Moradia e Favela<\/h3>\n<p style=\"text-align: justify;\">A Pastoral da Moradia e Favela tem como miss\u00e3o incentivar e apoiar lideran\u00e7as que atuam na defesa do direito \u00e0 moradia. Embora existam experi\u00eancias mais antigas em cidades como S\u00e3o Paulo, Rio de Janeiro e Belo Horizonte, a articula\u00e7\u00e3o nacional \u00e9 relativamente recente.<\/p>\n<p style=\"text-align: justify;\">Segundo frei Marcelo, a organiza\u00e7\u00e3o atual da pastoral surgiu como fruto da 6\u00ba Semana Social Brasileira, realizada entre 2022 e 2023.<\/p>\n<blockquote>\n<p style=\"text-align: justify;\">\u201cDesde ent\u00e3o, cerca de\u00a030 grupos est\u00e3o em processo de forma\u00e7\u00e3o em arquidioceses e dioceses\u00a0pelo pa\u00eds. Estamos aprendendo os caminhos e identificando pessoas que tenham perfil e interesse nessa miss\u00e3o\u201d, explica.<\/p>\n<\/blockquote>\n<p style=\"text-align: justify;\">A atua\u00e7\u00e3o da pastoral inclui presen\u00e7a em \u00e1reas de periferia, acompanhamento de comunidades em situa\u00e7\u00e3o de risco, apoio a fam\u00edlias amea\u00e7adas por despejos e acompanhamento de realidades afetadas por enchentes ou deslizamentos.<\/p>\n<p style=\"text-align: justify;\">A meta, segundo o coordenador, \u00e9 ampliar significativamente essa rede.<\/p>\n<blockquote>\n<p style=\"text-align: justify;\">\u201cQueremos chegar a\u00a0300 equipes, para que cada diocese ou arquidiocese tenha um grupo da pastoral. Essas equipes poder\u00e3o dialogar com a realidade local\u00a0e tamb\u00e9m\u00a0fortalecer n\u00facleos nas periferias\u201d, afirma.<\/p>\n<\/blockquote>\n<h3 style=\"text-align: justify;\" aria-level=\"3\">Gesto concreto de solidariedade<\/h3>\n<p style=\"text-align: justify;\">Um dos momentos mais importantes da Campanha da Fraternidade \u00e9 a\u00a0Coleta Nacional da Solidariedade, realizada nas comunidades cat\u00f3licas de todo o pa\u00eds. Em 2026, a coleta acontece nos dias\u00a028 e 29 de mar\u00e7o.<\/p>\n<p style=\"text-align: justify;\">De acordo com frei Marcelo, os recursos arrecadados apoiam projetos sociais e iniciativas que atuam junto \u00e0s popula\u00e7\u00f5es mais vulner\u00e1veis.<\/p>\n<blockquote>\n<p style=\"text-align: justify;\">\u201c\u00c9 um gesto simples, mas muito concreto. Centenas de entidades desenvolvem projetos significativos nas periferias e recebem apoio por meio desses recursos\u201d, afirma.<\/p>\n<\/blockquote>\n<p style=\"text-align: justify;\">Ele tamb\u00e9m destaca que a contribui\u00e7\u00e3o pode ajudar a fortalecer iniciativas locais nas pr\u00f3prias par\u00f3quias, como reformas de moradias, a\u00e7\u00f5es comunit\u00e1rias e articula\u00e7\u00f5es em defesa de pol\u00edticas p\u00fablicas de habita\u00e7\u00e3o.<\/p>\n<blockquote>\n<p style=\"text-align: justify;\">\u201cQuando a Igreja se aproxima das periferias, ela pode contribuir n\u00e3o apenas com presen\u00e7a pastoral, mas tamb\u00e9m com melhorias concretas nas condi\u00e7\u00f5es de moradia e na organiza\u00e7\u00e3o das comunidades\u201d, conclui.<\/p>\n<\/blockquote>\n<p style=\"text-align: justify;\"><span data-contrast=\"auto\">Assista a entrevista na \u00edntegra:<\/span><\/p>\n<div class=\"ast-oembed-container\" style=\"height: 100%;\"><iframe loading=\"lazy\" title=\"Entrevista: Os desafios da Moradia Digna no Brasil\" width=\"500\" height=\"281\" src=\"https:\/\/www.youtube.com\/embed\/TUTJ_IwCjRI?feature=oembed\" frameborder=\"0\" allow=\"accelerometer; autoplay; clipboard-write; encrypted-media; gyroscope; picture-in-picture; web-share\" referrerpolicy=\"strict-origin-when-cross-origin\" allowfullscreen><\/iframe><\/div>\n<h3 style=\"text-align: justify;\"><span data-contrast=\"auto\">Conhe\u00e7a a Pastoral<\/span><span data-ccp-props=\"{}\">\u00a0<\/span><\/h3>\n<p>Instagram: <a href=\"https:\/\/www.instagram.com\/pastoraldamoradiaefavela\/\" target=\"_blank\" rel=\"noopener\">https:\/\/www.instagram.com\/pastoraldamoradiaefavela\/<\/a><br \/>\nFacebook: <a href=\"https:\/\/www.facebook.com\/pastoraldamoradiaefavela\" target=\"_blank\" rel=\"noopener\">https:\/\/www.facebook.com\/pastoraldamoradiaefavela<\/a><br \/>\nYouTube: <a href=\"https:\/\/www.youtube.com\/@pastoraldamoradiaefavela\" target=\"_blank\" rel=\"noopener\">https:\/\/www.youtube.com\/@pastoraldamoradiaefavela<\/a><\/p>\n<p>&nbsp;<\/p>\n<p>&nbsp;<\/p>\n<pre>Por Larissa Carvalho<\/pre>\n","protected":false},"excerpt":{"rendered":"<p>Uma das respons\u00e1veis por sugerir o tema da Campanha da Fraternidade 2026, a pastoral busca ampliar o debate sobre o direito \u00e0 moradia no pa\u00eds. Para aprofundar o assunto, a Assessoria de Comunica\u00e7\u00e3o da CNBB conversou com frei Marcelo Guimar\u00e3es, coordenador nacional da Pastoral da Moradia e Favela e respons\u00e1vel pelo servi\u00e7o de Justi\u00e7a, Paz e Integridade da Cria\u00e7\u00e3o dos Frades Capuchinhos do Brasil<\/p>\n","protected":false},"author":138,"featured_media":996109,"comment_status":"closed","ping_status":"closed","sticky":false,"template":"","format":"standard","meta":{"site-sidebar-layout":"default","site-content-layout":"default","ast-global-header-display":"","ast-banner-title-visibility":"","ast-main-header-display":"","ast-hfb-above-header-display":"","ast-hfb-below-header-display":"","ast-hfb-mobile-header-display":"","site-post-title":"","ast-breadcrumbs-content":"","ast-featured-img":"","footer-sml-layout":"","theme-transparent-header-meta":"default","adv-header-id-meta":"","stick-header-meta":"","header-above-stick-meta":"","header-main-stick-meta":"","header-below-stick-meta":""},"categories":[1841,760],"tags":[6123,4691],"acf":[],"_links":{"self":[{"href":"https:\/\/www.cnbb.org.br\/cnbb-app\/wp\/v2\/posts\/996107"}],"collection":[{"href":"https:\/\/www.cnbb.org.br\/cnbb-app\/wp\/v2\/posts"}],"about":[{"href":"https:\/\/www.cnbb.org.br\/cnbb-app\/wp\/v2\/types\/post"}],"author":[{"embeddable":true,"href":"https:\/\/www.cnbb.org.br\/cnbb-app\/wp\/v2\/users\/138"}],"replies":[{"embeddable":true,"href":"https:\/\/www.cnbb.org.br\/cnbb-app\/wp\/v2\/comments?post=996107"}],"version-history":[{"count":6,"href":"https:\/\/www.cnbb.org.br\/cnbb-app\/wp\/v2\/posts\/996107\/revisions"}],"predecessor-version":[{"id":996123,"href":"https:\/\/www.cnbb.org.br\/cnbb-app\/wp\/v2\/posts\/996107\/revisions\/996123"}],"wp:featuredmedia":[{"embeddable":true,"href":"https:\/\/www.cnbb.org.br\/cnbb-app\/wp\/v2\/media\/996109"}],"wp:attachment":[{"href":"https:\/\/www.cnbb.org.br\/cnbb-app\/wp\/v2\/media?parent=996107"}],"wp:term":[{"taxonomy":"category","embeddable":true,"href":"https:\/\/www.cnbb.org.br\/cnbb-app\/wp\/v2\/categories?post=996107"},{"taxonomy":"post_tag","embeddable":true,"href":"https:\/\/www.cnbb.org.br\/cnbb-app\/wp\/v2\/tags?post=996107"}],"curies":[{"name":"wp","href":"https:\/\/api.w.org\/{rel}","templated":true}]}}