{"id":996127,"date":"2026-03-16T14:23:45","date_gmt":"2026-03-16T17:23:45","guid":{"rendered":"https:\/\/www.cnbb.org.br\/?p=996127"},"modified":"2026-03-19T10:30:57","modified_gmt":"2026-03-19T13:30:57","slug":"reze-com-a-cnbb-pelo-desarmamento-e-pela-paz-em-19-de-marco","status":"publish","type":"post","link":"https:\/\/www.cnbb.org.br\/reze-com-a-cnbb-pelo-desarmamento-e-pela-paz-em-19-de-marco\/","title":{"rendered":"Reze com a CNBB pelo desarmamento e pela paz, em 19 de mar\u00e7o"},"content":{"rendered":"<p>A Confer\u00eancia Nacional dos Bispos do Brasil (CNBB) se une ao Papa Le\u00e3o XIV, no pr\u00f3ximo dia 19 de mar\u00e7o, Solenidade de S\u00e3o Jos\u00e9, para rezar pelo desarmamento e pela paz. Os fi\u00e9is de todo o Brasil s\u00e3o convidados para este momento de ora\u00e7\u00e3o, rezando a prece sugerida pela Rede Mundial de Ora\u00e7\u00e3o do Papa nas celebra\u00e7\u00f5es eucar\u00edsticas ou em outros momentos de ora\u00e7\u00e3o nas comunidades.<\/p>\n<p>A CNBB pede que os fi\u00e9is e suas comunidades coloquem em suas inten\u00e7\u00f5es as popula\u00e7\u00f5es atingidas pela viol\u00eancia, para que o Senhor inspire os respons\u00e1veis pelas na\u00e7\u00f5es a escolherem os caminhos do entendimento, da reconcilia\u00e7\u00e3o e do respeito \u00e0 dignidade de todos os povos.<\/p>\n<blockquote><p>&#8220;Que em nossas comunidades se eleve um s\u00f3 clamor a Deus: que os cora\u00e7\u00f5es sejam desarmados, que as armas se calem e que a paz flores\u00e7a entre os povos&#8221;, sugere a CNBB.<\/p><\/blockquote>\n<p>Na sede da Confer\u00eancia Episcopal, haver\u00e1 uma programa\u00e7\u00e3o especial para elevar preces a Deus junto com toda a Igreja. \u00c0s 7h30, haver\u00e1 a ora\u00e7\u00e3o das Laudes; \u00e0s 11h30, Missa Solene; e \u00e0s 16h30, ora\u00e7\u00e3o do Of\u00edcio Divino.<\/p>\n<p>Voc\u00ea pode compartilhar o momento de ora\u00e7\u00e3o, marcando a CNBB (@cnbbnacional) nos stories do Instagram.<\/p>\n<p>&nbsp;<\/p>\n<p>Confira a ora\u00e7\u00e3o:<\/p>\n<blockquote>\n<h4>&#8220;Reza com o Papa &#8211; Mar\u00e7o: Pelo desarmamento e pela paz&#8221;<\/h4>\n<p>&nbsp;<\/p>\n<p>Em nome do Pai, e do Filho, e do Esp\u00edrito Santo. Am\u00e9m.<\/p>\n<p><span style=\"font-size: 16px;\">Senhor da Vida,<\/span><\/p>\n<p><span style=\"font-size: 16px;\">que moldastes cada ser humano \u00e0 vossa imagem e semelhan\u00e7a,<\/span><\/p>\n<p><span style=\"font-size: 16px;\">cremos que nos criastes para a comunh\u00e3o, n\u00e3o para a guerra,<\/span><\/p>\n<p><span style=\"font-size: 16px;\">para a fraternidade, n\u00e3o para a destrui\u00e7\u00e3o.<\/span><\/p>\n<p><span style=\"font-size: 16px;\">V\u00f3s que saudastes os vossos disc\u00edpulos dizendo: \u201cA paz esteja convosco\u201d,<\/span><\/p>\n<p><span style=\"font-size: 16px;\">concedei-nos o dom da vossa paz<\/span><\/p>\n<p><span style=\"font-size: 16px;\">e a for\u00e7a para torn\u00e1-la realidade na hist\u00f3ria.<\/span><\/p>\n<p><span style=\"font-size: 16px;\">Hoje elevamos a nossa s\u00faplica pela paz no mundo,<\/span><\/p>\n<p><span style=\"font-size: 16px;\">rogando que as na\u00e7\u00f5es renunciem \u00e0s armas<\/span><\/p>\n<p><span style=\"font-size: 16px;\">e escolham o caminho do di\u00e1logo e da diplomacia.<\/span><\/p>\n<p><span style=\"font-size: 16px;\">Desarmai os nossos cora\u00e7\u00f5es do \u00f3dio, do rancor e da indiferen\u00e7a,<\/span><\/p>\n<p><span style=\"font-size: 16px;\">para que possamos ser instrumentos de reconcilia\u00e7\u00e3o.<\/span><\/p>\n<p><span style=\"font-size: 16px;\">Ajudai-nos a compreender que a verdadeira seguran\u00e7a<\/span><\/p>\n<p><span style=\"font-size: 16px;\">n\u00e3o nasce do controle que alimenta o medo,<\/span><\/p>\n<p><span style=\"font-size: 16px;\">mas da confian\u00e7a, da justi\u00e7a e da solidariedade entre os povos.<\/span><\/p>\n<p><span style=\"font-size: 16px;\">Senhor, iluminai os l\u00edderes das na\u00e7\u00f5es,<\/span><\/p>\n<p><span style=\"font-size: 16px;\">para que tenham a coragem de abandonar projetos de morte,<\/span><\/p>\n<p><span style=\"font-size: 16px;\">detenham a corrida armamentista<\/span><\/p>\n<p><span style=\"font-size: 16px;\">e coloquem no centro a vida dos mais vulner\u00e1veis.<\/span><\/p>\n<p><span style=\"font-size: 16px;\">Que nunca mais a amea\u00e7a nuclear condicione o futuro da humanidade.<\/span><\/p>\n<p><span style=\"font-size: 16px;\">Esp\u00edrito Santo,<\/span><\/p>\n<p><span style=\"font-size: 16px;\">fazei de n\u00f3s construtores fi\u00e9is e criativos da paz cotidiana:<\/span><\/p>\n<p><span style=\"font-size: 16px;\">em nosso cora\u00e7\u00e3o, em nossas fam\u00edlias,<\/span><\/p>\n<p><span style=\"font-size: 16px;\">em nossas comunidades e em nossas cidades.<\/span><\/p>\n<p><span style=\"font-size: 16px;\">Que cada palavra am\u00e1vel, cada gesto de reconcilia\u00e7\u00e3o<\/span><\/p>\n<p><span style=\"font-size: 16px;\">e cada decis\u00e3o de di\u00e1logo<\/span><\/p>\n<p><span style=\"font-size: 16px;\">sejam sementes de um mundo novo.<\/span><\/p>\n<p><span style=\"font-size: 16px;\">Am\u00e9m.<\/span><\/p><\/blockquote>\n<p>&nbsp;<\/p>\n<div class=\"ast-oembed-container\" style=\"height: 100%;\"><iframe loading=\"lazy\" title=\"Pray with the Pope: For disarmament and peace | March 2026\" width=\"500\" height=\"281\" src=\"https:\/\/www.youtube.com\/embed\/dSrOCQDFdFA?feature=oembed\" frameborder=\"0\" allow=\"accelerometer; autoplay; clipboard-write; encrypted-media; gyroscope; picture-in-picture; web-share\" referrerpolicy=\"strict-origin-when-cross-origin\" allowfullscreen><\/iframe><\/div>\n","protected":false},"excerpt":{"rendered":"<p>A Confer\u00eancia Nacional dos Bispos do Brasil (CNBB) se une ao Papa Le\u00e3o XIV, no pr\u00f3ximo dia 19 de mar\u00e7o, Solenidade de S\u00e3o Jos\u00e9, para rezar pelo desarmamento e pela paz. Os fi\u00e9is de todo o Brasil s\u00e3o convidados para este momento de ora\u00e7\u00e3o, rezando a prece sugerida pela Rede Mundial de Ora\u00e7\u00e3o do Papa &hellip;<\/p>\n<p class=\"read-more\"> <a class=\"\" href=\"https:\/\/www.cnbb.org.br\/reze-com-a-cnbb-pelo-desarmamento-e-pela-paz-em-19-de-marco\/\"> <span class=\"screen-reader-text\">Reze com a CNBB pelo desarmamento e pela paz, em 19 de mar\u00e7o<\/span> Leia mais &raquo;<\/a><\/p>\n","protected":false},"author":38,"featured_media":996130,"comment_status":"closed","ping_status":"closed","sticky":false,"template":"","format":"standard","meta":{"site-sidebar-layout":"default","site-content-layout":"default","ast-global-header-display":"","ast-banner-title-visibility":"","ast-main-header-display":"","ast-hfb-above-header-display":"","ast-hfb-below-header-display":"","ast-hfb-mobile-header-display":"","site-post-title":"","ast-breadcrumbs-content":"","ast-featured-img":"","footer-sml-layout":"","theme-transparent-header-meta":"default","adv-header-id-meta":"","stick-header-meta":"","header-above-stick-meta":"","header-main-stick-meta":"","header-below-stick-meta":""},"categories":[1840,6349],"tags":[4220],"acf":[],"_links":{"self":[{"href":"https:\/\/www.cnbb.org.br\/cnbb-app\/wp\/v2\/posts\/996127"}],"collection":[{"href":"https:\/\/www.cnbb.org.br\/cnbb-app\/wp\/v2\/posts"}],"about":[{"href":"https:\/\/www.cnbb.org.br\/cnbb-app\/wp\/v2\/types\/post"}],"author":[{"embeddable":true,"href":"https:\/\/www.cnbb.org.br\/cnbb-app\/wp\/v2\/users\/38"}],"replies":[{"embeddable":true,"href":"https:\/\/www.cnbb.org.br\/cnbb-app\/wp\/v2\/comments?post=996127"}],"version-history":[{"count":4,"href":"https:\/\/www.cnbb.org.br\/cnbb-app\/wp\/v2\/posts\/996127\/revisions"}],"predecessor-version":[{"id":997856,"href":"https:\/\/www.cnbb.org.br\/cnbb-app\/wp\/v2\/posts\/996127\/revisions\/997856"}],"wp:featuredmedia":[{"embeddable":true,"href":"https:\/\/www.cnbb.org.br\/cnbb-app\/wp\/v2\/media\/996130"}],"wp:attachment":[{"href":"https:\/\/www.cnbb.org.br\/cnbb-app\/wp\/v2\/media?parent=996127"}],"wp:term":[{"taxonomy":"category","embeddable":true,"href":"https:\/\/www.cnbb.org.br\/cnbb-app\/wp\/v2\/categories?post=996127"},{"taxonomy":"post_tag","embeddable":true,"href":"https:\/\/www.cnbb.org.br\/cnbb-app\/wp\/v2\/tags?post=996127"}],"curies":[{"name":"wp","href":"https:\/\/api.w.org\/{rel}","templated":true}]}}