{"id":996154,"date":"2026-03-17T14:53:18","date_gmt":"2026-03-17T17:53:18","guid":{"rendered":"https:\/\/www.cnbb.org.br\/?p=996154"},"modified":"2026-03-17T15:00:59","modified_gmt":"2026-03-17T18:00:59","slug":"reuniao-da-rede-clamor-brasil-avanca-na-preparacao-de-assembleia-e-acoes-em-defesa-dos-migrantes","status":"publish","type":"post","link":"https:\/\/www.cnbb.org.br\/reuniao-da-rede-clamor-brasil-avanca-na-preparacao-de-assembleia-e-acoes-em-defesa-dos-migrantes\/","title":{"rendered":"Reuni\u00e3o da Rede Clamor Brasil avan\u00e7a na prepara\u00e7\u00e3o de assembleia e a\u00e7\u00f5es em defesa dos migrantes"},"content":{"rendered":"<p style=\"text-align: justify;\" data-start=\"102\" data-end=\"589\">A Equipe de Anima\u00e7\u00e3o da Rede Clamor Brasil se re\u00fane nesta ter\u00e7a-feira, 17, na sede da <span class=\"hover:entity-accent entity-underline inline cursor-pointer align-baseline\"><span class=\"whitespace-normal\">Confer\u00eancia Nacional dos Bispos do Brasil<\/span><\/span> (CNBB), em Bras\u00edlia (DF), para discutir a\u00e7\u00f5es e prioridades no atendimento a migrantes, refugiados e v\u00edtimas de tr\u00e1fico de pessoas. O encontro contou com a presen\u00e7a do N\u00fancio Apost\u00f3lico no Brasil, dom <span class=\"hover:entity-accent entity-underline inline cursor-pointer align-baseline\"><span class=\"whitespace-normal\">Giambattista Diquattro;<\/span><\/span>\u00a0do secret\u00e1rio-geral da CNBB, dom <span class=\"hover:entity-accent entity-underline inline cursor-pointer align-baseline\"><span class=\"whitespace-normal\">Ricardo Hoepers<\/span><\/span>, do subsecret\u00e1rio-geral da CNBB, padre Leandro Megeto; al\u00e9m de representantes de diversas institui\u00e7\u00f5es eclesiais.<\/p>\n<p style=\"text-align: justify;\" data-start=\"591\" data-end=\"936\">Entre os principais pontos da reuni\u00e3o esteve a prepara\u00e7\u00e3o da Assembleia Anual e Formativa da Rede Clamor, que ser\u00e1 realizada de 26 a 28 de maio, no Semin\u00e1rio Jo\u00e3o XXIII, em S\u00e3o Paulo. O encontro dever\u00e1 aprofundar a reflex\u00e3o sobre a realidade da mobilidade humana e a aplica\u00e7\u00e3o da Doutrina Social da Igreja no contexto das migra\u00e7\u00f5es e do ref\u00fagio.<\/p>\n<div id='gallery-1' class='gallery galleryid-996154 gallery-columns-2 gallery-size-full'><figure class='gallery-item'>\n\t\t\t<div class='gallery-icon landscape'>\n\t\t\t\t<a href='https:\/\/www.cnbb.org.br\/wp-content\/uploads\/2026\/03\/IMG_0987-scaled.jpg' title=\"\" data-rl_title=\"\" class=\"rl-gallery-link\" data-rl_caption=\"\" data-rel=\"lightbox-gallery-1\"><img width=\"2560\" height=\"1707\" src=\"https:\/\/www.cnbb.org.br\/wp-content\/uploads\/2026\/03\/IMG_0987-scaled.jpg\" class=\"attachment-full size-full\" alt=\"\" decoding=\"async\" loading=\"lazy\" srcset=\"https:\/\/www.cnbb.org.br\/wp-content\/uploads\/2026\/03\/IMG_0987-scaled.jpg 2560w, https:\/\/www.cnbb.org.br\/wp-content\/uploads\/2026\/03\/IMG_0987-300x200.jpg 300w, https:\/\/www.cnbb.org.br\/wp-content\/uploads\/2026\/03\/IMG_0987-1024x683.jpg 1024w, https:\/\/www.cnbb.org.br\/wp-content\/uploads\/2026\/03\/IMG_0987-768x512.jpg 768w, https:\/\/www.cnbb.org.br\/wp-content\/uploads\/2026\/03\/IMG_0987-1536x1024.jpg 1536w, https:\/\/www.cnbb.org.br\/wp-content\/uploads\/2026\/03\/IMG_0987-2048x1365.jpg 2048w, https:\/\/www.cnbb.org.br\/wp-content\/uploads\/2026\/03\/IMG_0987-500x333.jpg 500w\" sizes=\"(max-width: 2560px) 100vw, 2560px\" \/><\/a>\n\t\t\t<\/div><\/figure><figure class='gallery-item'>\n\t\t\t<div class='gallery-icon landscape'>\n\t\t\t\t<a href='https:\/\/www.cnbb.org.br\/wp-content\/uploads\/2026\/03\/IMG_0984-scaled.jpg' title=\"\" data-rl_title=\"\" class=\"rl-gallery-link\" data-rl_caption=\"\" data-rel=\"lightbox-gallery-1\"><img width=\"2560\" height=\"1707\" src=\"https:\/\/www.cnbb.org.br\/wp-content\/uploads\/2026\/03\/IMG_0984-scaled.jpg\" class=\"attachment-full size-full\" alt=\"\" decoding=\"async\" loading=\"lazy\" srcset=\"https:\/\/www.cnbb.org.br\/wp-content\/uploads\/2026\/03\/IMG_0984-scaled.jpg 2560w, https:\/\/www.cnbb.org.br\/wp-content\/uploads\/2026\/03\/IMG_0984-300x200.jpg 300w, https:\/\/www.cnbb.org.br\/wp-content\/uploads\/2026\/03\/IMG_0984-1024x683.jpg 1024w, https:\/\/www.cnbb.org.br\/wp-content\/uploads\/2026\/03\/IMG_0984-768x512.jpg 768w, https:\/\/www.cnbb.org.br\/wp-content\/uploads\/2026\/03\/IMG_0984-1536x1024.jpg 1536w, https:\/\/www.cnbb.org.br\/wp-content\/uploads\/2026\/03\/IMG_0984-2048x1365.jpg 2048w, https:\/\/www.cnbb.org.br\/wp-content\/uploads\/2026\/03\/IMG_0984-500x333.jpg 500w\" sizes=\"(max-width: 2560px) 100vw, 2560px\" \/><\/a>\n\t\t\t<\/div><\/figure>\n\t\t<\/div>\n\n<p style=\"text-align: justify;\" data-start=\"938\" data-end=\"1348\">A agenda tamb\u00e9m incluiu a organiza\u00e7\u00e3o de momentos celebrativos importantes ao longo do ano, como a Semana Nacional do Migrante, de 15 a 22 de junho, e o Dia Mundial do Migrante e do Refugiado, celebrado em 29 de setembro. Outro tema em pauta foi a possibilidade de sugerir ao Conselho Episcopal Pastoral (Consep) da CNBB uma tem\u00e1tica voltada aos migrantes e refugiados para futuras edi\u00e7\u00f5es da Campanha da Fraternidade.<\/p>\n<h4 style=\"text-align: justify;\" data-section-id=\"71ljoc\" data-start=\"1350\" data-end=\"1397\">Sensibilizar a Igreja para a defesa da vida<\/h4>\n<figure id=\"attachment_996533\" aria-describedby=\"caption-attachment-996533\" style=\"width: 546px\" class=\"wp-caption aligncenter\"><img decoding=\"async\" loading=\"lazy\" class=\"wp-image-996533\" src=\"https:\/\/www.cnbb.org.br\/wp-content\/uploads\/2026\/03\/IMG_1013-1024x683.jpg\" alt=\"\" width=\"546\" height=\"364\" srcset=\"https:\/\/www.cnbb.org.br\/wp-content\/uploads\/2026\/03\/IMG_1013-1024x683.jpg 1024w, https:\/\/www.cnbb.org.br\/wp-content\/uploads\/2026\/03\/IMG_1013-300x200.jpg 300w, https:\/\/www.cnbb.org.br\/wp-content\/uploads\/2026\/03\/IMG_1013-768x512.jpg 768w, https:\/\/www.cnbb.org.br\/wp-content\/uploads\/2026\/03\/IMG_1013-1536x1024.jpg 1536w, https:\/\/www.cnbb.org.br\/wp-content\/uploads\/2026\/03\/IMG_1013-2048x1365.jpg 2048w, https:\/\/www.cnbb.org.br\/wp-content\/uploads\/2026\/03\/IMG_1013-500x333.jpg 500w\" sizes=\"(max-width: 546px) 100vw, 546px\" \/><figcaption id=\"caption-attachment-996533\" class=\"wp-caption-text\">Dom Nereudo Henrique e padre Marcelo <span class=\"hover:entity-accent entity-underline inline cursor-pointer align-baseline\"><span class=\"whitespace-normal\">Mar\u00f3stica Quadro<\/span><\/span><\/figcaption><\/figure>\n<p style=\"text-align: justify;\" data-start=\"1399\" data-end=\"1633\">Bispo referencial da Rede Clamor Brasil, dom <span class=\"hover:entity-accent entity-underline inline cursor-pointer align-baseline\"><span class=\"whitespace-normal\">Nereudo Henrique, <\/span><\/span>destacou a import\u00e2ncia da presen\u00e7a do N\u00fancio Apost\u00f3lico no encontro e o chamado \u00e0 reflex\u00e3o sobre a realidade migrat\u00f3ria \u00e0 luz da Doutrina Social da Igreja.<\/p>\n<p style=\"text-align: justify;\" data-start=\"1635\" data-end=\"2006\">Segundo ele, o momento \u00e9 oportuno para sensibilizar toda a Igreja &#8211; leigos, religiosos e clero &#8211; sobre a urg\u00eancia da acolhida.<\/p>\n<blockquote>\n<p style=\"text-align: justify;\" data-start=\"1635\" data-end=\"2006\">\u201cCada migrante traz consigo uma hist\u00f3ria, muitas vezes marcada por sofrimento e deslocamento for\u00e7ado, inclusive por quest\u00f5es clim\u00e1ticas. Nosso papel \u00e9 acolher e defender a vida com dignidade, independentemente de onde a pessoa esteja\u201d, afirmou.<\/p>\n<\/blockquote>\n<h4 style=\"text-align: justify;\" data-section-id=\"hl48ej\" data-start=\"2008\" data-end=\"2040\">Articula\u00e7\u00e3o e miss\u00e3o em rede<\/h4>\n<div id='gallery-2' class='gallery galleryid-996154 gallery-columns-3 gallery-size-large'><figure class='gallery-item'>\n\t\t\t<div class='gallery-icon landscape'>\n\t\t\t\t<a href='https:\/\/www.cnbb.org.br\/wp-content\/uploads\/2026\/03\/IMG_0974-scaled.jpg' title=\"\" data-rl_title=\"\" class=\"rl-gallery-link\" data-rl_caption=\"\" data-rel=\"lightbox-gallery-2\"><img width=\"1024\" height=\"683\" src=\"https:\/\/www.cnbb.org.br\/wp-content\/uploads\/2026\/03\/IMG_0974-1024x683.jpg\" class=\"attachment-large size-large\" alt=\"\" decoding=\"async\" loading=\"lazy\" srcset=\"https:\/\/www.cnbb.org.br\/wp-content\/uploads\/2026\/03\/IMG_0974-1024x683.jpg 1024w, https:\/\/www.cnbb.org.br\/wp-content\/uploads\/2026\/03\/IMG_0974-300x200.jpg 300w, https:\/\/www.cnbb.org.br\/wp-content\/uploads\/2026\/03\/IMG_0974-768x512.jpg 768w, https:\/\/www.cnbb.org.br\/wp-content\/uploads\/2026\/03\/IMG_0974-1536x1024.jpg 1536w, https:\/\/www.cnbb.org.br\/wp-content\/uploads\/2026\/03\/IMG_0974-2048x1365.jpg 2048w, https:\/\/www.cnbb.org.br\/wp-content\/uploads\/2026\/03\/IMG_0974-500x333.jpg 500w\" sizes=\"(max-width: 1024px) 100vw, 1024px\" \/><\/a>\n\t\t\t<\/div><\/figure><figure class='gallery-item'>\n\t\t\t<div class='gallery-icon landscape'>\n\t\t\t\t<a href='https:\/\/www.cnbb.org.br\/wp-content\/uploads\/2026\/03\/IMG_0996-scaled.jpg' title=\"\" data-rl_title=\"\" class=\"rl-gallery-link\" data-rl_caption=\"\" data-rel=\"lightbox-gallery-2\"><img width=\"1024\" height=\"683\" src=\"https:\/\/www.cnbb.org.br\/wp-content\/uploads\/2026\/03\/IMG_0996-1024x683.jpg\" class=\"attachment-large size-large\" alt=\"\" decoding=\"async\" loading=\"lazy\" srcset=\"https:\/\/www.cnbb.org.br\/wp-content\/uploads\/2026\/03\/IMG_0996-1024x683.jpg 1024w, https:\/\/www.cnbb.org.br\/wp-content\/uploads\/2026\/03\/IMG_0996-300x200.jpg 300w, https:\/\/www.cnbb.org.br\/wp-content\/uploads\/2026\/03\/IMG_0996-768x512.jpg 768w, https:\/\/www.cnbb.org.br\/wp-content\/uploads\/2026\/03\/IMG_0996-1536x1024.jpg 1536w, https:\/\/www.cnbb.org.br\/wp-content\/uploads\/2026\/03\/IMG_0996-2048x1365.jpg 2048w, https:\/\/www.cnbb.org.br\/wp-content\/uploads\/2026\/03\/IMG_0996-500x333.jpg 500w\" sizes=\"(max-width: 1024px) 100vw, 1024px\" \/><\/a>\n\t\t\t<\/div><\/figure><figure class='gallery-item'>\n\t\t\t<div class='gallery-icon landscape'>\n\t\t\t\t<a href='https:\/\/www.cnbb.org.br\/wp-content\/uploads\/2026\/03\/IMG_0994-scaled.jpg' title=\"\" data-rl_title=\"\" class=\"rl-gallery-link\" data-rl_caption=\"\" data-rel=\"lightbox-gallery-2\"><img width=\"1024\" height=\"683\" src=\"https:\/\/www.cnbb.org.br\/wp-content\/uploads\/2026\/03\/IMG_0994-1024x683.jpg\" class=\"attachment-large size-large\" alt=\"\" decoding=\"async\" loading=\"lazy\" srcset=\"https:\/\/www.cnbb.org.br\/wp-content\/uploads\/2026\/03\/IMG_0994-1024x683.jpg 1024w, https:\/\/www.cnbb.org.br\/wp-content\/uploads\/2026\/03\/IMG_0994-300x200.jpg 300w, https:\/\/www.cnbb.org.br\/wp-content\/uploads\/2026\/03\/IMG_0994-768x512.jpg 768w, https:\/\/www.cnbb.org.br\/wp-content\/uploads\/2026\/03\/IMG_0994-1536x1024.jpg 1536w, https:\/\/www.cnbb.org.br\/wp-content\/uploads\/2026\/03\/IMG_0994-2048x1365.jpg 2048w, https:\/\/www.cnbb.org.br\/wp-content\/uploads\/2026\/03\/IMG_0994-500x333.jpg 500w\" sizes=\"(max-width: 1024px) 100vw, 1024px\" \/><\/a>\n\t\t\t<\/div><\/figure>\n\t\t<\/div>\n\n<p style=\"text-align: justify;\" data-start=\"2042\" data-end=\"2277\">Coordenador da Rede Clamor Brasil, o padre <span class=\"hover:entity-accent entity-underline inline cursor-pointer align-baseline\"><span class=\"whitespace-normal\">Lauro Bocchi<\/span><\/span> ressaltou que o objetivo da reuni\u00e3o foi fortalecer a articula\u00e7\u00e3o entre as diversas institui\u00e7\u00f5es cat\u00f3licas que atuam no servi\u00e7o aos migrantes e refugiados.<\/p>\n<blockquote>\n<p style=\"text-align: justify;\" data-start=\"2279\" data-end=\"2590\">\u201cS\u00e3o muitas iniciativas e a fun\u00e7\u00e3o da Rede \u00e9 coloc\u00e1-las em di\u00e1logo, aproximar e fortalecer esse trabalho conjunto\u201d, explicou.<\/p>\n<\/blockquote>\n<p style=\"text-align: justify;\" data-start=\"2279\" data-end=\"2590\">Ele destacou ainda a contribui\u00e7\u00e3o do N\u00fancio Apost\u00f3lico, que incentivou uma abordagem fundamentada na caridade e na Doutrina Social da Igreja, evitando leituras ideol\u00f3gicas sobre o tema.<\/p>\n<p style=\"text-align: justify;\" data-start=\"2592\" data-end=\"2994\">Entre as propostas em discuss\u00e3o est\u00e1 a possibilidade de uma futura Campanha da Fraternidade dedicada \u00e0 tem\u00e1tica migrat\u00f3ria, possivelmente em 2029 ou 2030. Outro eixo importante \u00e9 a incid\u00eancia pol\u00edtica, especialmente diante da constru\u00e7\u00e3o de pol\u00edticas migrat\u00f3rias no pa\u00eds.<\/p>\n<blockquote>\n<p style=\"text-align: justify;\" data-start=\"2592\" data-end=\"2994\">\u201cSentimos que a Igreja precisa estar mais presente nesse debate, sempre com olhar atento \u00e0s pessoas que chegam ao Brasil\u201d, afirmou.<\/p>\n<\/blockquote>\n<p style=\"text-align: justify;\" data-start=\"2996\" data-end=\"3220\">O padre tamb\u00e9m chamou aten\u00e7\u00e3o para a interioriza\u00e7\u00e3o do fen\u00f4meno migrat\u00f3rio. \u201cOs migrantes est\u00e3o cada vez mais presentes fora dos grandes centros, o que exige da Igreja novas formas de presen\u00e7a e apoio nessas regi\u00f5es\u201d, disse.<\/p>\n<h4 style=\"text-align: justify;\" data-section-id=\"16rvahu\" data-start=\"3222\" data-end=\"3264\">Desafios e perfil migrat\u00f3rio no Brasil<\/h4>\n<figure id=\"attachment_996532\" aria-describedby=\"caption-attachment-996532\" style=\"width: 522px\" class=\"wp-caption aligncenter\"><img decoding=\"async\" loading=\"lazy\" class=\"wp-image-996532\" src=\"https:\/\/www.cnbb.org.br\/wp-content\/uploads\/2026\/03\/IMG_1002-scaled-e1773769439392-1024x833.jpg\" alt=\"\" width=\"522\" height=\"425\" srcset=\"https:\/\/www.cnbb.org.br\/wp-content\/uploads\/2026\/03\/IMG_1002-scaled-e1773769439392-1024x833.jpg 1024w, https:\/\/www.cnbb.org.br\/wp-content\/uploads\/2026\/03\/IMG_1002-scaled-e1773769439392-300x244.jpg 300w, https:\/\/www.cnbb.org.br\/wp-content\/uploads\/2026\/03\/IMG_1002-scaled-e1773769439392-768x625.jpg 768w, https:\/\/www.cnbb.org.br\/wp-content\/uploads\/2026\/03\/IMG_1002-scaled-e1773769439392-1536x1250.jpg 1536w, https:\/\/www.cnbb.org.br\/wp-content\/uploads\/2026\/03\/IMG_1002-scaled-e1773769439392-2048x1667.jpg 2048w, https:\/\/www.cnbb.org.br\/wp-content\/uploads\/2026\/03\/IMG_1002-scaled-e1773769439392-500x407.jpg 500w\" sizes=\"(max-width: 522px) 100vw, 522px\" \/><figcaption id=\"caption-attachment-996532\" class=\"wp-caption-text\">Irm\u00e3 Rosita Milesi<\/figcaption><\/figure>\n<p style=\"text-align: justify;\" data-start=\"3266\" data-end=\"3571\">Durante a reuni\u00e3o, a diretora do <span class=\"hover:entity-accent entity-underline inline cursor-pointer align-baseline\"><span class=\"whitespace-normal\">Instituto Migra\u00e7\u00f5es e Direitos Humanos<\/span><\/span> (IMDH), irm\u00e3 Rosita Milesi, apresentou um panorama atual das migra\u00e7\u00f5es no Brasil. Segundo ela, os venezuelanos continuam sendo o maior grupo atendido pelas institui\u00e7\u00f5es, seguidos pelos haitianos, al\u00e9m de pessoas de mais de 50 nacionalidades.<\/p>\n<p style=\"text-align: justify;\" data-start=\"3573\" data-end=\"3788\">Ela destacou que o pa\u00eds abriga mais de 2 milh\u00f5es de pessoas n\u00e3o brasileiras, n\u00famero considerado pequeno em rela\u00e7\u00e3o \u00e0 popula\u00e7\u00e3o total. No entanto, os desafios permanecem, especialmente no acolhimento e na integra\u00e7\u00e3o.<\/p>\n<p style=\"text-align: justify;\" data-start=\"3790\" data-end=\"4121\">Entre as dificuldades, est\u00e3o as novas exig\u00eancias da pol\u00edtica de acolhida comunit\u00e1ria, que demanda maior responsabilidade das organiza\u00e7\u00f5es da sociedade civil, al\u00e9m das limita\u00e7\u00f5es enfrentadas por grupos como haitianos e afeg\u00e3os. \u201cH\u00e1 avan\u00e7os, como o visto humanit\u00e1rio, mas tamb\u00e9m muitos obst\u00e1culos no processo de integra\u00e7\u00e3o\u201d, avaliou.<\/p>\n<p style=\"text-align: justify;\" data-start=\"4123\" data-end=\"4333\">A irm\u00e3 tamb\u00e9m mencionou a continuidade da Opera\u00e7\u00e3o Acolhida, em Roraima, que realiza o acolhimento e a interioriza\u00e7\u00e3o de migrantes, embora ainda haja lacunas na integra\u00e7\u00e3o dessas pessoas nas cidades de destino.<\/p>\n<p style=\"text-align: justify;\" data-start=\"4365\" data-end=\"4703\">J\u00e1 o vice-coordenador da C\u00e1ritas Arquidiocesana de S\u00e3o Paulo, padre <span class=\"hover:entity-accent entity-underline inline cursor-pointer align-baseline\"><span class=\"whitespace-normal\">Marcelo Mar\u00f3stica Quadro<\/span><\/span>, destacou mudan\u00e7as recentes no perfil migrat\u00f3rio no pa\u00eds. Al\u00e9m de venezuelanos e haitianos, houve aumento significativo na chegada de cubanos e marroquinos. \u201cSomente no ano passado, cerca de 40 mil cubanos entraram no Brasil\u201d, afirmou.<\/p>\n<h4>Miss\u00e3o e identidade da Rede Clamor<\/h4>\n<p style=\"text-align: justify;\" data-start=\"4745\" data-end=\"5246\" data-is-last-node=\"\" data-is-only-node=\"\">A Rede Clamor Brasil \u00e9 uma articula\u00e7\u00e3o eclesial que re\u00fane 27 institui\u00e7\u00f5es &#8211; entre pastorais, congrega\u00e7\u00f5es religiosas e organismos &#8211; dedicadas \u00e0 promo\u00e7\u00e3o e defesa dos direitos de migrantes, refugiados e v\u00edtimas de tr\u00e1fico de pessoas. Vinculada \u00e0 CNBB, a Rede atua por meio da forma\u00e7\u00e3o, incid\u00eancia, solidariedade e trabalho em rede, com o objetivo de garantir dignidade, justi\u00e7a e integra\u00e7\u00e3o \u00e0s pessoas em situa\u00e7\u00e3o de mobilidade humana.<\/p>\n<p data-start=\"4745\" data-end=\"5246\" data-is-last-node=\"\" data-is-only-node=\"\">\n<p data-start=\"4745\" data-end=\"5246\" data-is-last-node=\"\" data-is-only-node=\"\">\n<pre data-start=\"4745\" data-end=\"5246\">Por Larissa Carvalho | Fotos: Paulo Augusto Cruz | Ascom CNBB<\/pre>\n","protected":false},"excerpt":{"rendered":"<p>A Equipe de Anima\u00e7\u00e3o da Rede Clamor Brasil se reuniu para discutir a\u00e7\u00f5es e prioridades no atendimento a migrantes, refugiados e v\u00edtimas de tr\u00e1fico de pessoas. O encontro contou com a presen\u00e7a do N\u00fancio Apost\u00f3lico no Brasil, dom Giambattista Diquattro;\u00a0do secret\u00e1rio-geral da CNBB, dom Ricardo Hoepers, al\u00e9m de representantes de diversas institui\u00e7\u00f5es eclesiais<\/p>\n","protected":false},"author":138,"featured_media":996529,"comment_status":"closed","ping_status":"closed","sticky":false,"template":"","format":"standard","meta":{"site-sidebar-layout":"default","site-content-layout":"default","ast-global-header-display":"","ast-banner-title-visibility":"","ast-main-header-display":"","ast-hfb-above-header-display":"","ast-hfb-below-header-display":"","ast-hfb-mobile-header-display":"","site-post-title":"","ast-breadcrumbs-content":"","ast-featured-img":"","footer-sml-layout":"","theme-transparent-header-meta":"default","adv-header-id-meta":"","stick-header-meta":"","header-above-stick-meta":"","header-main-stick-meta":"","header-below-stick-meta":""},"categories":[50,916],"tags":[2091,2217,2907,2092],"acf":[],"_links":{"self":[{"href":"https:\/\/www.cnbb.org.br\/cnbb-app\/wp\/v2\/posts\/996154"}],"collection":[{"href":"https:\/\/www.cnbb.org.br\/cnbb-app\/wp\/v2\/posts"}],"about":[{"href":"https:\/\/www.cnbb.org.br\/cnbb-app\/wp\/v2\/types\/post"}],"author":[{"embeddable":true,"href":"https:\/\/www.cnbb.org.br\/cnbb-app\/wp\/v2\/users\/138"}],"replies":[{"embeddable":true,"href":"https:\/\/www.cnbb.org.br\/cnbb-app\/wp\/v2\/comments?post=996154"}],"version-history":[{"count":13,"href":"https:\/\/www.cnbb.org.br\/cnbb-app\/wp\/v2\/posts\/996154\/revisions"}],"predecessor-version":[{"id":996542,"href":"https:\/\/www.cnbb.org.br\/cnbb-app\/wp\/v2\/posts\/996154\/revisions\/996542"}],"wp:featuredmedia":[{"embeddable":true,"href":"https:\/\/www.cnbb.org.br\/cnbb-app\/wp\/v2\/media\/996529"}],"wp:attachment":[{"href":"https:\/\/www.cnbb.org.br\/cnbb-app\/wp\/v2\/media?parent=996154"}],"wp:term":[{"taxonomy":"category","embeddable":true,"href":"https:\/\/www.cnbb.org.br\/cnbb-app\/wp\/v2\/categories?post=996154"},{"taxonomy":"post_tag","embeddable":true,"href":"https:\/\/www.cnbb.org.br\/cnbb-app\/wp\/v2\/tags?post=996154"}],"curies":[{"name":"wp","href":"https:\/\/api.w.org\/{rel}","templated":true}]}}