{"id":996161,"date":"2026-03-17T13:37:10","date_gmt":"2026-03-17T16:37:10","guid":{"rendered":"https:\/\/www.cnbb.org.br\/?p=996161"},"modified":"2026-03-17T13:38:15","modified_gmt":"2026-03-17T16:38:15","slug":"5o-domingo-da-quaresma-ciclo-a","status":"publish","type":"post","link":"https:\/\/www.cnbb.org.br\/5o-domingo-da-quaresma-ciclo-a\/","title":{"rendered":"5\u00ba Domingo da Quaresma \u2013 Ciclo A\u00a0"},"content":{"rendered":"<div style=\"text-align: right;\"><strong>Dom Antonio Carlos Rossi Keller<\/strong><\/div>\n<p style=\"text-align: right;\" aria-level=\"1\"><strong>Bispo de Frederico Westphalen (RS)<\/strong><b><span data-contrast=\"auto\"><\/p>\n<p><\/span><\/b><\/p>\n<p style=\"text-align: justify;\" aria-level=\"2\"><b><span data-contrast=\"auto\">\u201cEu sou a Ressurrei\u00e7\u00e3o e a Vida\u201d<\/span><\/b><span data-ccp-props=\"{&quot;134245418&quot;:true,&quot;201341983&quot;:0,&quot;335551550&quot;:2,&quot;335551620&quot;:2,&quot;335559738&quot;:200,&quot;335559739&quot;:120,&quot;335559740&quot;:360}\">\u00a0<\/span><\/p>\n<p style=\"text-align: justify;\"><span data-contrast=\"auto\">A Liturgia do\u00a05\u00ba Domingo da Quaresma, no Ciclo A, \u00e9 um convite profundo \u00e0 esperan\u00e7a e \u00e0 f\u00e9 na vit\u00f3ria de Deus sobre a morte. Estamos \u00e0s portas da Semana Santa, e a Igreja nos apresenta a figura de L\u00e1zaro ressuscitado como sinal antecipador da P\u00e1scoa de Cristo. A mensagem central deste domingo \u00e9 clara: Deus \u00e9 o Senhor da vida! Ele n\u00e3o nos abandona nos t\u00famulos das nossas mortes quotidianas \u2013 sejam elas o pecado, o des\u00e2nimo, a desesperan\u00e7a ou o sofrimento. Cristo vem ao nosso encontro, chora conosco e, com voz potente, ordena: \u201cSai para fora!\u201d \u00c9 o chamamento \u00e0 vida nova, \u00e0 ressurrei\u00e7\u00e3o que j\u00e1 come\u00e7a aqui e agora.<\/span><span data-ccp-props=\"{&quot;201341983&quot;:0,&quot;335551550&quot;:6,&quot;335551620&quot;:6,&quot;335559739&quot;:140,&quot;335559740&quot;:360}\">\u00a0<\/span><\/p>\n<p style=\"text-align: justify;\"><b><span data-contrast=\"auto\">1\u00aa Leitura \u2013 Ezequiel 37, 12-14<\/span><\/b><span data-ccp-props=\"{&quot;201341983&quot;:0,&quot;335551550&quot;:6,&quot;335551620&quot;:6,&quot;335559739&quot;:140,&quot;335559740&quot;:360}\">\u00a0<\/span><\/p>\n<p style=\"text-align: justify;\"><span data-contrast=\"auto\">O profeta Ezequiel dirige-se a um povo exilado e desanimado, que se sentia como &#8220;ossos secos&#8221;, sem esperan\u00e7a. Deus promete abrir os t\u00famulos e fazer o seu povo reviver pelo sopro do Esp\u00edrito. Esta\u00a0profecia\u00a0\u00e9 uma garantia de que Deus n\u00e3o abandona os seus filhos, mesmo nas situa\u00e7\u00f5es mais desesperadas. O Senhor \u00e9 fiel e cumpre as suas promessas de restaura\u00e7\u00e3o e vida.<\/span><span data-ccp-props=\"{&quot;201341983&quot;:0,&quot;335551550&quot;:6,&quot;335551620&quot;:6,&quot;335559739&quot;:140,&quot;335559740&quot;:360}\">\u00a0<\/span><\/p>\n<p style=\"text-align: justify;\"><b><span data-contrast=\"auto\">Salmo Responsorial \u2013 Salmo 129 (130)<\/span><\/b><span data-ccp-props=\"{&quot;201341983&quot;:0,&quot;335551550&quot;:6,&quot;335551620&quot;:6,&quot;335559739&quot;:140,&quot;335559740&quot;:360}\">\u00a0<\/span><\/p>\n<p style=\"text-align: justify;\"><span data-contrast=\"auto\">\u201cDo Senhor vem a miseric\u00f3rdia e a reden\u00e7\u00e3o.\u201d Este salmo \u00e9 um grito de confian\u00e7a que brota do fundo do abismo. Reconhecemos a nossa fragilidade e pecado, mas colocamos toda a esperan\u00e7a na miseric\u00f3rdia de Deus, que \u00e9 maior que qualquer escurid\u00e3o.<\/span><span data-ccp-props=\"{&quot;201341983&quot;:0,&quot;335551550&quot;:6,&quot;335551620&quot;:6,&quot;335559739&quot;:140,&quot;335559740&quot;:360}\">\u00a0<\/span><\/p>\n<p style=\"text-align: justify;\"><b><span data-contrast=\"auto\">2\u00aa Leitura \u2013 Romanos 8, 8-11<\/span><\/b><span data-ccp-props=\"{&quot;201341983&quot;:0,&quot;335551550&quot;:6,&quot;335551620&quot;:6,&quot;335559739&quot;:140,&quot;335559740&quot;:360}\">\u00a0<\/span><\/p>\n<p style=\"text-align: justify;\"><span data-contrast=\"auto\">S\u00e3o Paulo recorda-nos que o Esp\u00edrito de Deus habita em n\u00f3s. Se o Esp\u00edrito que ressuscitou Jesus est\u00e1 em n\u00f3s, tamb\u00e9m n\u00f3s seremos vivificados. A vida segundo o Esp\u00edrito \u00e9 o caminho da verdadeira liberdade e da comunh\u00e3o com Deus. Somos chamados a viver n\u00e3o segundo a carne, mas segundo o Esp\u00edrito.<\/span><span data-ccp-props=\"{&quot;201341983&quot;:0,&quot;335551550&quot;:6,&quot;335551620&quot;:6,&quot;335559739&quot;:140,&quot;335559740&quot;:360}\">\u00a0<\/span><\/p>\n<p style=\"text-align: justify;\"><b><span data-contrast=\"auto\">Evangelho \u2013 Jo\u00e3o 11, 1-45<\/span><\/b><span data-ccp-props=\"{&quot;201341983&quot;:0,&quot;335551550&quot;:6,&quot;335551620&quot;:6,&quot;335559739&quot;:140,&quot;335559740&quot;:360}\">\u00a0<\/span><\/p>\n<p style=\"text-align: justify;\"><span data-contrast=\"auto\">A ressurrei\u00e7\u00e3o de L\u00e1zaro \u00e9 o \u00e1pice das leituras deste domingo. Jesus revela-se como \u201ca Ressurrei\u00e7\u00e3o e a Vida\u201d. Diante do t\u00famulo do amigo, Cristo mostra a sua humanidade atrav\u00e9s das l\u00e1grimas e a sua divindade atrav\u00e9s do poder de devolver a vida. \u201cL\u00e1zaro, sai para fora!\u201d \u2013 este chamamento ressoa tamb\u00e9m para cada um de n\u00f3s, convidando-nos a sair das nossas pris\u00f5es interiores e a caminhar para a luz.<\/span><span data-ccp-props=\"{&quot;201341983&quot;:0,&quot;335551550&quot;:6,&quot;335551620&quot;:6,&quot;335559739&quot;:140,&quot;335559740&quot;:360}\">\u00a0<\/span><\/p>\n<p style=\"text-align: justify;\"><span data-contrast=\"auto\">A liturgia deste domingo convida-nos a renovar a nossa f\u00e9 em Cristo, Senhor da vida. Para viver concretamente esta mensagem,\u00a0\u00e9 importante:<\/span><span data-ccp-props=\"{&quot;201341983&quot;:0,&quot;335551550&quot;:6,&quot;335551620&quot;:6,&quot;335559739&quot;:140,&quot;335559740&quot;:360}\">\u00a0<\/span><\/p>\n<p style=\"text-align: justify;\"><b><span data-contrast=\"auto\">Examinar os nossos \u201ct\u00famulos\u201d<\/span><\/b><span data-contrast=\"auto\">: Identificar aquilo que nos mant\u00e9m presos \u2013 medos, ressentimentos, v\u00edcios, des\u00e2nimos \u2013 e apresent\u00e1-los ao Senhor na ora\u00e7\u00e3o, pedindo-lhe que nos liberte.<\/span><span data-ccp-props=\"{&quot;201341983&quot;:0,&quot;335551550&quot;:6,&quot;335551620&quot;:6,&quot;335559685&quot;:709,&quot;335559739&quot;:0,&quot;335559740&quot;:360}\">\u00a0<\/span><\/p>\n<p style=\"text-align: justify;\"><b><span data-contrast=\"auto\">Viver o Sacramento da Reconcilia\u00e7\u00e3o<\/span><\/b><span data-contrast=\"auto\">: A Quaresma \u00e9 tempo privilegiado para a Confiss\u00e3o. Deixemos que Cristo nos diga: \u201cSai para fora!\u201d e experimentemos a alegria do perd\u00e3o.<\/span><span data-ccp-props=\"{&quot;201341983&quot;:0,&quot;335551550&quot;:6,&quot;335551620&quot;:6,&quot;335559685&quot;:709,&quot;335559739&quot;:0,&quot;335559740&quot;:360}\">\u00a0<\/span><\/p>\n<p style=\"text-align: justify;\"><b><span data-contrast=\"auto\">Ser instrumentos de vida para os outros<\/span><\/b><span data-contrast=\"auto\">: Assim como Jesus chamou L\u00e1zaro \u00e0 vida, tamb\u00e9m n\u00f3s podemos ser presen\u00e7a de esperan\u00e7a para quem est\u00e1 \u201cmorto\u201d pelo sofrimento, pela solid\u00e3o ou pela desesperan\u00e7a. Uma palavra amiga, um gesto de caridade, podem ressuscitar cora\u00e7\u00f5es.<\/span><span data-ccp-props=\"{&quot;201341983&quot;:0,&quot;335551550&quot;:6,&quot;335551620&quot;:6,&quot;335559685&quot;:709,&quot;335559739&quot;:140,&quot;335559740&quot;:360}\">\u00a0<\/span><\/p>\n<p style=\"text-align: justify;\"><span data-contrast=\"auto\">Que este domingo nos prepare para celebrar com f\u00e9 renovada o grande mist\u00e9rio pascal: Cristo morreu e ressuscitou para que tenhamos vida em abund\u00e2ncia!<\/span><span data-ccp-props=\"{&quot;201341983&quot;:0,&quot;335551550&quot;:6,&quot;335551620&quot;:6,&quot;335559739&quot;:140,&quot;335559740&quot;:360}\">\u00a0<\/span><\/p>\n","protected":false},"excerpt":{"rendered":"<p>Dom Antonio Carlos Rossi Keller Bispo de Frederico Westphalen (RS) \u201cEu sou a Ressurrei\u00e7\u00e3o e a Vida\u201d\u00a0 A Liturgia do\u00a05\u00ba Domingo da Quaresma, no Ciclo A, \u00e9 um convite profundo \u00e0 esperan\u00e7a e \u00e0 f\u00e9 na vit\u00f3ria de Deus sobre a morte. Estamos \u00e0s portas da Semana Santa, e a Igreja nos apresenta a figura &hellip;<\/p>\n<p class=\"read-more\"> <a class=\"\" href=\"https:\/\/www.cnbb.org.br\/5o-domingo-da-quaresma-ciclo-a\/\"> <span class=\"screen-reader-text\">5\u00ba Domingo da Quaresma \u2013 Ciclo A\u00a0<\/span> Leia mais &raquo;<\/a><\/p>\n","protected":false},"author":1821,"featured_media":0,"comment_status":"closed","ping_status":"closed","sticky":false,"template":"","format":"standard","meta":{"site-sidebar-layout":"default","site-content-layout":"default","ast-global-header-display":"","ast-banner-title-visibility":"","ast-main-header-display":"","ast-hfb-above-header-display":"","ast-hfb-below-header-display":"","ast-hfb-mobile-header-display":"","site-post-title":"","ast-breadcrumbs-content":"","ast-featured-img":"","footer-sml-layout":"","theme-transparent-header-meta":"default","adv-header-id-meta":"","stick-header-meta":"","header-above-stick-meta":"","header-main-stick-meta":"","header-below-stick-meta":""},"categories":[758],"tags":[],"acf":[],"_links":{"self":[{"href":"https:\/\/www.cnbb.org.br\/cnbb-app\/wp\/v2\/posts\/996161"}],"collection":[{"href":"https:\/\/www.cnbb.org.br\/cnbb-app\/wp\/v2\/posts"}],"about":[{"href":"https:\/\/www.cnbb.org.br\/cnbb-app\/wp\/v2\/types\/post"}],"author":[{"embeddable":true,"href":"https:\/\/www.cnbb.org.br\/cnbb-app\/wp\/v2\/users\/1821"}],"replies":[{"embeddable":true,"href":"https:\/\/www.cnbb.org.br\/cnbb-app\/wp\/v2\/comments?post=996161"}],"version-history":[{"count":2,"href":"https:\/\/www.cnbb.org.br\/cnbb-app\/wp\/v2\/posts\/996161\/revisions"}],"predecessor-version":[{"id":996163,"href":"https:\/\/www.cnbb.org.br\/cnbb-app\/wp\/v2\/posts\/996161\/revisions\/996163"}],"wp:attachment":[{"href":"https:\/\/www.cnbb.org.br\/cnbb-app\/wp\/v2\/media?parent=996161"}],"wp:term":[{"taxonomy":"category","embeddable":true,"href":"https:\/\/www.cnbb.org.br\/cnbb-app\/wp\/v2\/categories?post=996161"},{"taxonomy":"post_tag","embeddable":true,"href":"https:\/\/www.cnbb.org.br\/cnbb-app\/wp\/v2\/tags?post=996161"}],"curies":[{"name":"wp","href":"https:\/\/api.w.org\/{rel}","templated":true}]}}