{"id":996165,"date":"2026-03-17T14:11:53","date_gmt":"2026-03-17T17:11:53","guid":{"rendered":"https:\/\/www.cnbb.org.br\/?p=996165"},"modified":"2026-03-17T14:12:42","modified_gmt":"2026-03-17T17:12:42","slug":"sao-jose-artesao-da-paz-e-formador-de-uma-nova-humanidade","status":"publish","type":"post","link":"https:\/\/www.cnbb.org.br\/sao-jose-artesao-da-paz-e-formador-de-uma-nova-humanidade\/","title":{"rendered":"S\u00e3o Jos\u00e9: artes\u00e3o da paz e formador de uma nova humanidade\u00a0"},"content":{"rendered":"<p style=\"text-align: right;\"><b><span data-contrast=\"none\">Dom Roberto Francisco Ferrer\u00eda Paz<br \/>\n<\/span><\/b><b><span data-contrast=\"none\">Bispo de Campos (RJ)<\/span><\/b><span data-ccp-props=\"{&quot;201341983&quot;:0,&quot;335551550&quot;:2,&quot;335551620&quot;:2,&quot;335559739&quot;:0,&quot;335559740&quot;:240}\"><\/p>\n<p><\/span><\/p>\n<p style=\"text-align: justify;\"><span data-ccp-props=\"{&quot;201341983&quot;:0,&quot;335559739&quot;:240,&quot;335559740&quot;:240}\">\u00a0<\/span><\/p>\n<p style=\"text-align: justify;\"><span data-contrast=\"none\">Ir ao encontro de S\u00e3o Jos\u00e9 sempre ser\u00e1 uma experi\u00eancia de profunda alegria, serenidade e confian\u00e7a. Especialmente nestes tempos de incerteza, conflitos dilacerantes e \u00f3dio\u00a0inuscitado.\u00a0<\/span><span data-ccp-props=\"{&quot;201341983&quot;:0,&quot;335551550&quot;:6,&quot;335551620&quot;:6,&quot;335559739&quot;:0,&quot;335559740&quot;:240}\">\u00a0<\/span><\/p>\n<p style=\"text-align: justify;\"><span data-contrast=\"none\">Com ele aprendemos o verdadeiro sentido da paz, n\u00e3o a paz de acordos, normas e declara\u00e7\u00f5es tantas vezes repetidas, certamente uteis, mas insuficientes.\u00a0<\/span><span data-ccp-props=\"{&quot;201341983&quot;:0,&quot;335551550&quot;:6,&quot;335551620&quot;:6,&quot;335559739&quot;:0,&quot;335559740&quot;:240}\">\u00a0<\/span><\/p>\n<p style=\"text-align: justify;\"><span data-contrast=\"none\">Sua pessoa s\u00e1bia, prudente e silenciosa nos permite descobrir a paz como d\u00e1diva divina que mostrou seu esplendor na Noite de Natal, na gruta de Bel\u00e9m. Ela \u00e9 sempre um\u00a0anuncio\u00a0que nos\u00a0transcende\u00a0mas que nos envolve e convida sempre a uma resposta.\u00a0<\/span><span data-ccp-props=\"{&quot;201341983&quot;:0,&quot;335551550&quot;:6,&quot;335551620&quot;:6,&quot;335559739&quot;:0,&quot;335559740&quot;:240}\">\u00a0<\/span><\/p>\n<p style=\"text-align: justify;\"><span data-contrast=\"none\">O Cardeal Renato\u00a0Raffaele\u00a0Martino no seu livro Paz e Guerra, que acompanha a evolu\u00e7\u00e3o teol\u00f3gica dos conceitos de paz, passando de uma paz delimitada pelo direito da guerra justa como era considerada no Tratado De\u00a0Iustitia\u00a0et\u00a0Iure\u00a0(Da justi\u00e7a e do direito) a concep\u00e7\u00e3o mais ampla da\u00a0ordinata\u00a0conc\u00f3rdia da paz, uma paz social nascida da concord\u00e2ncia dos cora\u00e7\u00f5es.\u00a0Seguindo a Santo Agostinho, Santo Tom\u00e1s afirmava que a \u201cpaz dos Santos \u00e9 serenidade da mente, tranquilidade de\u00a0\u00e1nimo, simplicidade de cora\u00e7\u00e3o, v\u00ednculo de amor e cons\u00f3rcio de caridade, (Summa\u00a0Theologiae\u00a0III, d 27, q 2, 1.) Paz inspirada em Deus pois Ele \u00e9 o dador da paz, aquele que ama, o seu autor e quem a habita.\u00a0<\/span><span data-ccp-props=\"{&quot;201341983&quot;:0,&quot;335551550&quot;:6,&quot;335551620&quot;:6,&quot;335559739&quot;:0,&quot;335559740&quot;:240}\">\u00a0<\/span><\/p>\n<p style=\"text-align: justify;\"><span data-contrast=\"none\">S\u00e3o Jos\u00e9 nos apresenta no seu filho adotivo, a paz messi\u00e2nica, enraizada na a\u00e7\u00e3o pacificadora do Reino na hist\u00f3ria humana. Paz que proposta pela Igreja, nos leva a uma op\u00e7\u00e3o prof\u00e9tica e um compromisso \u00e9tico com todas as pessoas, povos e na\u00e7\u00f5es da terra.\u00a0<\/span><span data-ccp-props=\"{&quot;201341983&quot;:0,&quot;335551550&quot;:6,&quot;335551620&quot;:6,&quot;335559739&quot;:0,&quot;335559740&quot;:240}\">\u00a0<\/span><\/p>\n<p style=\"text-align: justify;\"><span data-contrast=\"none\">No entanto nunca dever\u00edamos esquecer que ela brota dos pequenos e humildes, dos mansos e dos pobres, que como o\u00a0justo\u00a0Jos\u00e9, se tornam artes\u00e3os cotidianos da paz, com sua entrega, simplicidade de vida, solidariedade fraterna e sua justi\u00e7a equitativa e generosa que cura e restaura relacionamentos, formas de conviv\u00eancia e congra\u00e7amento humano.<\/span><span data-ccp-props=\"{&quot;201341983&quot;:0,&quot;335551550&quot;:6,&quot;335551620&quot;:6,&quot;335559739&quot;:0,&quot;335559740&quot;:240}\">\u00a0<\/span><\/p>\n<p style=\"text-align: justify;\"><span data-contrast=\"none\">Pois nunca teremos estruturas de paz, sem homens e mulheres de paz, sem pessoas pac\u00edficas. Jos\u00e9 nos ensina o caminho de uma paz desarmada e\u00a0desarmante, centrada na vontade de Deus, constru\u00edda a partir do paciente empenho de servir sempre na escuta, di\u00e1logo e entendimento, superando a armadilha da tese do choque das civiliza\u00e7\u00f5es, para como falava\u00a0entusiasmado Dom Helder C\u00e2mara promover a sinfonia de todos os povos e culturas.\u00a0<\/span><span data-ccp-props=\"{&quot;201341983&quot;:0,&quot;335551550&quot;:6,&quot;335551620&quot;:6,&quot;335559739&quot;:0,&quot;335559740&quot;:240}\">\u00a0<\/span><\/p>\n<p style=\"text-align: justify;\"><span data-contrast=\"none\">Na humilde oficina de Nazar\u00e9 onde o menino Jesus acostumou suas m\u00e3os ao trabalho, sua mente e cora\u00e7\u00e3o humano a compreender o sentido e valor da nossa vida, iniciou-se a forja de uma nova humanidade, come\u00e7ou a transforma\u00e7\u00e3o mais profunda da nossa hist\u00f3ria, abriram-se definitivamente nossos horizontes a uma\u00a0shalom\u00a0integra e integral, de reconcilia\u00e7\u00e3o plena com Deus, e fraternidade para com todas as pessoas e criaturas, com todo o universo. S\u00e3o Jos\u00e9 homem, justo, pac\u00edfico e pai de ternura, rogai por n\u00f3s!<\/span><span data-ccp-props=\"{&quot;201341983&quot;:0,&quot;335551550&quot;:6,&quot;335551620&quot;:6,&quot;335559739&quot;:0,&quot;335559740&quot;:240}\">\u00a0<\/span><\/p>\n","protected":false},"excerpt":{"rendered":"<p>Dom Roberto Francisco Ferrer\u00eda Paz Bispo de Campos (RJ) \u00a0 Ir ao encontro de S\u00e3o Jos\u00e9 sempre ser\u00e1 uma experi\u00eancia de profunda alegria, serenidade e confian\u00e7a. Especialmente nestes tempos de incerteza, conflitos dilacerantes e \u00f3dio\u00a0inuscitado.\u00a0\u00a0 Com ele aprendemos o verdadeiro sentido da paz, n\u00e3o a paz de acordos, normas e declara\u00e7\u00f5es tantas vezes repetidas, certamente &hellip;<\/p>\n<p class=\"read-more\"> <a class=\"\" href=\"https:\/\/www.cnbb.org.br\/sao-jose-artesao-da-paz-e-formador-de-uma-nova-humanidade\/\"> <span class=\"screen-reader-text\">S\u00e3o Jos\u00e9: artes\u00e3o da paz e formador de uma nova humanidade\u00a0<\/span> Leia mais &raquo;<\/a><\/p>\n","protected":false},"author":23,"featured_media":0,"comment_status":"closed","ping_status":"closed","sticky":false,"template":"","format":"standard","meta":{"site-sidebar-layout":"default","site-content-layout":"default","ast-global-header-display":"","ast-banner-title-visibility":"","ast-main-header-display":"","ast-hfb-above-header-display":"","ast-hfb-below-header-display":"","ast-hfb-mobile-header-display":"","site-post-title":"","ast-breadcrumbs-content":"","ast-featured-img":"","footer-sml-layout":"","theme-transparent-header-meta":"default","adv-header-id-meta":"","stick-header-meta":"","header-above-stick-meta":"","header-main-stick-meta":"","header-below-stick-meta":""},"categories":[758],"tags":[],"acf":[],"_links":{"self":[{"href":"https:\/\/www.cnbb.org.br\/cnbb-app\/wp\/v2\/posts\/996165"}],"collection":[{"href":"https:\/\/www.cnbb.org.br\/cnbb-app\/wp\/v2\/posts"}],"about":[{"href":"https:\/\/www.cnbb.org.br\/cnbb-app\/wp\/v2\/types\/post"}],"author":[{"embeddable":true,"href":"https:\/\/www.cnbb.org.br\/cnbb-app\/wp\/v2\/users\/23"}],"replies":[{"embeddable":true,"href":"https:\/\/www.cnbb.org.br\/cnbb-app\/wp\/v2\/comments?post=996165"}],"version-history":[{"count":2,"href":"https:\/\/www.cnbb.org.br\/cnbb-app\/wp\/v2\/posts\/996165\/revisions"}],"predecessor-version":[{"id":996167,"href":"https:\/\/www.cnbb.org.br\/cnbb-app\/wp\/v2\/posts\/996165\/revisions\/996167"}],"wp:attachment":[{"href":"https:\/\/www.cnbb.org.br\/cnbb-app\/wp\/v2\/media?parent=996165"}],"wp:term":[{"taxonomy":"category","embeddable":true,"href":"https:\/\/www.cnbb.org.br\/cnbb-app\/wp\/v2\/categories?post=996165"},{"taxonomy":"post_tag","embeddable":true,"href":"https:\/\/www.cnbb.org.br\/cnbb-app\/wp\/v2\/tags?post=996165"}],"curies":[{"name":"wp","href":"https:\/\/api.w.org\/{rel}","templated":true}]}}