{"id":9982,"date":"2012-02-13T00:00:00","date_gmt":"2012-02-13T02:00:00","guid":{"rendered":"https:\/\/www.cnbb.org.br\/dom-joao-justino-ordenado-bispo-auxiliar-para-belo-horizonte\/"},"modified":"2012-02-13T00:00:00","modified_gmt":"2012-02-13T02:00:00","slug":"dom-joao-justino-ordenado-bispo-auxiliar-para-belo-horizonte","status":"publish","type":"post","link":"https:\/\/www.cnbb.org.br\/dom-joao-justino-ordenado-bispo-auxiliar-para-belo-horizonte\/","title":{"rendered":"Dom Jo\u00e3o Justino ordenado bispo auxiliar para Belo Horizonte"},"content":{"rendered":"<p style=\"text-align: justify\">A Arquidiocese de Belo Horizonte celebrou no \u00faltimo s\u00e1bado (11\/02) a ordena\u00e7\u00e3o episcopal do seu novo bispo auxiliar, dom Jo\u00e3o Justino de Medeiros Silva. A cerim\u00f4nia ocorreu na Catedral de Santo Ant\u00f4nio, em Juiz de Fora\/MG, e foi presidida pelo arcebispo metropolitano da capital mineira, dom Walmor Oliveira de Azevedo. Co-presidiram a celebra\u00e7\u00e3o o arcebispo de Juiz de Fora, dom Gil Ant\u00f4nio Moreira, e o arcebispo em\u00e9rito, dom Cl\u00f3vis Frainer, OFMCap.<\/p>\n<p><!--more--><\/p>\n<p style=\"text-align: justify\">Em sua homilia, dom Walmor falou da alegria de receber mais um auxiliar em sua arquidiocese, fazendo uma analogia com a figura de Jo\u00e3o Batista. \u201cVeio para dar testemunho da luz a fim de que todos pudessem ver. Testemunho da luz que \u00e9 Deus. Um modelo para o caminho mission\u00e1rio de dom Jo\u00e3o Justino\u201d. Tamb\u00e9m participaram da cerim\u00f4nia os bispos auxiliares de Belo Horizonte, dom Joaquim Giovani Mol Guimar\u00e3es, dom Luiz Gonzaga Fechio e dom Wilson Lu\u00eds Angotti Filho.<\/p>\n<p style=\"text-align: justify\">O novo bispo auxiliar fez em sua mensagem ao final da missa uma recorda\u00e7\u00e3o de sua trajet\u00f3ria na Igreja da capital mineira, j\u00e1 que o dia de sua ordena\u00e7\u00e3o tamb\u00e9m era celebrado os 91 anos da arquidiocese.\u00a0 O in\u00edcio do Minist\u00e9rio Episcopal de dom Jo\u00e3o Justino ser\u00e1 no dia 25 de fevereiro, com uma missa celebrada no Santu\u00e1rio S\u00e3o Judas Tadeu &#8211; bairro da Gra\u00e7a, em Belo Horizonte.<\/p>\n","protected":false},"excerpt":{"rendered":"<p>A Arquidiocese de Belo Horizonte celebrou no \u00faltimo s\u00e1bado (11\/02) a ordena\u00e7\u00e3o episcopal do seu novo bispo auxiliar, dom Jo\u00e3o Justino de Medeiros Silva. A cerim\u00f4nia ocorreu na Catedral de Santo Ant\u00f4nio, em Juiz de Fora\/MG, e foi presidida pelo arcebispo metropolitano da capital mineira, dom Walmor Oliveira de Azevedo. Co-presidiram a celebra\u00e7\u00e3o o arcebispo &hellip;<\/p>\n<p class=\"read-more\"> <a class=\"\" href=\"https:\/\/www.cnbb.org.br\/dom-joao-justino-ordenado-bispo-auxiliar-para-belo-horizonte\/\"> <span class=\"screen-reader-text\">Dom Jo\u00e3o Justino ordenado bispo auxiliar para Belo Horizonte<\/span> Leia mais &raquo;<\/a><\/p>\n","protected":false},"author":83,"featured_media":9983,"comment_status":"open","ping_status":"open","sticky":false,"template":"","format":"standard","meta":{"site-sidebar-layout":"default","site-content-layout":"default","ast-global-header-display":"","ast-banner-title-visibility":"","ast-main-header-display":"","ast-hfb-above-header-display":"","ast-hfb-below-header-display":"","ast-hfb-mobile-header-display":"","site-post-title":"","ast-breadcrumbs-content":"","ast-featured-img":"","footer-sml-layout":"","theme-transparent-header-meta":"","adv-header-id-meta":"","stick-header-meta":"","header-above-stick-meta":"","header-main-stick-meta":"","header-below-stick-meta":""},"categories":[798],"tags":[],"acf":[],"_links":{"self":[{"href":"https:\/\/www.cnbb.org.br\/cnbb-app\/wp\/v2\/posts\/9982"}],"collection":[{"href":"https:\/\/www.cnbb.org.br\/cnbb-app\/wp\/v2\/posts"}],"about":[{"href":"https:\/\/www.cnbb.org.br\/cnbb-app\/wp\/v2\/types\/post"}],"author":[{"embeddable":true,"href":"https:\/\/www.cnbb.org.br\/cnbb-app\/wp\/v2\/users\/83"}],"replies":[{"embeddable":true,"href":"https:\/\/www.cnbb.org.br\/cnbb-app\/wp\/v2\/comments?post=9982"}],"version-history":[{"count":0,"href":"https:\/\/www.cnbb.org.br\/cnbb-app\/wp\/v2\/posts\/9982\/revisions"}],"wp:featuredmedia":[{"embeddable":true,"href":"https:\/\/www.cnbb.org.br\/cnbb-app\/wp\/v2\/media\/9983"}],"wp:attachment":[{"href":"https:\/\/www.cnbb.org.br\/cnbb-app\/wp\/v2\/media?parent=9982"}],"wp:term":[{"taxonomy":"category","embeddable":true,"href":"https:\/\/www.cnbb.org.br\/cnbb-app\/wp\/v2\/categories?post=9982"},{"taxonomy":"post_tag","embeddable":true,"href":"https:\/\/www.cnbb.org.br\/cnbb-app\/wp\/v2\/tags?post=9982"}],"curies":[{"name":"wp","href":"https:\/\/api.w.org\/{rel}","templated":true}]}}