{"id":9984,"date":"2012-02-23T00:00:00","date_gmt":"2012-02-23T02:00:00","guid":{"rendered":"https:\/\/www.cnbb.org.br\/papa-escolhe-novo-arcebispo-de-teresina\/"},"modified":"2012-02-23T00:00:00","modified_gmt":"2012-02-23T02:00:00","slug":"papa-escolhe-novo-arcebispo-de-teresina","status":"publish","type":"post","link":"https:\/\/www.cnbb.org.br\/papa-escolhe-novo-arcebispo-de-teresina\/","title":{"rendered":"Papa escolhe novo arcebispo para Teresina"},"content":{"rendered":"<p style=\"text-align: justify\">O Santo Padre, o papa Bento XVI nomeou na manh\u00e3 de hoje, 22, para a arquidiocese vacante de Teresina (PI), dom Jacinto Furtado de Brito Sobrinho, transferido da diocese de Crate\u00fas (CE). Dom Jacinto sucede a dom S\u00e9rgio da Rocha, que foi transferido para a arquidiocese de Bras\u00edlia (DF) no \u00faltimo dia 15 de junho de 2011.<\/p>\n<p><!--more--><\/p>\n<p style=\"text-align: justify\">Dom Jacinto nasceu em 1947, em Bacabal (MA). Estudou Filosofia no Semin\u00e1rio Provincial de Fortaleza (CE) e Teologia no Semin\u00e1rio Provincial do Nordeste, em Recife (PE). Dom Jacinto tamb\u00e9m \u00e9 formado em Psico-Pedagogia, pelo Centro Ecum\u00eanico de Servi\u00e7o \u00e0 Evangeliza\u00e7\u00e3o Popular, em Viam\u00e3o (RS).<\/p>\n<p style=\"text-align: justify\">Ele foi ordenado sacerdote em 15 de janeiro de 1972 fazendo parte do clero da diocese de Bacabal. Como padre exerceu os seguintes cargos: paroco na Par\u00f3quia de S\u00e3o Benedito Pedreiras, diocese de Bacabal (1972-1994) e membro do Conselho Pastoral Diocesano (1972-1980) e membro da Comiss\u00e3o Nacional para o Clero (1980-1983), Membro do Conselho de Consultores da diocese (1984-1994), Vig\u00e1rio Geral da diocese (1990-1995), Vice-Reitor (1994-1995) e Reitor do Semin\u00e1rio Inter-diocesano de Santo Ant\u00f4nio, em S\u00e3o Lu\u00eds do Maranh\u00e3o (1995-1998), entre outros.<\/p>\n<p style=\"text-align: justify\">O novo arcebispo de Teresina \u00e9 tamb\u00e9m o autor de v\u00e1rios livros de assist\u00eancia espiritual e pastoral. Foi escolhido bispo de Crate\u00fas no dia 18 de fevereiro de 1998, cargo que assumiu em maio do mesmo ano.<\/p>\n","protected":false},"excerpt":{"rendered":"<p>O Santo Padre, o papa Bento XVI nomeou na manh\u00e3 de hoje, 22, para a arquidiocese vacante de Teresina (PI), dom Jacinto Furtado de Brito Sobrinho, transferido da diocese de Crate\u00fas (CE). Dom Jacinto sucede a dom S\u00e9rgio da Rocha, que foi transferido para a arquidiocese de Bras\u00edlia (DF) no \u00faltimo dia 15 de junho &hellip;<\/p>\n<p class=\"read-more\"> <a class=\"\" href=\"https:\/\/www.cnbb.org.br\/papa-escolhe-novo-arcebispo-de-teresina\/\"> <span class=\"screen-reader-text\">Papa escolhe novo arcebispo para Teresina<\/span> Leia mais &raquo;<\/a><\/p>\n","protected":false},"author":83,"featured_media":9985,"comment_status":"open","ping_status":"open","sticky":false,"template":"","format":"standard","meta":{"site-sidebar-layout":"default","site-content-layout":"default","ast-global-header-display":"","ast-banner-title-visibility":"","ast-main-header-display":"","ast-hfb-above-header-display":"","ast-hfb-below-header-display":"","ast-hfb-mobile-header-display":"","site-post-title":"","ast-breadcrumbs-content":"","ast-featured-img":"","footer-sml-layout":"","theme-transparent-header-meta":"","adv-header-id-meta":"","stick-header-meta":"","header-above-stick-meta":"","header-main-stick-meta":"","header-below-stick-meta":""},"categories":[798],"tags":[],"acf":[],"_links":{"self":[{"href":"https:\/\/www.cnbb.org.br\/cnbb-app\/wp\/v2\/posts\/9984"}],"collection":[{"href":"https:\/\/www.cnbb.org.br\/cnbb-app\/wp\/v2\/posts"}],"about":[{"href":"https:\/\/www.cnbb.org.br\/cnbb-app\/wp\/v2\/types\/post"}],"author":[{"embeddable":true,"href":"https:\/\/www.cnbb.org.br\/cnbb-app\/wp\/v2\/users\/83"}],"replies":[{"embeddable":true,"href":"https:\/\/www.cnbb.org.br\/cnbb-app\/wp\/v2\/comments?post=9984"}],"version-history":[{"count":0,"href":"https:\/\/www.cnbb.org.br\/cnbb-app\/wp\/v2\/posts\/9984\/revisions"}],"wp:featuredmedia":[{"embeddable":true,"href":"https:\/\/www.cnbb.org.br\/cnbb-app\/wp\/v2\/media\/9985"}],"wp:attachment":[{"href":"https:\/\/www.cnbb.org.br\/cnbb-app\/wp\/v2\/media?parent=9984"}],"wp:term":[{"taxonomy":"category","embeddable":true,"href":"https:\/\/www.cnbb.org.br\/cnbb-app\/wp\/v2\/categories?post=9984"},{"taxonomy":"post_tag","embeddable":true,"href":"https:\/\/www.cnbb.org.br\/cnbb-app\/wp\/v2\/tags?post=9984"}],"curies":[{"name":"wp","href":"https:\/\/api.w.org\/{rel}","templated":true}]}}