{"id":999481,"date":"2026-04-27T10:12:36","date_gmt":"2026-04-27T13:12:36","guid":{"rendered":"https:\/\/www.cnbb.org.br\/?p=999481"},"modified":"2026-04-27T10:13:34","modified_gmt":"2026-04-27T13:13:34","slug":"jesus-o-bom-pastor-a-porta-que-nos-leva-para-o-ceu","status":"publish","type":"post","link":"https:\/\/www.cnbb.org.br\/jesus-o-bom-pastor-a-porta-que-nos-leva-para-o-ceu\/","title":{"rendered":"Jesus, o Bom Pastor, a porta que nos leva para o c\u00e9u!\u00a0"},"content":{"rendered":"<p style=\"text-align: right;\"><b><span data-contrast=\"none\">Cardeal Orani Jo\u00e3o Tempesta<\/span><\/b><span data-ccp-props=\"{&quot;201341983&quot;:0,&quot;335551550&quot;:3,&quot;335551620&quot;:3,&quot;335559731&quot;:708,&quot;335559739&quot;:160,&quot;335559740&quot;:278}\"><br \/>\n<\/span><b><span data-contrast=\"none\">Arcebispo do Rio de Janeiro (RJ)<\/span><\/b><span data-ccp-props=\"{&quot;201341983&quot;:0,&quot;335551550&quot;:3,&quot;335551620&quot;:3,&quot;335559731&quot;:708,&quot;335559739&quot;:160,&quot;335559740&quot;:278}\">\u00a0<\/span><\/p>\n<p style=\"text-align: justify;\"><span data-ccp-props=\"{&quot;201341983&quot;:0,&quot;335551550&quot;:6,&quot;335551620&quot;:6,&quot;335559731&quot;:709,&quot;335559739&quot;:160,&quot;335559740&quot;:278}\">\u00a0<\/span><\/p>\n<p style=\"text-align: justify;\"><span data-contrast=\"auto\">Neste clima de profunda alegria pascal que ainda ilumina os nossos cora\u00e7\u00f5es, a liturgia da Igreja nos conduz hoje ao 4\u00ba Domingo da P\u00e1scoa, tradicionalmente e afetuosamente conhecido por todos n\u00f3s como o &#8220;Domingo do Bom Pastor&#8221;. \u00c9 tamb\u00e9m o dia em que, em uni\u00e3o com o Santo Padre, o Papa\u00a0Le\u00e3o, e com toda a Igreja espalhada pelo mundo, celebramos o Dia Mundial de Ora\u00e7\u00e3o pelas Voca\u00e7\u00f5es. Como \u00e9 reconfortante para n\u00f3s, que caminhamos tantas vezes em meio \u00e0s turbul\u00eancias deste mundo e aos desafios da nossa grande cidade, ouvir a voz do Senhor que nos garante o seu cuidado amoroso e paternal.<\/span><span data-ccp-props=\"{&quot;201341983&quot;:0,&quot;335551550&quot;:6,&quot;335551620&quot;:6,&quot;335559731&quot;:709,&quot;335559739&quot;:160,&quot;335559740&quot;:278}\">\u00a0<\/span><\/p>\n<p style=\"text-align: justify;\"><span data-contrast=\"auto\">A Palavra de Deus que nos \u00e9 proposta neste Ano A nos convida a uma reflex\u00e3o profunda sobre a identidade de Jesus e, consequentemente, sobre a nossa pr\u00f3pria identidade como seu rebanho. O Evangelho de S\u00e3o Jo\u00e3o (Jo\u00a010, 1-10) nos apresenta Jesus utilizando uma imagem muito familiar para o povo da sua \u00e9poca, mas que carrega uma densidade teol\u00f3gica e pastoral imensa para n\u00f3s hoje. Curiosamente, antes mesmo de se apresentar diretamente como o Pastor, Jesus se apresenta como a &#8220;porta&#8221;. Ele nos diz com clareza:\u00a0<\/span><i><span data-contrast=\"auto\">&#8220;Em verdade, em verdade vos digo: eu sou a porta das ovelhas&#8221;<\/span><\/i><span data-contrast=\"auto\">\u00a0(Jo\u00a010, 7).<\/span><span data-ccp-props=\"{&quot;201341983&quot;:0,&quot;335551550&quot;:6,&quot;335551620&quot;:6,&quot;335559731&quot;:709,&quot;335559739&quot;:160,&quot;335559740&quot;:278}\">\u00a0<\/span><\/p>\n<p style=\"text-align: justify;\"><span data-contrast=\"auto\">O\u00a0que significa Jesus ser a porta? Em nossos dias, as portas muitas vezes representam barreiras, sistemas de seguran\u00e7a, fechaduras e grades que nos isolam por medo da viol\u00eancia urbana e da inseguran\u00e7a que, infelizmente, marcam a realidade de nossa metr\u00f3pole. Mas a porta que \u00e9 Cristo tem um sentido oposto: ela n\u00e3o \u00e9 para nos trancafiar no medo, mas para nos dar o verdadeiro acesso \u00e0 liberdade e \u00e0 salva\u00e7\u00e3o. Jesus afirma:\u00a0<\/span><i><span data-contrast=\"auto\">&#8220;Se algu\u00e9m entrar por mim, ser\u00e1 salvo; entrar\u00e1 e sair\u00e1 e encontrar\u00e1 pastagem&#8221;<\/span><\/i><span data-contrast=\"auto\">\u00a0(Jo\u00a010, 9). Entrar por esta porta \u00e9 aderir \u00e0 pessoa de Jesus, \u00e9 assumir o Seu projeto de amor. \u00c9\u00a0deixar para tr\u00e1s\u00a0as portas largas do ego\u00edsmo, do consumismo e da indiferen\u00e7a que o mundo nos oferece e que, no fim, levam apenas ao vazio.<\/span><span data-ccp-props=\"{&quot;201341983&quot;:0,&quot;335551550&quot;:6,&quot;335551620&quot;:6,&quot;335559731&quot;:709,&quot;335559739&quot;:160,&quot;335559740&quot;:278}\">\u00a0<\/span><\/p>\n<p style=\"text-align: justify;\"><span data-contrast=\"auto\">O Senhor nos adverte no mesmo Evangelho sobre os ladr\u00f5es e assaltantes, aqueles que n\u00e3o entram pela porta, mas pulam o muro. Quantas vozes, hoje em dia, tentam roubar a esperan\u00e7a do nosso povo? Quantos &#8220;falsos pastores&#8221; \u2013 na forma de ideologias vazias, de promessas de felicidade f\u00e1cil, de \u00eddolos do poder e do dinheiro \u2013 tentam arrancar as ovelhas do redil\u00a0de Cristo? O ladr\u00e3o, adverte o Senhor,\u00a0<\/span><i><span data-contrast=\"auto\">&#8220;s\u00f3 vem para roubar, matar e destruir&#8221;<\/span><\/i><span data-contrast=\"auto\">\u00a0(Jo\u00a010, 10a). N\u00f3s vemos, com dor no cora\u00e7\u00e3o de pastor, o estrago causado por esses &#8220;ladr\u00f5es&#8221; em nossa sociedade: fam\u00edlias destru\u00eddas, jovens perdidos no abismo das drogas, a banaliza\u00e7\u00e3o da vida, a viol\u00eancia que ceifa vidas inocentes em nossas ruas. Mas a resposta de Jesus \u00e9 contundente e enche a nossa Arquidiocese de esperan\u00e7a:\u00a0<\/span><i><span data-contrast=\"auto\">&#8220;Eu vim para que tenham vida, e a tenham em abund\u00e2ncia&#8221;<\/span><\/i><span data-contrast=\"auto\">\u00a0(Jo\u00a010, 10b).<\/span><span data-ccp-props=\"{&quot;201341983&quot;:0,&quot;335551550&quot;:6,&quot;335551620&quot;:6,&quot;335559731&quot;:709,&quot;335559739&quot;:160,&quot;335559740&quot;:278}\">\u00a0<\/span><\/p>\n<p style=\"text-align: justify;\"><span data-contrast=\"auto\">Para termos acesso a essa vida em abund\u00e2ncia, precisamos reconhecer que, muitas vezes, fomos n\u00f3s que nos afastamos da porta. A Segunda Leitura de hoje, extra\u00edda da Primeira Carta de S\u00e3o Pedro (1Pd 2, 20b-25), nos recorda a nossa condi\u00e7\u00e3o e o imenso sacrif\u00edcio do amor de Cristo por n\u00f3s. O Ap\u00f3stolo nos diz:\u00a0<\/span><i><span data-contrast=\"auto\">&#8220;Carregou os nossos pecados em seu pr\u00f3prio corpo, sobre a cruz, a fim de que, mortos para os pecados, vivamos para a justi\u00e7a&#8221;<\/span><\/i><span data-contrast=\"auto\">\u00a0(1Pd 2, 24). E completa com uma imagem tocante:\u00a0<\/span><i><span data-contrast=\"auto\">&#8220;And\u00e1veis como ovelhas desgarradas, mas agora voltastes ao pastor e guarda de vossas vidas&#8221;<\/span><\/i><span data-contrast=\"auto\">\u00a0(1Pd 2, 25).<\/span><span data-ccp-props=\"{&quot;201341983&quot;:0,&quot;335551550&quot;:6,&quot;335551620&quot;:6,&quot;335559731&quot;:709,&quot;335559739&quot;:160,&quot;335559740&quot;:278}\">\u00a0<\/span><\/p>\n<p style=\"text-align: justify;\"><span data-contrast=\"auto\">Esta \u00e9 a grande mensagem de miseric\u00f3rdia deste domingo. N\u00e3o importa qu\u00e3o longe tenhamos andado, n\u00e3o importa se nos sentimos perdidos nas &#8220;periferias existenciais&#8221; e geogr\u00e1ficas de nossa cidade. O Pastor entregou a sua vida por n\u00f3s e nos chama pelo nome. E as ovelhas, diz o Evangelho, reconhecem a sua voz. Reconhecer a voz do Pastor em meio ao barulho ensurdecedor do mundo atual exige intimidade, exige ora\u00e7\u00e3o, exige a viv\u00eancia dos sacramentos e a escuta atenta da Palavra de Deus nas nossas comunidades paroquiais.<\/span><span data-ccp-props=\"{&quot;201341983&quot;:0,&quot;335551550&quot;:6,&quot;335551620&quot;:6,&quot;335559731&quot;:709,&quot;335559739&quot;:160,&quot;335559740&quot;:278}\">\u00a0<\/span><\/p>\n<p style=\"text-align: justify;\"><span data-contrast=\"auto\">Essa escuta atenta gera uma mudan\u00e7a de vida. \u00c9 o que vemos na Primeira Leitura, dos Atos dos Ap\u00f3stolos (At 2, 14a. 36-41). Ap\u00f3s ouvirem o primeiro grande discurso de Pedro, no dia de Pentecostes, os cora\u00e7\u00f5es dos ouvintes foram compungidos e eles perguntaram:\u00a0<\/span><i><span data-contrast=\"auto\">&#8220;Que devemos fazer, irm\u00e3os?&#8221;.<\/span><\/i><span data-contrast=\"auto\">\u00a0E a resposta de Pedro ecoa hoje para n\u00f3s:\u00a0<\/span><i><span data-contrast=\"auto\">&#8220;Convertei-vos, e cada um de v\u00f3s seja batizado em nome de Jesus Cristo, para o perd\u00e3o dos vossos pecados&#8221;<\/span><\/i><span data-contrast=\"auto\">\u00a0(At 2, 38). A convers\u00e3o n\u00e3o \u00e9 um ato isolado do passado, mas um retorno di\u00e1rio e constante aos bra\u00e7os do Bom Pastor. \u00c9 o esfor\u00e7o cont\u00ednuo de fazer com que a nossa vida, as nossas atitudes, a nossa \u00e9tica de trabalho e o nosso conv\u00edvio familiar sejam reflexos do amor de Cristo.<\/span><span data-ccp-props=\"{&quot;201341983&quot;:0,&quot;335551550&quot;:6,&quot;335551620&quot;:6,&quot;335559731&quot;:709,&quot;335559739&quot;:160,&quot;335559740&quot;:278}\">\u00a0<\/span><\/p>\n<p style=\"text-align: justify;\"><span data-contrast=\"auto\">Neste Dia Mundial de Ora\u00e7\u00e3o pelas Voca\u00e7\u00f5es, o meu cora\u00e7\u00e3o de Arcebispo se volta com muito carinho para todos voc\u00eas, mas de modo muito especial para a nossa juventude. Precisamos de pastores segundo o cora\u00e7\u00e3o de Deus! Convido toda a nossa Igreja a rezar intensamente para que o Senhor da messe envie oper\u00e1rios. Rezemos pelos nossos padres, que gastam a vida em nossas par\u00f3quias e favelas, sendo sinais do Bom Pastor. Rezemos pelos religiosos e religiosas. E rezemos tamb\u00e9m por todos os crist\u00e3os leigos e leigas, para que assumam sua voca\u00e7\u00e3o matrimonial e sua miss\u00e3o de ser &#8220;sal da terra e luz do mundo&#8221; nos diversos ambientes de nossa sociedade, promovendo a cultura do encontro e da paz.<\/span><span data-ccp-props=\"{&quot;201341983&quot;:0,&quot;335551550&quot;:6,&quot;335551620&quot;:6,&quot;335559731&quot;:709,&quot;335559739&quot;:160,&quot;335559740&quot;:278}\">\u00a0<\/span><\/p>\n<p style=\"text-align: justify;\"><span data-contrast=\"auto\">Que Maria, a M\u00e3e do Bom Pastor, aquela que perfeitamente escutou a voz do seu Senhor e a guardou no cora\u00e7\u00e3o, interceda por todos n\u00f3s. Que S\u00e3o Sebasti\u00e3o, padroeiro de nossa cidade e Arquidiocese, nos inspire a sermos fi\u00e9is at\u00e9 o fim. Caminhemos unidos, irm\u00e3os e irm\u00e3s, entrando pela Porta que \u00e9 Cristo, seguros de que n\u2019Ele encontramos a vida que n\u00e3o passa.<\/span><span data-ccp-props=\"{&quot;201341983&quot;:0,&quot;335551550&quot;:6,&quot;335551620&quot;:6,&quot;335559731&quot;:709,&quot;335559739&quot;:160,&quot;335559740&quot;:278}\">\u00a0<\/span><\/p>\n<p>&nbsp;<\/p>\n<p><span data-ccp-props=\"{&quot;201341983&quot;:0,&quot;335559739&quot;:160,&quot;335559740&quot;:278}\">\u00a0<\/span><\/p>\n","protected":false},"excerpt":{"rendered":"<p>Cardeal Orani Jo\u00e3o Tempesta Arcebispo do Rio de Janeiro (RJ)\u00a0 \u00a0 Neste clima de profunda alegria pascal que ainda ilumina os nossos cora\u00e7\u00f5es, a liturgia da Igreja nos conduz hoje ao 4\u00ba Domingo da P\u00e1scoa, tradicionalmente e afetuosamente conhecido por todos n\u00f3s como o &#8220;Domingo do Bom Pastor&#8221;. \u00c9 tamb\u00e9m o dia em que, em &hellip;<\/p>\n<p class=\"read-more\"> <a class=\"\" href=\"https:\/\/www.cnbb.org.br\/jesus-o-bom-pastor-a-porta-que-nos-leva-para-o-ceu\/\"> <span class=\"screen-reader-text\">Jesus, o Bom Pastor, a porta que nos leva para o c\u00e9u!\u00a0<\/span> Leia mais &raquo;<\/a><\/p>\n","protected":false},"author":31,"featured_media":0,"comment_status":"closed","ping_status":"closed","sticky":false,"template":"","format":"standard","meta":{"site-sidebar-layout":"default","site-content-layout":"default","ast-global-header-display":"","ast-banner-title-visibility":"","ast-main-header-display":"","ast-hfb-above-header-display":"","ast-hfb-below-header-display":"","ast-hfb-mobile-header-display":"","site-post-title":"","ast-breadcrumbs-content":"","ast-featured-img":"","footer-sml-layout":"","theme-transparent-header-meta":"default","adv-header-id-meta":"","stick-header-meta":"","header-above-stick-meta":"","header-main-stick-meta":"","header-below-stick-meta":""},"categories":[758],"tags":[],"acf":[],"_links":{"self":[{"href":"https:\/\/www.cnbb.org.br\/cnbb-app\/wp\/v2\/posts\/999481"}],"collection":[{"href":"https:\/\/www.cnbb.org.br\/cnbb-app\/wp\/v2\/posts"}],"about":[{"href":"https:\/\/www.cnbb.org.br\/cnbb-app\/wp\/v2\/types\/post"}],"author":[{"embeddable":true,"href":"https:\/\/www.cnbb.org.br\/cnbb-app\/wp\/v2\/users\/31"}],"replies":[{"embeddable":true,"href":"https:\/\/www.cnbb.org.br\/cnbb-app\/wp\/v2\/comments?post=999481"}],"version-history":[{"count":2,"href":"https:\/\/www.cnbb.org.br\/cnbb-app\/wp\/v2\/posts\/999481\/revisions"}],"predecessor-version":[{"id":999483,"href":"https:\/\/www.cnbb.org.br\/cnbb-app\/wp\/v2\/posts\/999481\/revisions\/999483"}],"wp:attachment":[{"href":"https:\/\/www.cnbb.org.br\/cnbb-app\/wp\/v2\/media?parent=999481"}],"wp:term":[{"taxonomy":"category","embeddable":true,"href":"https:\/\/www.cnbb.org.br\/cnbb-app\/wp\/v2\/categories?post=999481"},{"taxonomy":"post_tag","embeddable":true,"href":"https:\/\/www.cnbb.org.br\/cnbb-app\/wp\/v2\/tags?post=999481"}],"curies":[{"name":"wp","href":"https:\/\/api.w.org\/{rel}","templated":true}]}}