{"id":999484,"date":"2026-04-27T10:15:03","date_gmt":"2026-04-27T13:15:03","guid":{"rendered":"https:\/\/www.cnbb.org.br\/?p=999484"},"modified":"2026-04-27T10:16:16","modified_gmt":"2026-04-27T13:16:16","slug":"devemos-ouvir-a-voz-do-bom-pastor","status":"publish","type":"post","link":"https:\/\/www.cnbb.org.br\/devemos-ouvir-a-voz-do-bom-pastor\/","title":{"rendered":"Devemos ouvir a voz do Bom Pastor!\u00a0"},"content":{"rendered":"<p style=\"text-align: right;\"><b><span data-contrast=\"auto\">Dom Anuar Battisti<\/span><\/b><span data-ccp-props=\"{&quot;201341983&quot;:0,&quot;335551550&quot;:2,&quot;335551620&quot;:2,&quot;335559731&quot;:708,&quot;335559739&quot;:160,&quot;335559740&quot;:278}\"><br \/>\n<\/span><b><span data-contrast=\"auto\">Arcebispo Em\u00e9rito de Maring\u00e1 (PR)<\/span><\/b><span data-ccp-props=\"{&quot;201341983&quot;:0,&quot;335551550&quot;:2,&quot;335551620&quot;:2,&quot;335559731&quot;:708,&quot;335559739&quot;:160,&quot;335559740&quot;:278}\">\u00a0<\/span><\/p>\n<p>&nbsp;<\/p>\n<p style=\"text-align: justify;\"><span data-contrast=\"auto\">O 4\u00ba Domingo da P\u00e1scoa \u00e9 considerado o \u201cDomingo do Bom Pastor\u201d, pois, todos os anos, a liturgia prop\u00f5e, neste domingo, um trecho do cap\u00edtulo 10 do Evangelho segundo Jo\u00e3o, no qual Jesus \u00e9 apresentado como o \u201cBom Pastor\u201d. A imagem evoca proximidade, cuidado, ternura, confian\u00e7a, seguran\u00e7a, paz e vida em abund\u00e2ncia. \u00c9 bom podermos entregar a nossa vida nas m\u00e3os de um tal Pastor.<\/span><span data-ccp-props=\"{&quot;201341983&quot;:0,&quot;335551550&quot;:6,&quot;335551620&quot;:6,&quot;335559731&quot;:708,&quot;335559739&quot;:160,&quot;335559740&quot;:278}\">\u00a0<\/span><\/p>\n<p style=\"text-align: justify;\"><span data-contrast=\"auto\">Ao nos reunirmos em torno de Jesus, o Pastor que nos conduz pelos caminhos da felicidade e a Porta que nos possibilita a passagem para a verdadeira liberdade, recordamos que Ele nos conhece pelo nome, manifesta sua ternura para conosco e caminha \u00e0 nossa frente. Curados por seu amor, rezemos pelas voca\u00e7\u00f5es religiosas e presbiterais e por todas as que se colocam a servi\u00e7o do Reino de Deus.<\/span><span data-ccp-props=\"{&quot;201341983&quot;:0,&quot;335551550&quot;:6,&quot;335551620&quot;:6,&quot;335559731&quot;:708,&quot;335559739&quot;:160,&quot;335559740&quot;:278}\">\u00a0<\/span><\/p>\n<p style=\"text-align: justify;\"><span data-contrast=\"auto\">No Evangelho (Jo\u00a010,1-10), Jesus recorre a duas imagens para descrever a miss\u00e3o que o Pai lhe confiou: Ele \u00e9 o \u201cBom Pastor\u201d e \u201ca porta\u201d que d\u00e1 acesso \u00e0s ovelhas. Como \u201cBom Pastor\u201d, Ele cuida das ovelhas de Deus com dedica\u00e7\u00e3o e amor, liberta-as do dom\u00ednio da escravid\u00e3o e leva-as ao encontro das pastagens verdejantes, onde h\u00e1 vida em plenitude. Como \u201cporta\u201d, Ele exerce uma dupla fun\u00e7\u00e3o: impede que os \u201cladr\u00f5es e salteadores\u201d tenham acesso \u00e0s ovelhas e torna-se a refer\u00eancia para aquelas que entram e saem. A vida dos que pertencem ao rebanho de Deus constr\u00f3i-se e compreende-se a partir de Jesus. Somente quem passa pela porta \u2014 Jesus \u2014 \u00e9 reconhecido como verdadeiro pastor, que conhece suas ovelhas e cuja voz elas reconhecem. A miss\u00e3o do pastor \u00e9 fazer com que as ovelhas \u2014 isto \u00e9, as pessoas \u2014 tenham vida em abund\u00e2ncia. Nas imagens do pastor e da porta revela-se o caminho da liberdade que Jesus torna poss\u00edvel.<\/span><span data-ccp-props=\"{&quot;201341983&quot;:0,&quot;335551550&quot;:6,&quot;335551620&quot;:6,&quot;335559731&quot;:708,&quot;335559739&quot;:160,&quot;335559740&quot;:278}\">\u00a0<\/span><\/p>\n<p style=\"text-align: justify;\"><span data-contrast=\"auto\">A primeira leitura (At 2,14.36-41) define o percurso que Jesus, o\u00a0<\/span><i><span data-contrast=\"auto\">\u201cBom Pastor\u201d<\/span><\/i><span data-contrast=\"auto\">, prop\u00f5e \u00e0s suas ovelhas: \u00e9 preciso abandonar o ego\u00edsmo e a escravid\u00e3o (converter-se), aderir a Jesus e segui-Lo (ser batizado), acolher a vida nova de Deus e deixar-se recriar, vivificar e transformar por ela (receber o Esp\u00edrito Santo). Diante do discurso de Pedro, muitos se perguntam:\u00a0<\/span><i><span data-contrast=\"auto\">\u201cO que devemos fazer?\u201d<\/span><\/i><span data-contrast=\"auto\">. Pedro responde que \u00e9 necess\u00e1rio converter-se, isto \u00e9, abrir-se \u00e0 nova realidade trazida pelo Ressuscitado e receber o batismo.<\/span><span data-ccp-props=\"{&quot;201341983&quot;:0,&quot;335551550&quot;:6,&quot;335551620&quot;:6,&quot;335559731&quot;:708,&quot;335559739&quot;:160,&quot;335559740&quot;:278}\">\u00a0<\/span><\/p>\n<p style=\"text-align: justify;\"><span data-contrast=\"auto\">Na segunda leitura (1Pd 2,20-25), S\u00e3o Pedro convida os batizados a contemplarem o exemplo de Cristo:\u00a0<\/span><i><span data-contrast=\"auto\">\u201cinsultado, n\u00e3o pagava com inj\u00farias; maltratado, n\u00e3o respondia com amea\u00e7as, mas entregava-se \u00e0quele que julga com justi\u00e7a\u201d<\/span><\/i><span data-contrast=\"auto\">. Jesus, o \u201cBom Pastor\u201d, aponta-nos o caminho que conduz \u00e0 vida. Se seguirmos suas orienta\u00e7\u00f5es, n\u00e3o seremos ovelhas desgarradas. O seguimento de Jesus pode trazer incompreens\u00f5es e at\u00e9 persegui\u00e7\u00f5es; ainda assim, os disc\u00edpulos s\u00e3o chamados a perseverar na pr\u00e1tica do bem, a exemplo de Cristo, que foi levado \u00e0 morte por fazer o bem.<\/span><span data-ccp-props=\"{&quot;201341983&quot;:0,&quot;335551550&quot;:6,&quot;335551620&quot;:6,&quot;335559731&quot;:708,&quot;335559739&quot;:160,&quot;335559740&quot;:278}\">\u00a0<\/span><\/p>\n<p style=\"text-align: justify;\"><span data-contrast=\"auto\">Jesus, Bom Pastor e Porta das ovelhas, \u00e9 a refer\u00eancia cuja autoridade se expressa no servi\u00e7o e na doa\u00e7\u00e3o de si. As ovelhas o conhecem pela tonalidade da voz; basta um sinal \u2014 um \u201cvem!\u201d inconfund\u00edvel \u2014 para que o sigam sem temor. Elas o reconhecem como presen\u00e7a protetora, que orienta, conforta e cura.<\/span><span data-ccp-props=\"{&quot;201341983&quot;:0,&quot;335551550&quot;:6,&quot;335551620&quot;:6,&quot;335559731&quot;:708,&quot;335559739&quot;:160,&quot;335559740&quot;:278}\">\u00a0<\/span><\/p>\n<p style=\"text-align: justify;\"><span data-contrast=\"auto\">Assim \u00e9 Cristo para n\u00f3s. Para Ele nunca somos desconhecidos, pois nos conhece intimamente. De nossa parte, por\u00e9m, nem sempre \u00e9 f\u00e1cil distinguir a voz do Bom Pastor. H\u00e1 o risco constante de nos distrairmos com o ru\u00eddo de tantas vozes e at\u00e9 de nos deixarmos enganar \u2014 ainda mais neste tempo marcado por fake\u00a0news, desinforma\u00e7\u00e3o nas m\u00eddias sociais e pela polariza\u00e7\u00e3o que gera \u00f3dio e levanta muros. O Evangelho nos convida a seguir decididamente Jesus, o Ressuscitado, o \u00fanico guia seguro que d\u00e1 sentido \u00e0 nossa vida:\u00a0<\/span><i><span data-contrast=\"auto\">\u201cEu vim para que tenham vida e a tenham em abund\u00e2ncia!\u201d\u00a0<\/span><\/i><span data-contrast=\"auto\">(Jo\u00a010,10).<\/span><span data-ccp-props=\"{&quot;201341983&quot;:0,&quot;335551550&quot;:6,&quot;335551620&quot;:6,&quot;335559731&quot;:708,&quot;335559739&quot;:160,&quot;335559740&quot;:278}\">\u00a0<\/span><\/p>\n<p style=\"text-align: justify;\"><span data-contrast=\"auto\">Desde os primeiros s\u00e9culos, os crist\u00e3os representaram Jesus Ressuscitado como o Bom Pastor, carregando nos ombros a ovelha ferida e com o cajado na m\u00e3o, sinal de cuidado, condu\u00e7\u00e3o e miseric\u00f3rdia. Neste domingo, ao contemplarmos Cristo como o Bom Pastor, somos chamados a abrir o cora\u00e7\u00e3o \u00e0 sua voz, permitindo que Ele nos conduza com seguran\u00e7a pelos caminhos da vida. Nele encontramos ref\u00fagio, dire\u00e7\u00e3o e sentido. Segui-Lo \u00e9 viver sob o cuidado de um amor que n\u00e3o falha.<\/span><span data-ccp-props=\"{&quot;201341983&quot;:0,&quot;335551550&quot;:6,&quot;335551620&quot;:6,&quot;335559731&quot;:708,&quot;335559739&quot;:160,&quot;335559740&quot;:278}\">\u00a0<\/span><\/p>\n<p><span data-contrast=\"auto\">\u00a0<\/span><span data-ccp-props=\"{&quot;201341983&quot;:0,&quot;335551550&quot;:6,&quot;335551620&quot;:6,&quot;335559731&quot;:708,&quot;335559739&quot;:160,&quot;335559740&quot;:278}\">\u00a0<\/span><\/p>\n<p>&nbsp;<\/p>\n","protected":false},"excerpt":{"rendered":"<p>Dom Anuar Battisti Arcebispo Em\u00e9rito de Maring\u00e1 (PR)\u00a0 &nbsp; O 4\u00ba Domingo da P\u00e1scoa \u00e9 considerado o \u201cDomingo do Bom Pastor\u201d, pois, todos os anos, a liturgia prop\u00f5e, neste domingo, um trecho do cap\u00edtulo 10 do Evangelho segundo Jo\u00e3o, no qual Jesus \u00e9 apresentado como o \u201cBom Pastor\u201d. A imagem evoca proximidade, cuidado, ternura, confian\u00e7a, &hellip;<\/p>\n<p class=\"read-more\"> <a class=\"\" href=\"https:\/\/www.cnbb.org.br\/devemos-ouvir-a-voz-do-bom-pastor\/\"> <span class=\"screen-reader-text\">Devemos ouvir a voz do Bom Pastor!\u00a0<\/span> Leia mais &raquo;<\/a><\/p>\n","protected":false},"author":41,"featured_media":0,"comment_status":"closed","ping_status":"closed","sticky":false,"template":"","format":"standard","meta":{"site-sidebar-layout":"default","site-content-layout":"default","ast-global-header-display":"","ast-banner-title-visibility":"","ast-main-header-display":"","ast-hfb-above-header-display":"","ast-hfb-below-header-display":"","ast-hfb-mobile-header-display":"","site-post-title":"","ast-breadcrumbs-content":"","ast-featured-img":"","footer-sml-layout":"","theme-transparent-header-meta":"default","adv-header-id-meta":"","stick-header-meta":"","header-above-stick-meta":"","header-main-stick-meta":"","header-below-stick-meta":""},"categories":[758],"tags":[],"acf":[],"_links":{"self":[{"href":"https:\/\/www.cnbb.org.br\/cnbb-app\/wp\/v2\/posts\/999484"}],"collection":[{"href":"https:\/\/www.cnbb.org.br\/cnbb-app\/wp\/v2\/posts"}],"about":[{"href":"https:\/\/www.cnbb.org.br\/cnbb-app\/wp\/v2\/types\/post"}],"author":[{"embeddable":true,"href":"https:\/\/www.cnbb.org.br\/cnbb-app\/wp\/v2\/users\/41"}],"replies":[{"embeddable":true,"href":"https:\/\/www.cnbb.org.br\/cnbb-app\/wp\/v2\/comments?post=999484"}],"version-history":[{"count":2,"href":"https:\/\/www.cnbb.org.br\/cnbb-app\/wp\/v2\/posts\/999484\/revisions"}],"predecessor-version":[{"id":999486,"href":"https:\/\/www.cnbb.org.br\/cnbb-app\/wp\/v2\/posts\/999484\/revisions\/999486"}],"wp:attachment":[{"href":"https:\/\/www.cnbb.org.br\/cnbb-app\/wp\/v2\/media?parent=999484"}],"wp:term":[{"taxonomy":"category","embeddable":true,"href":"https:\/\/www.cnbb.org.br\/cnbb-app\/wp\/v2\/categories?post=999484"},{"taxonomy":"post_tag","embeddable":true,"href":"https:\/\/www.cnbb.org.br\/cnbb-app\/wp\/v2\/tags?post=999484"}],"curies":[{"name":"wp","href":"https:\/\/api.w.org\/{rel}","templated":true}]}}