{"id":999487,"date":"2026-04-27T10:17:15","date_gmt":"2026-04-27T13:17:15","guid":{"rendered":"https:\/\/www.cnbb.org.br\/?p=999487"},"modified":"2026-04-27T10:18:13","modified_gmt":"2026-04-27T13:18:13","slug":"o-que-vemos-hoje","status":"publish","type":"post","link":"https:\/\/www.cnbb.org.br\/o-que-vemos-hoje\/","title":{"rendered":"O que vemos hoje\u00a0"},"content":{"rendered":"<p style=\"text-align: right;\"><strong>Dom Paulo Mendes Peixoto<br \/>\nArcebispo de Uberaba (MG)<\/strong><\/p>\n<p style=\"text-align: justify;\"><span data-ccp-props=\"{&quot;134233279&quot;:true,&quot;201341983&quot;:0,&quot;335551550&quot;:6,&quot;335551620&quot;:6,&quot;335559739&quot;:160,&quot;335559740&quot;:259}\">\u00a0<\/span><\/p>\n<p style=\"text-align: justify;\"><span data-contrast=\"auto\">N\u00e3o \u00e9 exagero dizer que hoje vemos uma sociedade marcada pela for\u00e7a\u00a0incisiva\u00a0da competi\u00e7\u00e3o e pelo individualismo. Uma realidade que \u00e9 alimentada pelos prop\u00f3sitos\u00a0ao decidir pelas\u00a0guerras\u00a0assassinas, pelas diversas organiza\u00e7\u00f5es criminosas,\u00a0na\u00a0polariza\u00e7\u00e3o\u00a0das escolhas pol\u00edticas, sociais, econ\u00f4micas e religiosas.\u00a0Interessante que Jesus, alheio a isso, diz: \u201cQuem me v\u00ea, v\u00ea o Pai\u201d (cf.\u00a0Jo\u00a014,9).<\/span><span data-ccp-props=\"{&quot;134233279&quot;:true,&quot;201341983&quot;:0,&quot;335551550&quot;:6,&quot;335551620&quot;:6,&quot;335559731&quot;:1134,&quot;335559739&quot;:160,&quot;335559740&quot;:259}\">\u00a0<\/span><\/p>\n<p style=\"text-align: justify;\"><span data-contrast=\"auto\">Encerramos a 62\u00aa Assembleia Geral da Confer\u00eancia dos Bispos, em Aparecida,\u00a0com a presen\u00e7a de mais de trezentos bispos de todas as\u00a0dioceses do Brasil. Foram\u00a0dez dias de intenso trabalho para ouvir e sentir as realidades que atingem o povo brasileiro. Foi um olhar para o hoje da realidade e\u00a0descoberta\u00a0de\u00a0como\u00a0evangelizar para ajudar as pessoas na supera\u00e7\u00e3o de suas dificuldades.<\/span><span data-ccp-props=\"{&quot;134233279&quot;:true,&quot;201341983&quot;:0,&quot;335551550&quot;:6,&quot;335551620&quot;:6,&quot;335559731&quot;:1134,&quot;335559739&quot;:160,&quot;335559740&quot;:259}\">\u00a0<\/span><\/p>\n<p style=\"text-align: justify;\"><span data-contrast=\"auto\">A Igreja sempre teve um olhar atento para as realidades cotidianas. Isto j\u00e1\u00a0era consolidado\u00a0entre os primeiros crist\u00e3os. Assim aconteceu quando os ap\u00f3stolos pediram a comunidade para escolher sete homens de confian\u00e7a para serem enviados\u00a0para a\u00a0miss\u00e3o de olhar as dificuldades dos mais fragilizados\u00a0e atend\u00ea-los (cf. At 6,3).\u00a0O olhar de Deus se faz atrav\u00e9s da a\u00e7\u00e3o do Esp\u00edrito Santo.<\/span><span data-ccp-props=\"{&quot;134233279&quot;:true,&quot;201341983&quot;:0,&quot;335551550&quot;:6,&quot;335551620&quot;:6,&quot;335559731&quot;:1134,&quot;335559739&quot;:160,&quot;335559740&quot;:259}\">\u00a0<\/span><\/p>\n<p style=\"text-align: justify;\"><span data-contrast=\"auto\">Ao olhar para o mundo, particularmente, para as realidades que est\u00e3o perto de n\u00f3s, torna-se desafio para quem procura fazer o bem. Vemos muitas \u201cdesgra\u00e7as\u201d\u00a0de todos os tipos e cantos. \u00c0s vezes,\u00a0o mal\u00a0parece vencer, mas n\u00e3o \u00e9 isto que deve pensar quem acredita na a\u00e7\u00e3o divina, na certeza do bem. O mal \u00e9 pedra no caminho dos honestos, mas Cristo \u00e9 pedra de trope\u00e7o para os maus (cf.\u00a0IPd\u00a02,4).<\/span><span data-ccp-props=\"{&quot;134233279&quot;:true,&quot;201341983&quot;:0,&quot;335551550&quot;:6,&quot;335551620&quot;:6,&quot;335559731&quot;:1134,&quot;335559739&quot;:160,&quot;335559740&quot;:259}\">\u00a0<\/span><\/p>\n<p style=\"text-align: justify;\"><span data-contrast=\"auto\">Em ano de elei\u00e7\u00f5es, o que vemos hoje, no pa\u00eds? Como est\u00e1 o olhar do povo brasileiro diante de tantas narrativas contagiosas e apimentadas por\u00a0uma\u00a0forte trajet\u00f3ria ideol\u00f3gica\u00a0com a finalidade de\u00a0convencer as pessoas? S\u00e3o realidades que causam\u00a0muitas\u00a0incertezas e preocupa\u00e7\u00e3o em rela\u00e7\u00e3o ao futuro do pa\u00eds.\u00a0Sabemos que um voto\u00a0mal dado\u00a0traz consequ\u00eancias desastrosas para todo o povo.\u00a0<\/span><span data-ccp-props=\"{&quot;134233279&quot;:true,&quot;201341983&quot;:0,&quot;335551550&quot;:6,&quot;335551620&quot;:6,&quot;335559731&quot;:1134,&quot;335559739&quot;:160,&quot;335559740&quot;:259}\">\u00a0<\/span><\/p>\n<p style=\"text-align: justify;\"><span data-contrast=\"auto\">Aproxima-se a festa da Ascens\u00e3o do Senhor. O destino das pessoas \u00e9 a p\u00e1tria celeste, onde n\u00e3o haver\u00e1 mais ideologias e nem necessidade da escolha de autoridades. A Autoridade \u00e9 Deus, para quem devemos olhar com olhar de esperan\u00e7a, seguindo o que Jesus diz: \u201cNingu\u00e9m vai ao Pai sen\u00e3o por mim\u201d (Jo\u00a014,6). Ent\u00e3o, conhec\u00ea-lo \u00e9 a condi\u00e7\u00e3o para a pessoa acessar o Pai, que est\u00e1 no c\u00e9u.<\/span><span data-ccp-props=\"{&quot;134233279&quot;:true,&quot;201341983&quot;:0,&quot;335551550&quot;:6,&quot;335551620&quot;:6,&quot;335559731&quot;:1134,&quot;335559739&quot;:160,&quot;335559740&quot;:259}\">\u00a0<\/span><\/p>\n<p>&nbsp;<\/p>\n<p><span data-ccp-props=\"{&quot;134233279&quot;:true,&quot;201341983&quot;:0,&quot;335551550&quot;:6,&quot;335551620&quot;:6,&quot;335559739&quot;:160,&quot;335559740&quot;:259}\">\u00a0<\/span><\/p>\n<p><span data-ccp-props=\"{&quot;134233279&quot;:true,&quot;201341983&quot;:0,&quot;335551550&quot;:6,&quot;335551620&quot;:6,&quot;335559731&quot;:1134,&quot;335559739&quot;:160,&quot;335559740&quot;:259}\">\u00a0<\/span><\/p>\n","protected":false},"excerpt":{"rendered":"<p>Dom Paulo Mendes Peixoto Arcebispo de Uberaba (MG) \u00a0 N\u00e3o \u00e9 exagero dizer que hoje vemos uma sociedade marcada pela for\u00e7a\u00a0incisiva\u00a0da competi\u00e7\u00e3o e pelo individualismo. Uma realidade que \u00e9 alimentada pelos prop\u00f3sitos\u00a0ao decidir pelas\u00a0guerras\u00a0assassinas, pelas diversas organiza\u00e7\u00f5es criminosas,\u00a0na\u00a0polariza\u00e7\u00e3o\u00a0das escolhas pol\u00edticas, sociais, econ\u00f4micas e religiosas.\u00a0Interessante que Jesus, alheio a isso, diz: \u201cQuem me v\u00ea, v\u00ea o &hellip;<\/p>\n<p class=\"read-more\"> <a class=\"\" href=\"https:\/\/www.cnbb.org.br\/o-que-vemos-hoje\/\"> <span class=\"screen-reader-text\">O que vemos hoje\u00a0<\/span> Leia mais &raquo;<\/a><\/p>\n","protected":false},"author":25,"featured_media":0,"comment_status":"closed","ping_status":"closed","sticky":false,"template":"","format":"standard","meta":{"site-sidebar-layout":"default","site-content-layout":"default","ast-global-header-display":"","ast-banner-title-visibility":"","ast-main-header-display":"","ast-hfb-above-header-display":"","ast-hfb-below-header-display":"","ast-hfb-mobile-header-display":"","site-post-title":"","ast-breadcrumbs-content":"","ast-featured-img":"","footer-sml-layout":"","theme-transparent-header-meta":"default","adv-header-id-meta":"","stick-header-meta":"","header-above-stick-meta":"","header-main-stick-meta":"","header-below-stick-meta":""},"categories":[758],"tags":[],"acf":[],"_links":{"self":[{"href":"https:\/\/www.cnbb.org.br\/cnbb-app\/wp\/v2\/posts\/999487"}],"collection":[{"href":"https:\/\/www.cnbb.org.br\/cnbb-app\/wp\/v2\/posts"}],"about":[{"href":"https:\/\/www.cnbb.org.br\/cnbb-app\/wp\/v2\/types\/post"}],"author":[{"embeddable":true,"href":"https:\/\/www.cnbb.org.br\/cnbb-app\/wp\/v2\/users\/25"}],"replies":[{"embeddable":true,"href":"https:\/\/www.cnbb.org.br\/cnbb-app\/wp\/v2\/comments?post=999487"}],"version-history":[{"count":1,"href":"https:\/\/www.cnbb.org.br\/cnbb-app\/wp\/v2\/posts\/999487\/revisions"}],"predecessor-version":[{"id":999488,"href":"https:\/\/www.cnbb.org.br\/cnbb-app\/wp\/v2\/posts\/999487\/revisions\/999488"}],"wp:attachment":[{"href":"https:\/\/www.cnbb.org.br\/cnbb-app\/wp\/v2\/media?parent=999487"}],"wp:term":[{"taxonomy":"category","embeddable":true,"href":"https:\/\/www.cnbb.org.br\/cnbb-app\/wp\/v2\/categories?post=999487"},{"taxonomy":"post_tag","embeddable":true,"href":"https:\/\/www.cnbb.org.br\/cnbb-app\/wp\/v2\/tags?post=999487"}],"curies":[{"name":"wp","href":"https:\/\/api.w.org\/{rel}","templated":true}]}}