{"id":999489,"date":"2026-04-27T10:19:19","date_gmt":"2026-04-27T13:19:19","guid":{"rendered":"https:\/\/www.cnbb.org.br\/?p=999489"},"modified":"2026-04-27T10:20:35","modified_gmt":"2026-04-27T13:20:35","slug":"missao-e-educacao","status":"publish","type":"post","link":"https:\/\/www.cnbb.org.br\/missao-e-educacao\/","title":{"rendered":"Miss\u00e3o\u00a0e\u00a0educa\u00e7\u00e3o\u00a0"},"content":{"rendered":"<p style=\"text-align: right;\"><strong>Dom Geraldo dos Reis Maia<br \/>\nBispo de Ara\u00e7ua\u00ed (MG)<\/strong><\/p>\n<p style=\"text-align: justify;\"><span data-ccp-props=\"{&quot;335551550&quot;:6,&quot;335551620&quot;:6}\">\u00a0<\/span><\/p>\n<p style=\"text-align: justify;\"><span data-ccp-props=\"{&quot;335551550&quot;:6,&quot;335551620&quot;:6}\">\u00a0<\/span><\/p>\n<p style=\"text-align: justify;\"><span data-contrast=\"auto\">A miss\u00e3o da Igreja continua a miss\u00e3o dos Ap\u00f3stolos que, por sua vez, continua a miss\u00e3o de Jesus Cristo. Assim, a\u00a0missionariedade\u00a0da Igreja \u00e9 sua caracter\u00edstica fundamental. Para isso, Jesus fundou e enviou a Igreja, para ser testemunha do Evangelho at\u00e9 os confins do mundo: \u201cIde pelo mundo inteiro e pregai o Evangelho\u201d (Mc 16,15). Desde aquele envio do Mestre, n\u00e3o paramos de seguir os passos dos Ap\u00f3stolos, levando a Boa Not\u00edcia do Reino de Deus a todos os povos e promovendo vida para todos.<\/span><span data-ccp-props=\"{&quot;201341983&quot;:0,&quot;335551550&quot;:6,&quot;335551620&quot;:6,&quot;335559739&quot;:160,&quot;335559740&quot;:259}\">\u00a0<\/span><\/p>\n<p style=\"text-align: justify;\"><span data-contrast=\"auto\">Foi com este esp\u00edrito mission\u00e1rio que as Irm\u00e3s Franciscanas Penitentes\u00a0Recoletinas\u00a0atenderam o convite de Dom Serafim Gomes Jardim, primeiro bispo da\u00a0Diocese de Ara\u00e7ua\u00ed, e seu Vig\u00e1rio Geral, Frei Jos\u00e9 de Haas, que, anos depois, seria o seu sucessor naquela C\u00e1tedra\u00a0Apost\u00f3lica\u00a0e que tinha uma irm\u00e3 de sangue na Congrega\u00e7\u00e3o. O ideal origin\u00e1rio, pensado pela fundadora, Ir. Joana de Jesus, era \u201cviver num profundo esp\u00edrito de contempla\u00e7\u00e3o, penit\u00eancia e recolhimento, atentas aos apelos da realidade atrav\u00e9s dos constantes pedidos de ora\u00e7\u00e3o\u201d. De repente, descortinou-se um horizonte mission\u00e1rio, j\u00e1 latente no esp\u00edrito da Congrega\u00e7\u00e3o.<\/span><span data-ccp-props=\"{&quot;201341983&quot;:0,&quot;335551550&quot;:6,&quot;335551620&quot;:6,&quot;335559739&quot;:160,&quot;335559740&quot;:259}\">\u00a0<\/span><\/p>\n<p style=\"text-align: justify;\"><span data-contrast=\"auto\">Era o dia 23 de abril de 1926, quando as Irm\u00e3s chegaram na \u201cTerra das araras grandes\u201d. A longa viagem fora empreendida de navio desde o dia 9 de mar\u00e7o, quando sa\u00edram\u00a0do porto\u00a0de Amsterd\u00e3, na Holanda, com destino ao Rio de Janeiro. Depois viajaram em um navio costeiro at\u00e9 Vit\u00f3ria, no Esp\u00edrito Santo, onde descansaram por um dia. A viagem seguiu ainda no mesmo navio costeiro at\u00e9 Caravelas na Bahia, e l\u00e1 embarcaram de trem, pela antiga estrada de ferro Bahia-Minas. Tendo chegado em Te\u00f3filo Otoni, permaneceram l\u00e1 por alguns dias, por causa das chuvas. Retomaram a viagem de trem at\u00e9 Queixada e, dali, seguiram em lombos de animais at\u00e9 Ara\u00e7ua\u00ed. Itiner\u00e1rio digno das grandes viagens mission\u00e1rias como aquelas de S\u00e3o Paulo e tantos outros ap\u00f3stolos, mission\u00e1rios e mission\u00e1rias. Imaginemos o choque cultural que essas valorosas mission\u00e1rias tiveram: aprender uma l\u00edngua muito diferente, os h\u00e1bitos de alimenta\u00e7\u00e3o e higiene de uma cultura t\u00e3o distante do pa\u00eds de origem, e, ainda, manter o ardor mission\u00e1rio, mesmo longe de suas realidades e pessoas do conv\u00edvio familiar e religioso&#8230;<\/span><span data-ccp-props=\"{&quot;201341983&quot;:0,&quot;335551550&quot;:6,&quot;335551620&quot;:6,&quot;335559739&quot;:160,&quot;335559740&quot;:259}\">\u00a0<\/span><\/p>\n<p style=\"text-align: justify;\"><span data-contrast=\"auto\">Logo que chegaram ao destino da viagem, come\u00e7aram a colocar em pr\u00e1tica o projeto educacional, fundando o Col\u00e9gio Nazareth. No m\u00eas seguinte, iniciaram as aulas, com poucas alunas. Um ano depois come\u00e7aram o sistema de internato, estendendo o atendimento a estudantes da regi\u00e3o. A atua\u00e7\u00e3o das Irm\u00e3s foi primordial para a relev\u00e2ncia do ensino e da cultura no Nordeste do Estado de Minas Gerais e consequente evangeliza\u00e7\u00e3o na regi\u00e3o. Cem anos se passaram desde a chegada das Irm\u00e3s Boavida, Am\u00e1lia, Guilhermina, Beatriz, Aquilina e Ang\u00e9lica. Quantas pessoas passaram por este Col\u00e9gio! Quantas voca\u00e7\u00f5es aqui foram colhidas! O servi\u00e7o da educa\u00e7\u00e3o tem sido verdadeira a\u00e7\u00e3o mission\u00e1ria.<\/span><span data-ccp-props=\"{&quot;201341983&quot;:0,&quot;335551550&quot;:6,&quot;335551620&quot;:6,&quot;335559739&quot;:160,&quot;335559740&quot;:259}\">\u00a0<\/span><\/p>\n<p style=\"text-align: justify;\"><span data-contrast=\"auto\">O querido Papa Le\u00e3o nos ensina que \u201ca educa\u00e7\u00e3o n\u00e3o mede seu valor apenas pelo eixo da efici\u00eancia: ela o mede pela dignidade, pela justi\u00e7a e pela capacidade de servir ao bem comum\u201d. Com essas palavras, na sua Carta Apost\u00f3lica \u201cDesenhar novos mapas de esperan\u00e7a\u201d, de 27 de outubro, por ocasi\u00e3o do sexag\u00e9simo anivers\u00e1rio da Declara\u00e7\u00e3o Conciliar\u00a0<\/span><i><span data-contrast=\"auto\">Gravissimum\u00a0Educationis<\/span><\/i><span data-contrast=\"auto\">, o Papa nos incentiva a fortalecer e animar a miss\u00e3o educativa da Igreja. Continua ele: \u201cO desejo e o cora\u00e7\u00e3o n\u00e3o devem ser separados do conhecimento: isso significaria quebrar a pessoa. A universidade e a escola cat\u00f3lica s\u00e3o lugares onde as perguntas n\u00e3o s\u00e3o silenciadas e a d\u00favida n\u00e3o \u00e9 banida, mas sim acompanhada\u201d. A educa\u00e7\u00e3o cat\u00f3lica n\u00e3o se resume a um espa\u00e7o de transmiss\u00e3o de conhecimentos, mas \u201ctem a tarefa \u2013 alerta o Papa \u2013 de reconstruir a confian\u00e7a num mundo marcado por conflitos e pelo medo, lembrando que somos filhos, n\u00e3o \u00f3rf\u00e3os: dessa consci\u00eancia nasce a fraternidade\u201d.<\/span><span data-ccp-props=\"{&quot;201341983&quot;:0,&quot;335551550&quot;:6,&quot;335551620&quot;:6,&quot;335559739&quot;:160,&quot;335559740&quot;:259}\">\u00a0<\/span><\/p>\n<p style=\"text-align: justify;\"><span data-contrast=\"auto\">Foi com essa voca\u00e7\u00e3o que se edificou e se consolidou o Col\u00e9gio Nazareth. No decorrer destes cem anos, essa prestigiosa escola cat\u00f3lica vem cumprindo sua miss\u00e3o de formar gera\u00e7\u00f5es, com valores \u00e9ticos e evang\u00e9licos, para servir a humanidade, com a consci\u00eancia de que somos todos irm\u00e3os e irm\u00e3s. Somente a educa\u00e7\u00e3o de qualidade, baseada em princ\u00edpios crist\u00e3os e a sensibilidade para com as pessoas que nos interpelam e o mundo que nos cerca, pode gerar a t\u00e3o sonhada nova humanidade.<\/span><span data-ccp-props=\"{&quot;201341983&quot;:0,&quot;335551550&quot;:6,&quot;335551620&quot;:6,&quot;335559739&quot;:160,&quot;335559740&quot;:259}\">\u00a0<\/span><\/p>\n<p style=\"text-align: justify;\"><span data-contrast=\"auto\">A presen\u00e7a mission\u00e1ria das Irm\u00e3s Franciscanas n\u00e3o se limitou nos muros deste Col\u00e9gio. Logo elas partiram em miss\u00e3o para visitar as fam\u00edlias e as comunidades. A presen\u00e7a delas na A\u00e7\u00e3o Social, junto aos idosos, enfermos, pessoas em situa\u00e7\u00f5es especiais de vulnerabilidade, crian\u00e7as e adolescentes s\u00e3o uma demonstra\u00e7\u00e3o do carisma franciscano que inspirou a Congrega\u00e7\u00e3o.<\/span><span data-ccp-props=\"{&quot;201341983&quot;:0,&quot;335551550&quot;:6,&quot;335551620&quot;:6,&quot;335559739&quot;:160,&quot;335559740&quot;:259}\">\u00a0<\/span><\/p>\n<p style=\"text-align: justify;\"><span data-contrast=\"auto\">Louvamos\u00a0a Deus por tantas gra\u00e7as concedidas ao povo do nosso querido Vale do Jequitinhonha, atrav\u00e9s da presen\u00e7a das Irm\u00e3s Franciscanas\u00a0Recoletinas\u00a0e de tantos educadores de qualidade que fizeram a hist\u00f3ria de cem anos de dedica\u00e7\u00e3o e que legaram a esta nobre institui\u00e7\u00e3o de ensino lugar de excel\u00eancia e refer\u00eancia para a educa\u00e7\u00e3o no Nordeste do Estado de Minas Gerais. Em nome de tantas pessoas que foram beneficiadas por esse alto n\u00edvel de forma\u00e7\u00e3o humana e intelectual, agradecemos\u00a0a cada irm\u00e3 e a cada educador e educadora que por aqui passaram!<\/span><span data-ccp-props=\"{&quot;201341983&quot;:0,&quot;335551550&quot;:6,&quot;335551620&quot;:6,&quot;335559739&quot;:160,&quot;335559740&quot;:259}\">\u00a0<\/span><\/p>\n<p style=\"text-align: justify;\"><span data-contrast=\"auto\">O mundo continua a clamar por vida, por justi\u00e7a, por solidariedade. Jesus continua a nos alertar para o seu ideal mission\u00e1rio: \u201cpara que todos tenham vida e vida em abund\u00e2ncia\u201d (Jo\u00a010,10). O Col\u00e9gio Nazareth tem como inspira\u00e7\u00e3o uma das pessoas que mais se assemelharam a Jesus Cristo e seu projeto evangelizador, S\u00e3o Francisco de Assis. Celebramos neste ano o oitavo centen\u00e1rio de sua P\u00e1scoa definitiva, o seu tr\u00e2nsito, como \u00e9 chamada a sua morte. Deste grande santo, recebemos tr\u00eas principais eixos que iluminam o horizonte sombrio da humanidade: o amor aos pobres, o desejo da paz e o cuidado com o mundo criado. Desejamos que o Col\u00e9gio Nazareth fortale\u00e7a sua voca\u00e7\u00e3o e continue sua miss\u00e3o educadora no Vale do Jequitinhonha com esses tr\u00eas eixos imprescind\u00edveis para formar novas gera\u00e7\u00f5es.<\/span><span data-ccp-props=\"{&quot;201341983&quot;:0,&quot;335551550&quot;:6,&quot;335551620&quot;:6,&quot;335559739&quot;:160,&quot;335559740&quot;:259}\">\u00a0<\/span><\/p>\n<p style=\"text-align: justify;\"><span data-contrast=\"auto\">Assim, poderemos continuar sonhando com um novo Vale do Jequitinhonha. \u00c9 preciso continuar trabalhando para a supera\u00e7\u00e3o da pobreza, especialmente a pobreza de car\u00e1ter que a educa\u00e7\u00e3o de qualidade pode transformar. \u00c9 preciso persistir na constru\u00e7\u00e3o da cultura da paz que supera toda a viol\u00eancia e desrespeito pela dignidade do ser humano. \u00c9 preciso, ainda, trabalhar por uma educa\u00e7\u00e3o que fa\u00e7a enxergar que vidas humanas importam e que o mundo criado n\u00e3o pode pagar o pre\u00e7o por um desenvolvimento que beneficia somente uma classe de abastados. A verdadeira educa\u00e7\u00e3o nos faz enxergar o valor da vida humana, sua dignidade e o respeito pela ecologia integral.<\/span><span data-ccp-props=\"{&quot;201341983&quot;:0,&quot;335551550&quot;:6,&quot;335551620&quot;:6,&quot;335559739&quot;:160,&quot;335559740&quot;:259}\">\u00a0<\/span><\/p>\n<p style=\"text-align: justify;\"><span data-contrast=\"auto\">Como Jesus Cristo, o Col\u00e9gio Nazareth tem a voca\u00e7\u00e3o de ser porta. Porta que se abre para um horizonte de liberta\u00e7\u00e3o e de acesso \u00e0 vida plena que somente o Bom Pastor pode proporcionar. Adentrando os umbrais de esperan\u00e7a desta casa edificada nesses cem anos, que a rica tradi\u00e7\u00e3o e cultura do Vale do Jequitinhonha continue a ser valorizada; que os valores \u00e9ticos e evang\u00e9licos continuem a ser respeitados e propagados; que os pobres sejam acolhidos e promovidos; que a paz seja edificada como fruto do amor e da justi\u00e7a; e que a ecologia integral seja ensinada e propagada contra toda gan\u00e2ncia e explora\u00e7\u00e3o das nossas riquezas naturais, dos nossos fecundos territ\u00f3rios e de nossa querida gente, maior riqueza do Vale do Jequitinhonha.<\/span><span data-ccp-props=\"{&quot;201341983&quot;:0,&quot;335551550&quot;:6,&quot;335551620&quot;:6,&quot;335559739&quot;:160,&quot;335559740&quot;:259}\">\u00a0<\/span><\/p>\n","protected":false},"excerpt":{"rendered":"<p>Dom Geraldo dos Reis Maia Bispo de Ara\u00e7ua\u00ed (MG) \u00a0 \u00a0 A miss\u00e3o da Igreja continua a miss\u00e3o dos Ap\u00f3stolos que, por sua vez, continua a miss\u00e3o de Jesus Cristo. Assim, a\u00a0missionariedade\u00a0da Igreja \u00e9 sua caracter\u00edstica fundamental. Para isso, Jesus fundou e enviou a Igreja, para ser testemunha do Evangelho at\u00e9 os confins do mundo: &hellip;<\/p>\n<p class=\"read-more\"> <a class=\"\" href=\"https:\/\/www.cnbb.org.br\/missao-e-educacao\/\"> <span class=\"screen-reader-text\">Miss\u00e3o\u00a0e\u00a0educa\u00e7\u00e3o\u00a0<\/span> Leia mais &raquo;<\/a><\/p>\n","protected":false},"author":2847,"featured_media":0,"comment_status":"closed","ping_status":"closed","sticky":false,"template":"","format":"standard","meta":{"site-sidebar-layout":"default","site-content-layout":"default","ast-global-header-display":"","ast-banner-title-visibility":"","ast-main-header-display":"","ast-hfb-above-header-display":"","ast-hfb-below-header-display":"","ast-hfb-mobile-header-display":"","site-post-title":"","ast-breadcrumbs-content":"","ast-featured-img":"","footer-sml-layout":"","theme-transparent-header-meta":"default","adv-header-id-meta":"","stick-header-meta":"","header-above-stick-meta":"","header-main-stick-meta":"","header-below-stick-meta":""},"categories":[758],"tags":[],"acf":[],"_links":{"self":[{"href":"https:\/\/www.cnbb.org.br\/cnbb-app\/wp\/v2\/posts\/999489"}],"collection":[{"href":"https:\/\/www.cnbb.org.br\/cnbb-app\/wp\/v2\/posts"}],"about":[{"href":"https:\/\/www.cnbb.org.br\/cnbb-app\/wp\/v2\/types\/post"}],"author":[{"embeddable":true,"href":"https:\/\/www.cnbb.org.br\/cnbb-app\/wp\/v2\/users\/2847"}],"replies":[{"embeddable":true,"href":"https:\/\/www.cnbb.org.br\/cnbb-app\/wp\/v2\/comments?post=999489"}],"version-history":[{"count":3,"href":"https:\/\/www.cnbb.org.br\/cnbb-app\/wp\/v2\/posts\/999489\/revisions"}],"predecessor-version":[{"id":999492,"href":"https:\/\/www.cnbb.org.br\/cnbb-app\/wp\/v2\/posts\/999489\/revisions\/999492"}],"wp:attachment":[{"href":"https:\/\/www.cnbb.org.br\/cnbb-app\/wp\/v2\/media?parent=999489"}],"wp:term":[{"taxonomy":"category","embeddable":true,"href":"https:\/\/www.cnbb.org.br\/cnbb-app\/wp\/v2\/categories?post=999489"},{"taxonomy":"post_tag","embeddable":true,"href":"https:\/\/www.cnbb.org.br\/cnbb-app\/wp\/v2\/tags?post=999489"}],"curies":[{"name":"wp","href":"https:\/\/api.w.org\/{rel}","templated":true}]}}