{"id":999495,"date":"2026-04-27T10:35:52","date_gmt":"2026-04-27T13:35:52","guid":{"rendered":"https:\/\/www.cnbb.org.br\/?p=999495"},"modified":"2026-04-27T10:36:53","modified_gmt":"2026-04-27T13:36:53","slug":"quando-a-defesa-da-paz-se-torna-um-ato-de-coragem","status":"publish","type":"post","link":"https:\/\/www.cnbb.org.br\/quando-a-defesa-da-paz-se-torna-um-ato-de-coragem\/","title":{"rendered":"Quando a defesa da paz se torna um ato de coragem\u00a0\u00a0"},"content":{"rendered":"<p style=\"text-align: right;\"><strong>Dom Leomar Ant\u00f4nio Brustolin<br \/>\nArcebispo de Santa Maria (RS)<\/strong><\/p>\n<p style=\"text-align: justify;\">\n<p style=\"text-align: justify;\"><span data-contrast=\"auto\">Em tempos marcados por crescentes\u00a0tens\u00f5es\u00a0e discursos inflamados, a defesa da paz continua sendo um gesto de coragem \u2014 e, muitas vezes, de incompreens\u00e3o. Ao longo da hist\u00f3ria, vozes firmes se levantaram para afirmar o que tantos insistem em ignorar: a guerra nunca \u00e9\u00a0uma\u00a0solu\u00e7\u00e3o duradoura, mas sempre\u00a0um\u00a0sinal de fracasso coletivo. Como advertiu\u00a0o Papa\u00a0Pio XII, \u201cnada se perde com a paz; tudo pode ser perdido com a guerra\u201d.<\/span><span data-ccp-props=\"{&quot;201341983&quot;:0,&quot;335551550&quot;:6,&quot;335551620&quot;:6,&quot;335559731&quot;:708,&quot;335559739&quot;:0,&quot;335559740&quot;:360}\">\u00a0<\/span><\/p>\n<p style=\"text-align: justify;\"><span data-contrast=\"auto\">Quando l\u00edderes espirituais reafirmam esse princ\u00edpio, n\u00e3o o fazem por ingenuidade, mas por fidelidade a uma vis\u00e3o mais ampla da dignidade humana. \u00c9 natural que tais posicionamentos provoquem rea\u00e7\u00f5es,\u00a0especialmente\u00a0em um cen\u00e1rio onde a for\u00e7a e o confronto ainda s\u00e3o vistos como instrumentos leg\u00edtimos de afirma\u00e7\u00e3o pol\u00edtica. Ainda assim, a clareza permanece: como recorda o Papa Francisco, \u201ctoda guerra \u00e9 uma derrota da humanidade\u201d.<\/span><span data-ccp-props=\"{&quot;201341983&quot;:0,&quot;335551550&quot;:6,&quot;335551620&quot;:6,&quot;335559731&quot;:708,&quot;335559739&quot;:0,&quot;335559740&quot;:360}\">\u00a0<\/span><\/p>\n<p style=\"text-align: justify;\"><span data-contrast=\"auto\">A\u00a0recente reafirma\u00e7\u00e3o de Le\u00e3o XIV n\u00e3o representa novidade, mas continuidade. Ao insistir que \u201ca Igreja n\u00e3o pode jamais considerar a guerra como caminho leg\u00edtimo para a paz\u201d, retoma-se um ensinamento constante, ainda que inc\u00f4modo para alguns. A hist\u00f3ria demonstra que aqueles que proclamam a paz, mesmo sob cr\u00edticas e ataques, frequentemente antecipam verdades que o tempo se encarrega de confirmar.<\/span><span data-ccp-props=\"{&quot;201341983&quot;:0,&quot;335551550&quot;:6,&quot;335551620&quot;:6,&quot;335559731&quot;:708,&quot;335559739&quot;:0,&quot;335559740&quot;:360}\">\u00a0<\/span><\/p>\n<p style=\"text-align: justify;\"><span data-contrast=\"auto\">A insist\u00eancia na paz n\u00e3o \u00e9 aus\u00eancia de realismo; \u00e9, antes, uma recusa em aceitar a viol\u00eancia como destino inevit\u00e1vel. Trata-se de um compromisso com a raz\u00e3o, com a justi\u00e7a e com a preserva\u00e7\u00e3o daquilo que ainda nos une enquanto humanidade. Em meio a ru\u00eddos e polariza\u00e7\u00f5es, essa postura pode parecer deslocada, mas \u00e9 precisamente ela que impede o colapso completo do di\u00e1logo.<\/span><span data-ccp-props=\"{&quot;201341983&quot;:0,&quot;335551550&quot;:6,&quot;335551620&quot;:6,&quot;335559731&quot;:708,&quot;335559739&quot;:0,&quot;335559740&quot;:360}\">\u00a0<\/span><\/p>\n<p style=\"text-align: justify;\"><span data-contrast=\"auto\">Talvez o maior desafio do nosso tempo n\u00e3o seja vencer conflitos, mas desaprender a desej\u00e1-los. E aqueles que ousam dizer isso, ainda que incompreendidos, mant\u00eam viva a possibilidade de um futuro menos marcado pela destrui\u00e7\u00e3o e mais orientado pela responsabilidade compartilhada.<\/span><span data-ccp-props=\"{&quot;201341983&quot;:0,&quot;335551550&quot;:6,&quot;335551620&quot;:6,&quot;335559731&quot;:360,&quot;335559739&quot;:0,&quot;335559740&quot;:360}\">\u00a0<\/span><\/p>\n","protected":false},"excerpt":{"rendered":"<p>Dom Leomar Ant\u00f4nio Brustolin Arcebispo de Santa Maria (RS) Em tempos marcados por crescentes\u00a0tens\u00f5es\u00a0e discursos inflamados, a defesa da paz continua sendo um gesto de coragem \u2014 e, muitas vezes, de incompreens\u00e3o. Ao longo da hist\u00f3ria, vozes firmes se levantaram para afirmar o que tantos insistem em ignorar: a guerra nunca \u00e9\u00a0uma\u00a0solu\u00e7\u00e3o duradoura, mas sempre\u00a0um\u00a0sinal &hellip;<\/p>\n<p class=\"read-more\"> <a class=\"\" href=\"https:\/\/www.cnbb.org.br\/quando-a-defesa-da-paz-se-torna-um-ato-de-coragem\/\"> <span class=\"screen-reader-text\">Quando a defesa da paz se torna um ato de coragem\u00a0\u00a0<\/span> Leia mais &raquo;<\/a><\/p>\n","protected":false},"author":46,"featured_media":0,"comment_status":"closed","ping_status":"closed","sticky":false,"template":"","format":"standard","meta":{"site-sidebar-layout":"default","site-content-layout":"default","ast-global-header-display":"","ast-banner-title-visibility":"","ast-main-header-display":"","ast-hfb-above-header-display":"","ast-hfb-below-header-display":"","ast-hfb-mobile-header-display":"","site-post-title":"","ast-breadcrumbs-content":"","ast-featured-img":"","footer-sml-layout":"","theme-transparent-header-meta":"default","adv-header-id-meta":"","stick-header-meta":"","header-above-stick-meta":"","header-main-stick-meta":"","header-below-stick-meta":""},"categories":[758],"tags":[],"acf":[],"_links":{"self":[{"href":"https:\/\/www.cnbb.org.br\/cnbb-app\/wp\/v2\/posts\/999495"}],"collection":[{"href":"https:\/\/www.cnbb.org.br\/cnbb-app\/wp\/v2\/posts"}],"about":[{"href":"https:\/\/www.cnbb.org.br\/cnbb-app\/wp\/v2\/types\/post"}],"author":[{"embeddable":true,"href":"https:\/\/www.cnbb.org.br\/cnbb-app\/wp\/v2\/users\/46"}],"replies":[{"embeddable":true,"href":"https:\/\/www.cnbb.org.br\/cnbb-app\/wp\/v2\/comments?post=999495"}],"version-history":[{"count":1,"href":"https:\/\/www.cnbb.org.br\/cnbb-app\/wp\/v2\/posts\/999495\/revisions"}],"predecessor-version":[{"id":999496,"href":"https:\/\/www.cnbb.org.br\/cnbb-app\/wp\/v2\/posts\/999495\/revisions\/999496"}],"wp:attachment":[{"href":"https:\/\/www.cnbb.org.br\/cnbb-app\/wp\/v2\/media?parent=999495"}],"wp:term":[{"taxonomy":"category","embeddable":true,"href":"https:\/\/www.cnbb.org.br\/cnbb-app\/wp\/v2\/categories?post=999495"},{"taxonomy":"post_tag","embeddable":true,"href":"https:\/\/www.cnbb.org.br\/cnbb-app\/wp\/v2\/tags?post=999495"}],"curies":[{"name":"wp","href":"https:\/\/api.w.org\/{rel}","templated":true}]}}