{"id":999537,"date":"2026-04-28T14:43:06","date_gmt":"2026-04-28T17:43:06","guid":{"rendered":"https:\/\/www.cnbb.org.br\/?p=999537"},"modified":"2026-04-28T15:10:19","modified_gmt":"2026-04-28T18:10:19","slug":"mais-de-3-milhoes-acompanharam-cnbb-durante-62a-assembleia-geral","status":"publish","type":"post","link":"https:\/\/www.cnbb.org.br\/mais-de-3-milhoes-acompanharam-cnbb-durante-62a-assembleia-geral\/","title":{"rendered":"Mais de 3 milh\u00f5es de pessoas acompanharam os canais comunica\u00e7\u00e3o da CNBB durante a 62\u00aa AG"},"content":{"rendered":"<p>A cobertura da 62\u00aa Assembleia Geral da Confer\u00eancia Nacional dos Bispos do Brasil (CNBB) feita pela equipe de Comunica\u00e7\u00e3o do evento alcan\u00e7ou mais de 3 milh\u00f5es de pessoas, segundo levantamento da Assessoria de Comunica\u00e7\u00e3o da CNBB. O conjunto das produ\u00e7\u00f5es em redes sociais, site e r\u00e1dio e televis\u00e3o foi visto mais de 10,5 milh\u00f5es de vezes nas redes sociais e em plataformas de v\u00eddeo e \u00e1udio.<\/p>\n<p>Os n\u00fameros foram apresentados durante as \u00faltimas sess\u00f5es da 62\u00aa Assembleia Geral da CNBB pelo padre Arnaldo Rodrigues, assessor de comunica\u00e7\u00e3o da CNBB.<\/p>\n<p>Inicialmente, o presb\u00edtero respons\u00e1vel por conduzir o servi\u00e7o de comunica\u00e7\u00e3o no encontro dos bispos apresentou a equipe, composta por colaboradores que atuam na sede da Confer\u00eancia, em Bras\u00edlia (DF), e por jornalistas e outros profissionais de comunica\u00e7\u00e3o enviados por Regionais e Arquidioceses para contribuir na cobertura. Eles foram distribu\u00eddos em equipes de reda\u00e7\u00e3o para o portal, redes sociais e design, fotografia, TV e r\u00e1dio e atendimento \u00e0 imprensa.<\/p>\n<figure id=\"attachment_999572\" aria-describedby=\"caption-attachment-999572\" style=\"width: 1599px\" class=\"wp-caption aligncenter\"><img decoding=\"async\" loading=\"lazy\" class=\"size-full wp-image-999572\" src=\"https:\/\/www.cnbb.org.br\/wp-content\/uploads\/2026\/04\/imprensa-62AG.jpeg\" alt=\"\" width=\"1599\" height=\"1066\" srcset=\"https:\/\/www.cnbb.org.br\/wp-content\/uploads\/2026\/04\/imprensa-62AG.jpeg 1599w, https:\/\/www.cnbb.org.br\/wp-content\/uploads\/2026\/04\/imprensa-62AG-300x200.jpeg 300w, https:\/\/www.cnbb.org.br\/wp-content\/uploads\/2026\/04\/imprensa-62AG-1024x683.jpeg 1024w, https:\/\/www.cnbb.org.br\/wp-content\/uploads\/2026\/04\/imprensa-62AG-768x512.jpeg 768w, https:\/\/www.cnbb.org.br\/wp-content\/uploads\/2026\/04\/imprensa-62AG-1536x1024.jpeg 1536w, https:\/\/www.cnbb.org.br\/wp-content\/uploads\/2026\/04\/imprensa-62AG-500x333.jpeg 500w\" sizes=\"(max-width: 1599px) 100vw, 1599px\" \/><figcaption id=\"caption-attachment-999572\" class=\"wp-caption-text\">Profissionais de imprensa na cobertura da 62\u00aa Assembleia Geral | Foto: Thiago Leon\/Santu\u00e1rio Nacional de Aparecida<\/figcaption><\/figure>\n<p>&nbsp;<\/p>\n<p>O trabalho ainda contou com o apoio da Signis Brasil, especialmente na distribui\u00e7\u00e3o de conte\u00fado para emissoras de r\u00e1dio e de televis\u00e3o de inspira\u00e7\u00e3o cat\u00f3lica, e da Rede Aparecida de Comunica\u00e7\u00e3o, que gerou sinais das Celebra\u00e7\u00f5es Eucar\u00edsticas no Santu\u00e1rio e deu apoio t\u00e9cnico em entrevistas coletivas, transmiss\u00f5es de podcasts.<\/p>\n<p><img decoding=\"async\" loading=\"lazy\" class=\"wp-image-999571 alignleft\" src=\"https:\/\/www.cnbb.org.br\/wp-content\/uploads\/2026\/04\/Pe-Arnaldo.jpg\" alt=\"\" width=\"325\" height=\"216\" srcset=\"https:\/\/www.cnbb.org.br\/wp-content\/uploads\/2026\/04\/Pe-Arnaldo.jpg 860w, https:\/\/www.cnbb.org.br\/wp-content\/uploads\/2026\/04\/Pe-Arnaldo-300x200.jpg 300w, https:\/\/www.cnbb.org.br\/wp-content\/uploads\/2026\/04\/Pe-Arnaldo-768x512.jpg 768w, https:\/\/www.cnbb.org.br\/wp-content\/uploads\/2026\/04\/Pe-Arnaldo-500x333.jpg 500w\" sizes=\"(max-width: 325px) 100vw, 325px\" \/>Padre Arnaldo tamb\u00e9m informou aos bispos sobre os pilares que conduziram a equipe desde a prepara\u00e7\u00e3o: comunica\u00e7\u00e3o humanizada; pautar a opini\u00e3o p\u00fablica; favorecer o andamento dos trabalhos da Assembleia; relacionamento \u00e1gil e proativo com a imprensa; aumento do alcance dos conte\u00fados; educomunica\u00e7\u00e3o e combate \u00e0s fake news. Ele destacou todo o material visual preparado para a assembleia e a organiza\u00e7\u00e3o pr\u00e9via de equipe.<\/p>\n<p>Ele concluiu sua partilha com a apresenta\u00e7\u00e3o de n\u00fameros do trabalho da equipe de comunica\u00e7\u00e3o:<\/p>\n<p><em><strong>Atendimento \u00e0 imprensa<\/strong><\/em><\/p>\n<ul>\n<li>240 profissionais de comunica\u00e7\u00e3o credenciados para cobertura<\/li>\n<li>810 atendimentos \u00e0 imprensa<\/li>\n<li>8 coletivas de imprensa<\/li>\n<\/ul>\n<p>&nbsp;<\/p>\n<p><em><strong>Produ\u00e7\u00e3o audiovisual<\/strong><\/em><\/p>\n<ul>\n<li>28 transmiss\u00f5es ao vivo<\/li>\n<li>20 v\u00eddeos exibidos durante a assembleia (comiss\u00f5es, metodologia)<\/li>\n<li>+ de 10 mil fotos salvas no OneDrive<\/li>\n<\/ul>\n<p>&nbsp;<\/p>\n<p><em><strong>Jornalismo<\/strong><\/em><\/p>\n<ul>\n<li>50 mat\u00e9rias;<\/li>\n<li>447 mil acessos ao portal institucional;<\/li>\n<li>35 mil novos usu\u00e1rios;<\/li>\n<li>33 mil acessos diretos ao site da CNBB;<\/li>\n<li>75 mil buscas no Google;<\/li>\n<li>18 boletins de not\u00edcia;<\/li>\n<li>3 entrevistas especiais<\/li>\n<li><span style=\"font-size: 16px;\">9 lives nas redes sociais<\/span><\/li>\n<li>8 boletins de r\u00e1dio<\/li>\n<li>7 podcasts, com 13 entrevistados e 12 temas<\/li>\n<\/ul>\n<p>&nbsp;<\/p>\n<p><em><strong>Redes Sociais<\/strong><\/em><\/p>\n<ul>\n<li>+ de 200 conte\u00fados publicados<\/li>\n<li>+ de 55 mil compartilhamentos<\/li>\n<li>+ 9 mil novos seguidores<\/li>\n<li>10,5 milh\u00f5es de visualiza\u00e7\u00f5es ao conte\u00fado no Instagram<\/li>\n<li>2,4 milh\u00f5es de pessoas alcan\u00e7adas no Instagram<\/li>\n<li>531 mil intera\u00e7\u00f5es no Instagram<\/li>\n<li>+ 7 mil visualiza\u00e7\u00f5es do CNBB Podcast<\/li>\n<\/ul>\n<p>&nbsp;<\/p>\n","protected":false},"excerpt":{"rendered":"<p>N\u00fameros do alcance dos conte\u00fados produzidos pela Assessoria de Comunica\u00e7\u00e3o da CNBB foram divulgados ao final da 62\u00aa Assembleia Geral da Confer\u00eancia dos Bispos, realizada entre os dias 15 e 24 de abril, em Aparecida (SP). Destaque para o conte\u00fado do Instagram que foi visto 10,5 milh\u00f5es de vezes durante a assembleia dos bispos<\/p>\n","protected":false},"author":38,"featured_media":999569,"comment_status":"closed","ping_status":"closed","sticky":false,"template":"","format":"standard","meta":{"site-sidebar-layout":"default","site-content-layout":"default","ast-global-header-display":"","ast-banner-title-visibility":"","ast-main-header-display":"","ast-hfb-above-header-display":"","ast-hfb-below-header-display":"","ast-hfb-mobile-header-display":"","site-post-title":"","ast-breadcrumbs-content":"","ast-featured-img":"","footer-sml-layout":"","theme-transparent-header-meta":"default","adv-header-id-meta":"","stick-header-meta":"","header-above-stick-meta":"","header-main-stick-meta":"","header-below-stick-meta":""},"categories":[5936,50],"tags":[6362],"acf":[],"_links":{"self":[{"href":"https:\/\/www.cnbb.org.br\/cnbb-app\/wp\/v2\/posts\/999537"}],"collection":[{"href":"https:\/\/www.cnbb.org.br\/cnbb-app\/wp\/v2\/posts"}],"about":[{"href":"https:\/\/www.cnbb.org.br\/cnbb-app\/wp\/v2\/types\/post"}],"author":[{"embeddable":true,"href":"https:\/\/www.cnbb.org.br\/cnbb-app\/wp\/v2\/users\/38"}],"replies":[{"embeddable":true,"href":"https:\/\/www.cnbb.org.br\/cnbb-app\/wp\/v2\/comments?post=999537"}],"version-history":[{"count":4,"href":"https:\/\/www.cnbb.org.br\/cnbb-app\/wp\/v2\/posts\/999537\/revisions"}],"predecessor-version":[{"id":999574,"href":"https:\/\/www.cnbb.org.br\/cnbb-app\/wp\/v2\/posts\/999537\/revisions\/999574"}],"wp:featuredmedia":[{"embeddable":true,"href":"https:\/\/www.cnbb.org.br\/cnbb-app\/wp\/v2\/media\/999569"}],"wp:attachment":[{"href":"https:\/\/www.cnbb.org.br\/cnbb-app\/wp\/v2\/media?parent=999537"}],"wp:term":[{"taxonomy":"category","embeddable":true,"href":"https:\/\/www.cnbb.org.br\/cnbb-app\/wp\/v2\/categories?post=999537"},{"taxonomy":"post_tag","embeddable":true,"href":"https:\/\/www.cnbb.org.br\/cnbb-app\/wp\/v2\/tags?post=999537"}],"curies":[{"name":"wp","href":"https:\/\/api.w.org\/{rel}","templated":true}]}}