{"id":999538,"date":"2026-04-28T13:35:51","date_gmt":"2026-04-28T16:35:51","guid":{"rendered":"https:\/\/www.cnbb.org.br\/?p=999538"},"modified":"2026-04-28T13:52:07","modified_gmt":"2026-04-28T16:52:07","slug":"20o-encontro-nacional-de-presbiteros-reune-clero-de-todo-o-brasil-em-aparecida-com-foco-na-missao-em-uma-igreja-sinodal","status":"publish","type":"post","link":"https:\/\/www.cnbb.org.br\/20o-encontro-nacional-de-presbiteros-reune-clero-de-todo-o-brasil-em-aparecida-com-foco-na-missao-em-uma-igreja-sinodal\/","title":{"rendered":"20\u00ba Encontro Nacional de Presb\u00edteros re\u00fane clero de todo o Brasil em Aparecida com foco na miss\u00e3o em uma Igreja sinodal"},"content":{"rendered":"<p style=\"text-align: justify;\" data-start=\"125\" data-end=\"627\">Entre os dias 27 de abril e 1\u00ba de maio acontece o 20\u00ba Encontro Nacional de Presb\u00edteros (ENP), promovido pela Comiss\u00e3o Nacional de Presb\u00edteros (CNP). Realizado no Centro de Eventos Padre V\u00edtor Coelho de Almeida, o encontro re\u00fane presb\u00edteros de todo o pa\u00eds para dias de espiritualidade, forma\u00e7\u00e3o, partilha e reflex\u00e3o sobre a miss\u00e3o sacerdotal no contexto atual da Igreja. Os presb\u00edteros refletir\u00e3o sobre o tema: &#8220;Presb\u00edtero no Contexto Digital&#8221;; e o lema: &#8220;A quem iremos? S\u00f3 tu tens Palavras de vida eterna&#8221; (Jo 6,68).<\/p>\n<div id='gallery-1' class='gallery galleryid-999538 gallery-columns-2 gallery-size-full'><figure class='gallery-item'>\n\t\t\t<div class='gallery-icon landscape'>\n\t\t\t\t<a href='https:\/\/www.cnbb.org.br\/wp-content\/uploads\/2026\/04\/WhatsApp-Image-2026-04-28-at-13.09.22.jpeg' title=\"\" data-rl_title=\"\" class=\"rl-gallery-link\" data-rl_caption=\"\" data-rel=\"lightbox-gallery-1\"><img width=\"1280\" height=\"960\" src=\"https:\/\/www.cnbb.org.br\/wp-content\/uploads\/2026\/04\/WhatsApp-Image-2026-04-28-at-13.09.22.jpeg\" class=\"attachment-full size-full\" alt=\"\" decoding=\"async\" loading=\"lazy\" srcset=\"https:\/\/www.cnbb.org.br\/wp-content\/uploads\/2026\/04\/WhatsApp-Image-2026-04-28-at-13.09.22.jpeg 1280w, https:\/\/www.cnbb.org.br\/wp-content\/uploads\/2026\/04\/WhatsApp-Image-2026-04-28-at-13.09.22-300x225.jpeg 300w, https:\/\/www.cnbb.org.br\/wp-content\/uploads\/2026\/04\/WhatsApp-Image-2026-04-28-at-13.09.22-1024x768.jpeg 1024w, https:\/\/www.cnbb.org.br\/wp-content\/uploads\/2026\/04\/WhatsApp-Image-2026-04-28-at-13.09.22-768x576.jpeg 768w, https:\/\/www.cnbb.org.br\/wp-content\/uploads\/2026\/04\/WhatsApp-Image-2026-04-28-at-13.09.22-500x375.jpeg 500w, https:\/\/www.cnbb.org.br\/wp-content\/uploads\/2026\/04\/WhatsApp-Image-2026-04-28-at-13.09.22-800x600.jpeg 800w\" sizes=\"(max-width: 1280px) 100vw, 1280px\" \/><\/a>\n\t\t\t<\/div><\/figure><figure class='gallery-item'>\n\t\t\t<div class='gallery-icon landscape'>\n\t\t\t\t<a href='https:\/\/www.cnbb.org.br\/wp-content\/uploads\/2026\/04\/WhatsApp-Image-2026-04-28-at-13.09.01.jpeg' title=\"\" data-rl_title=\"\" class=\"rl-gallery-link\" data-rl_caption=\"\" data-rel=\"lightbox-gallery-1\"><img width=\"1280\" height=\"960\" src=\"https:\/\/www.cnbb.org.br\/wp-content\/uploads\/2026\/04\/WhatsApp-Image-2026-04-28-at-13.09.01.jpeg\" class=\"attachment-full size-full\" alt=\"\" decoding=\"async\" loading=\"lazy\" srcset=\"https:\/\/www.cnbb.org.br\/wp-content\/uploads\/2026\/04\/WhatsApp-Image-2026-04-28-at-13.09.01.jpeg 1280w, https:\/\/www.cnbb.org.br\/wp-content\/uploads\/2026\/04\/WhatsApp-Image-2026-04-28-at-13.09.01-300x225.jpeg 300w, https:\/\/www.cnbb.org.br\/wp-content\/uploads\/2026\/04\/WhatsApp-Image-2026-04-28-at-13.09.01-1024x768.jpeg 1024w, https:\/\/www.cnbb.org.br\/wp-content\/uploads\/2026\/04\/WhatsApp-Image-2026-04-28-at-13.09.01-768x576.jpeg 768w, https:\/\/www.cnbb.org.br\/wp-content\/uploads\/2026\/04\/WhatsApp-Image-2026-04-28-at-13.09.01-500x375.jpeg 500w, https:\/\/www.cnbb.org.br\/wp-content\/uploads\/2026\/04\/WhatsApp-Image-2026-04-28-at-13.09.01-800x600.jpeg 800w\" sizes=\"(max-width: 1280px) 100vw, 1280px\" \/><\/a>\n\t\t\t<\/div><\/figure>\n\t\t<\/div>\n\n<blockquote>\n<p style=\"text-align: center;\">Fotos: Missa presidida por dom Cleocir na Capela Nossa Senhora da Esperan\u00e7a, no Hotel Rainha do Brasil<\/p>\n<\/blockquote>\n<h3 style=\"text-align: justify;\" data-start=\"629\" data-end=\"1005\">A programa\u00e7\u00e3o<\/h3>\n<p style=\"text-align: justify;\" data-start=\"629\" data-end=\"1005\">A programa\u00e7\u00e3o foi organizada em torno de momentos celebrativos, assessorias tem\u00e1ticas e espa\u00e7os de conviv\u00eancia, com o objetivo de fortalecer a identidade e a miss\u00e3o do presb\u00edtero em sintonia com os desafios pastorais do tempo presente. A abertura oficial aconteceu na noite de 27 de abril, ap\u00f3s o credenciamento e acolhida dos participantes.<\/p>\n<p style=\"text-align: justify;\" data-start=\"1007\" data-end=\"1427\"><img decoding=\"async\" loading=\"lazy\" class=\"alignleft wp-image-999557 \" src=\"https:\/\/www.cnbb.org.br\/wp-content\/uploads\/2026\/04\/WhatsApp-Image-2026-04-22-at-08.56.18-576x1024.jpeg\" alt=\"\" width=\"247\" height=\"439\" srcset=\"https:\/\/www.cnbb.org.br\/wp-content\/uploads\/2026\/04\/WhatsApp-Image-2026-04-22-at-08.56.18-576x1024.jpeg 576w, https:\/\/www.cnbb.org.br\/wp-content\/uploads\/2026\/04\/WhatsApp-Image-2026-04-22-at-08.56.18-169x300.jpeg 169w, https:\/\/www.cnbb.org.br\/wp-content\/uploads\/2026\/04\/WhatsApp-Image-2026-04-22-at-08.56.18-768x1365.jpeg 768w, https:\/\/www.cnbb.org.br\/wp-content\/uploads\/2026\/04\/WhatsApp-Image-2026-04-22-at-08.56.18-864x1536.jpeg 864w, https:\/\/www.cnbb.org.br\/wp-content\/uploads\/2026\/04\/WhatsApp-Image-2026-04-22-at-08.56.18-1152x2048.jpeg 1152w, https:\/\/www.cnbb.org.br\/wp-content\/uploads\/2026\/04\/WhatsApp-Image-2026-04-22-at-08.56.18-500x889.jpeg 500w, https:\/\/www.cnbb.org.br\/wp-content\/uploads\/2026\/04\/WhatsApp-Image-2026-04-22-at-08.56.18-scaled.jpeg 1440w\" sizes=\"(max-width: 247px) 100vw, 247px\" \/>Nesta ter\u00e7a-feira, 28, o encontro iniciou sua programa\u00e7\u00e3o formativa com uma manh\u00e3 de espiritualidade, seguida da apresenta\u00e7\u00e3o do relat\u00f3rio e da presta\u00e7\u00e3o de contas da presid\u00eancia da Comiss\u00e3o Nacional de Presb\u00edteros. \u00c0 tarde, os participantes seguem em prociss\u00e3o at\u00e9 a Bas\u00edlica de Aparecida para a celebra\u00e7\u00e3o eucar\u00edstica presidida por dom \u00c2ngelo Mezzari, presidente da Comiss\u00e3o para os Minist\u00e9rios Ordenados e a Vida Consagrada da CNBB.<\/p>\n<p style=\"text-align: justify;\" data-start=\"1429\" data-end=\"1887\">Na quarta-feira, 29, o cardeal dom Lazarus You Heung-sik, prefeito do Dicast\u00e9rio para o Clero, preside a celebra\u00e7\u00e3o eucar\u00edstica no Centro de Eventos e conduz a assessoria com o tema \u201cA vida e a miss\u00e3o do presb\u00edtero em uma Igreja sinodal e mission\u00e1ria\u201d, oferecendo aos participantes uma reflex\u00e3o em sintonia com os caminhos da Igreja universal e o horizonte do S\u00ednodo.<\/p>\n<p style=\"text-align: justify;\" data-start=\"1889\" data-end=\"2349\">Ainda na quarta-feira, o encontro contar\u00e1 com a participa\u00e7\u00e3o de organismos eclesiais como a Confer\u00eancia dos Institutos Seculares do Brasil (CNISB) e a Confer\u00eancia dos Religiosos do Brasil (CRB), ampliando o di\u00e1logo entre diferentes express\u00f5es de voca\u00e7\u00e3o e miss\u00e3o na Igreja. O assessor de comunica\u00e7\u00e3o da CNBB, padre Arnaldo Rodrigues, tamb\u00e9m conduz momentos de reflex\u00e3o ao longo do dia, retomando temas ligados \u00e0 vida presbiteral e \u00e0 evangeliza\u00e7\u00e3o.<\/p>\n<p style=\"text-align: justify;\" data-start=\"2351\" data-end=\"2863\">Na quinta-feira, 30, a programa\u00e7\u00e3o segue com novas assessorias do padre Arnaldo Rodrigues, al\u00e9m da participa\u00e7\u00e3o de organismos como a Organiza\u00e7\u00e3o dos Semin\u00e1rios e Institutos do Brasil (OSIB), a Pastoral Vocacional\/SAV, o Conselho Nacional do Laicato do Brasil (CNLB) e as Pontif\u00edcias Obras Mission\u00e1rias (POM). O dia tamb\u00e9m ser\u00e1 marcado pelas elei\u00e7\u00f5es e pela leitura da carta final do 20\u00ba ENP, documento que dever\u00e1 reunir as principais reflex\u00f5es e encaminhamentos do encontro.<\/p>\n<p style=\"text-align: justify;\" data-start=\"2865\" data-end=\"3228\">O encerramento acontece na sexta-feira, 1\u00ba de maio, com celebra\u00e7\u00e3o eucar\u00edstica no Santu\u00e1rio Nacional de Aparecida, presidida por dom Jaime Spengler, presidente da CNBB.<\/p>\n<pre data-start=\"2865\" data-end=\"3228\">Por Larissa Carvalho. Com informa\u00e7\u00f5es da CNP<\/pre>\n<p style=\"text-align: justify;\" data-start=\"3230\" data-end=\"3522\" data-is-last-node=\"\" data-is-only-node=\"\">\n","protected":false},"excerpt":{"rendered":"<p>Entre os dias 27 de abril e 1\u00ba de maio acontece o 20\u00ba Encontro Nacional de Presb\u00edteros (ENP), promovido pela Comiss\u00e3o Nacional de Presb\u00edteros (CNP). Realizado no Centro de Eventos Padre V\u00edtor Coelho de Almeida, o encontro re\u00fane presb\u00edteros de todo o pa\u00eds para dias de espiritualidade, forma\u00e7\u00e3o e reflex\u00e3o sobre a miss\u00e3o sacerdotal no contexto atual da Igreja<\/p>\n","protected":false},"author":138,"featured_media":999546,"comment_status":"closed","ping_status":"closed","sticky":false,"template":"","format":"standard","meta":{"site-sidebar-layout":"default","site-content-layout":"default","ast-global-header-display":"","ast-banner-title-visibility":"","ast-main-header-display":"","ast-hfb-above-header-display":"","ast-hfb-below-header-display":"","ast-hfb-mobile-header-display":"","site-post-title":"","ast-breadcrumbs-content":"","ast-featured-img":"","footer-sml-layout":"","theme-transparent-header-meta":"default","adv-header-id-meta":"","stick-header-meta":"","header-above-stick-meta":"","header-main-stick-meta":"","header-below-stick-meta":""},"categories":[50,807],"tags":[6407,2073,3042],"acf":[],"_links":{"self":[{"href":"https:\/\/www.cnbb.org.br\/cnbb-app\/wp\/v2\/posts\/999538"}],"collection":[{"href":"https:\/\/www.cnbb.org.br\/cnbb-app\/wp\/v2\/posts"}],"about":[{"href":"https:\/\/www.cnbb.org.br\/cnbb-app\/wp\/v2\/types\/post"}],"author":[{"embeddable":true,"href":"https:\/\/www.cnbb.org.br\/cnbb-app\/wp\/v2\/users\/138"}],"replies":[{"embeddable":true,"href":"https:\/\/www.cnbb.org.br\/cnbb-app\/wp\/v2\/comments?post=999538"}],"version-history":[{"count":17,"href":"https:\/\/www.cnbb.org.br\/cnbb-app\/wp\/v2\/posts\/999538\/revisions"}],"predecessor-version":[{"id":999560,"href":"https:\/\/www.cnbb.org.br\/cnbb-app\/wp\/v2\/posts\/999538\/revisions\/999560"}],"wp:featuredmedia":[{"embeddable":true,"href":"https:\/\/www.cnbb.org.br\/cnbb-app\/wp\/v2\/media\/999546"}],"wp:attachment":[{"href":"https:\/\/www.cnbb.org.br\/cnbb-app\/wp\/v2\/media?parent=999538"}],"wp:term":[{"taxonomy":"category","embeddable":true,"href":"https:\/\/www.cnbb.org.br\/cnbb-app\/wp\/v2\/categories?post=999538"},{"taxonomy":"post_tag","embeddable":true,"href":"https:\/\/www.cnbb.org.br\/cnbb-app\/wp\/v2\/tags?post=999538"}],"curies":[{"name":"wp","href":"https:\/\/api.w.org\/{rel}","templated":true}]}}