{"id":999561,"date":"2026-04-28T14:23:52","date_gmt":"2026-04-28T17:23:52","guid":{"rendered":"https:\/\/www.cnbb.org.br\/?p=999561"},"modified":"2026-04-28T14:24:36","modified_gmt":"2026-04-28T17:24:36","slug":"uma-igreja-que-escuta-e-inclui","status":"publish","type":"post","link":"https:\/\/www.cnbb.org.br\/uma-igreja-que-escuta-e-inclui\/","title":{"rendered":"Uma\u00a0Igreja\u00a0que\u00a0escuta\u00a0e\u00a0inclui\u00a0"},"content":{"rendered":"<p style=\"text-align: right;\"><strong>Dom Zanoni Demettino Castro<br \/>\n<\/strong><strong>Arcebispo de Feira de Santana (BA)<\/strong><\/p>\n<p>&nbsp;<\/p>\n<p style=\"text-align: justify;\">Ap\u00f3s dez dias de encontro fraterno, viv\u00eancia e conviv\u00eancia, ora\u00e7\u00e3o e partilha, retornamos da 62\u00aa Assembleia Geral dos Bispos do Brasil, realizada em Aparecida, S\u00e3o Paulo, com o cora\u00e7\u00e3o cheio de alegria e gra\u00e7a. Foi um tempo fecundo, marcado por intensos momentos de reflex\u00e3o, discernimento e comunh\u00e3o episcopal.<\/p>\n<p style=\"text-align: justify;\">Neste contexto, aprovamos as Diretrizes Gerais da A\u00e7\u00e3o Evangelizadora da Igreja no Brasil, express\u00e3o da palavra oficial dos Bispos, como sucessores dos Ap\u00f3stolos. Trata-se de uma orienta\u00e7\u00e3o que brota da escuta do Esp\u00edrito e do povo de Deus, iluminada pelo esp\u00edrito do Conc\u00edlio Vaticano II e enriquecida pelo magist\u00e9rio das Confer\u00eancias Episcopais da Am\u00e9rica Latina \u2014 de Medell\u00edn a Aparecida. \u00c9 uma palavra encarnada, pr\u00f3xima do povo, fiel ao Evangelho de Jesus Cristo e atenta aos sinais do nosso tempo.<\/p>\n<p style=\"text-align: justify;\">Essa escuta nos levou, mais uma vez, a reconhecer a realidade hist\u00f3rica e social do nosso povo, profundamente marcada pela presen\u00e7a e pela contribui\u00e7\u00e3o do povo negro. Sua dignidade, tantas vezes ferida ao longo da hist\u00f3ria, continua a clamar por justi\u00e7a, reconhecimento e inclus\u00e3o. N\u00e3o podemos anunciar o Evangelho sem escutar esse clamor.<\/p>\n<p style=\"text-align: justify;\">Num clima de escuta fraterna e esp\u00edrito sinodal, tive a gra\u00e7a de apresentar aos irm\u00e3os bispos o Do umento da Pastoral Afro-Brasileira. Trata-se de um texto que nasce do ch\u00e3o das comunidades, fruto de um longo caminho de escuta, discernimento e compromisso com a vida e a dignidade do povo afrodescendente em nosso pa\u00eds. Ele dialoga com o Magist\u00e9rio da Igreja e responde aos desafios atuais, em sintonia com a consci\u00eancia internacional que reconhece a escravid\u00e3o e o tr\u00e1fico transatl\u00e2ntico como graves crimes contra a humanidade.<\/p>\n<p style=\"text-align: justify;\">Recordei, naquela ocasi\u00e3o, algo fundamental: pastoral \u00e9 o nome que a Igreja d\u00e1 ao cuidado com o povo. \u00c9 o zelo apost\u00f3lico, especialmente para com os pobres e abandonados. Pastoral \u00e9, em sua ess\u00eancia, a pr\u00f3pria evangeliza\u00e7\u00e3o em sentido pleno. \u00c9 fidelidade \u00e0 miss\u00e3o que Jesus confiou \u00e0 sua Igreja: \u201cIde, pois, fazei disc\u00edpulos de todos os povos\u201d (cf. Mt 28,19-20).<\/p>\n<p style=\"text-align: justify;\">Neste horizonte, a Pastoral Afro-Brasileira n\u00e3o \u00e9 algo paralelo ou opcional. Ela \u00e9 express\u00e3o concreta do pastoreio de Jesus na hist\u00f3ria. \u00c9 a presen\u00e7a da Igreja junto ao povo negro, reconhecendo sua dignidade, valorizando sua cultura de matriz africana e assumindo, com coragem evang\u00e9lica, o compromisso de superar as marcas hist\u00f3ricas do racismo e da exclus\u00e3o.<\/p>\n<p style=\"text-align: justify;\">O Documento agora est\u00e1 nas m\u00e3os de cada bispo. O chamamos de \u201cdocumento m\u00e1rtir\u201d, no sentido mais eclesial do termo: um texto que se coloca em caminho, aberto ao discernimento da Igreja. Ele ser\u00e1 lido, rezado, acolhido e enriquecido por todos, para que possa amadurecer e, oportunamente, tornar-se Documento Oficial da CNBB, t\u00e3o esperado pela comunidade afrodescendente.<\/p>\n<p style=\"text-align: justify;\">Este \u00e9 o caminho sinodal que estamos vivendo: caminhar juntos, escutar nos mutuamente e discernir \u00e0 luz do Esp\u00edrito. N\u00e3o se trata apenas de produzir textos, mas de gerar processos de convers\u00e3o pastoral, capazes de transformar nossas comunidades em sinais vivos do Reino de Deus.<\/p>\n<p style=\"text-align: justify;\">Diante de\u00a0uma\u00a0sociedade\u00a0marcada\u00a0por\u00a0tantas\u00a0feridas\u00a0\u2014\u00a0desigualdades,\u00a0preconceitos,\u00a0viol\u00eancias\u00a0\u2014 a\u00a0Igreja\u00a0\u00e9\u00a0chamada\u00a0a ser\u00a0presen\u00e7a\u00a0samaritana,\u00a0promotora\u00a0da\u00a0dignidade\u00a0humana e\u00a0construtora\u00a0de\u00a0fraternidade.\u00a0Isso\u00a0exige\u00a0de\u00a0n\u00f3s\u00a0coragem,\u00a0humildade\u00a0e\u00a0fidelidade\u00a0ao\u00a0Evangelho.<\/p>\n<p style=\"text-align: justify;\">Que o Esp\u00edrito Santo nos conduza neste caminho. E que possamos ser, no cora\u00e7\u00e3o do mundo, uma Igreja que escuta, acolhe e serve, especialmente os irm\u00e3os e irm\u00e3s que mais sofrem as consequ\u00eancias da exclus\u00e3o e da injusti\u00e7a.<\/p>\n<p style=\"text-align: justify;\"><span data-ccp-props=\"{&quot;335551550&quot;:6,&quot;335551620&quot;:6}\">\u00a0<\/span><\/p>\n","protected":false},"excerpt":{"rendered":"<p>Dom Zanoni Demettino Castro Arcebispo de Feira de Santana (BA) &nbsp; Ap\u00f3s dez dias de encontro fraterno, viv\u00eancia e conviv\u00eancia, ora\u00e7\u00e3o e partilha, retornamos da 62\u00aa Assembleia Geral dos Bispos do Brasil, realizada em Aparecida, S\u00e3o Paulo, com o cora\u00e7\u00e3o cheio de alegria e gra\u00e7a. Foi um tempo fecundo, marcado por intensos momentos de reflex\u00e3o, &hellip;<\/p>\n<p class=\"read-more\"> <a class=\"\" href=\"https:\/\/www.cnbb.org.br\/uma-igreja-que-escuta-e-inclui\/\"> <span class=\"screen-reader-text\">Uma\u00a0Igreja\u00a0que\u00a0escuta\u00a0e\u00a0inclui\u00a0<\/span> Leia mais &raquo;<\/a><\/p>\n","protected":false},"author":48,"featured_media":0,"comment_status":"closed","ping_status":"closed","sticky":false,"template":"","format":"standard","meta":{"site-sidebar-layout":"default","site-content-layout":"default","ast-global-header-display":"","ast-banner-title-visibility":"","ast-main-header-display":"","ast-hfb-above-header-display":"","ast-hfb-below-header-display":"","ast-hfb-mobile-header-display":"","site-post-title":"","ast-breadcrumbs-content":"","ast-featured-img":"","footer-sml-layout":"","theme-transparent-header-meta":"default","adv-header-id-meta":"","stick-header-meta":"","header-above-stick-meta":"","header-main-stick-meta":"","header-below-stick-meta":""},"categories":[758,1837],"tags":[],"acf":[],"_links":{"self":[{"href":"https:\/\/www.cnbb.org.br\/cnbb-app\/wp\/v2\/posts\/999561"}],"collection":[{"href":"https:\/\/www.cnbb.org.br\/cnbb-app\/wp\/v2\/posts"}],"about":[{"href":"https:\/\/www.cnbb.org.br\/cnbb-app\/wp\/v2\/types\/post"}],"author":[{"embeddable":true,"href":"https:\/\/www.cnbb.org.br\/cnbb-app\/wp\/v2\/users\/48"}],"replies":[{"embeddable":true,"href":"https:\/\/www.cnbb.org.br\/cnbb-app\/wp\/v2\/comments?post=999561"}],"version-history":[{"count":3,"href":"https:\/\/www.cnbb.org.br\/cnbb-app\/wp\/v2\/posts\/999561\/revisions"}],"predecessor-version":[{"id":999564,"href":"https:\/\/www.cnbb.org.br\/cnbb-app\/wp\/v2\/posts\/999561\/revisions\/999564"}],"wp:attachment":[{"href":"https:\/\/www.cnbb.org.br\/cnbb-app\/wp\/v2\/media?parent=999561"}],"wp:term":[{"taxonomy":"category","embeddable":true,"href":"https:\/\/www.cnbb.org.br\/cnbb-app\/wp\/v2\/categories?post=999561"},{"taxonomy":"post_tag","embeddable":true,"href":"https:\/\/www.cnbb.org.br\/cnbb-app\/wp\/v2\/tags?post=999561"}],"curies":[{"name":"wp","href":"https:\/\/api.w.org\/{rel}","templated":true}]}}