{"id":999565,"date":"2026-04-28T14:35:55","date_gmt":"2026-04-28T17:35:55","guid":{"rendered":"https:\/\/www.cnbb.org.br\/?p=999565"},"modified":"2026-04-28T14:38:02","modified_gmt":"2026-04-28T17:38:02","slug":"5o-domingo-da-pascoa-ciclo","status":"publish","type":"post","link":"https:\/\/www.cnbb.org.br\/5o-domingo-da-pascoa-ciclo\/","title":{"rendered":"5\u00ba Domingo da P\u00e1scoa \u2013\u00a0Ciclo"},"content":{"rendered":"<div style=\"text-align: right;\"><strong>Dom Antonio Carlos Rossi Keller<\/strong><\/div>\n<p style=\"text-align: right;\"><b><span data-contrast=\"auto\"><strong>Bispo de Frederico Westphalen (RS)<\/strong><\/span><\/b><\/p>\n<p>&nbsp;<\/p>\n<p style=\"text-align: left;\">\n<p><b style=\"font-style: inherit;\"><span data-contrast=\"auto\">Jesus: Caminho, Verdade e Vida<\/span><\/b><span style=\"font-size: 16px;\">\u00a0<\/span><span data-ccp-props=\"{&quot;201341983&quot;:0,&quot;335551550&quot;:2,&quot;335551620&quot;:2,&quot;335559739&quot;:140,&quot;335559740&quot;:360}\">\u00a0<\/span><\/p>\n<p style=\"text-align: justify;\"><span data-ccp-props=\"{&quot;201341983&quot;:0,&quot;335551550&quot;:6,&quot;335551620&quot;:6,&quot;335559739&quot;:140,&quot;335559740&quot;:360}\">\u00a0<\/span><span data-contrast=\"auto\">O\u00a0<\/span><b><span data-contrast=\"auto\">5\u00ba Domingo da P\u00e1scoa<\/span><\/b><span data-contrast=\"auto\">, no\u00a0<\/span><b><span data-contrast=\"auto\">Ciclo A<\/span><\/b><span data-contrast=\"auto\">, oferece uma rica oportunidade para refletir sobre a identidade da Igreja como comunidade pascal, constru\u00edda em torno de Jesus Cristo. Celebrado no Tempo Pascal, este domingo aprofunda o mist\u00e9rio da Ressurrei\u00e7\u00e3o, convidando os fi\u00e9is a viverem como pedras vivas no templo espiritual que \u00e9 a Igreja, com os olhos fixos em Jesus, o Caminho, a Verdade e a Vida.<\/span><span data-ccp-props=\"{&quot;201341983&quot;:0,&quot;335551550&quot;:6,&quot;335551620&quot;:6,&quot;335559739&quot;:140,&quot;335559740&quot;:360}\">\u00a0<\/span><\/p>\n<p style=\"text-align: justify;\"><span data-contrast=\"auto\">A\u00a0<\/span><b><span data-contrast=\"auto\">1.<\/span><\/b><b><span data-contrast=\"auto\">a<\/span><\/b><b><span data-contrast=\"auto\">\u00a0Leitura (Atos dos Ap\u00f3stolos 6,1-7)<\/span><\/b><span data-contrast=\"auto\">, descreve o crescimento da comunidade primitiva e os desafios que surgem com ele. Os helenistas murmuram contra os hebreus porque suas vi\u00favas s\u00e3o negligenciadas na distribui\u00e7\u00e3o di\u00e1ria. Os Ap\u00f3stolos, reconhecendo que n\u00e3o podem abandonar a ora\u00e7\u00e3o e o servi\u00e7o da Palavra para cuidar de mesas, prop\u00f5em a elei\u00e7\u00e3o de sete homens cheios do Esp\u00edrito Santo e de sabedoria. A comunidade escolhe Est\u00eav\u00e3o, Filipe e outros, que s\u00e3o apresentados aos Ap\u00f3stolos e recebem a imposi\u00e7\u00e3o das m\u00e3os. O resultado \u00e9 eloquente: a Palavra de Deus continua a se espalhar, o n\u00famero de disc\u00edpulos multiplica-se em Jerusal\u00e9m e at\u00e9 muitos sacerdotes aderem \u00e0 f\u00e9.<\/span><span data-ccp-props=\"{&quot;201341983&quot;:0,&quot;335551550&quot;:6,&quot;335551620&quot;:6,&quot;335559739&quot;:140,&quot;335559740&quot;:360}\">\u00a0<\/span><\/p>\n<p style=\"text-align: justify;\"><span data-contrast=\"auto\">Esta passagem revela a Igreja nascente como uma comunidade organizada, onde o servi\u00e7o (diaconia) surge para atender necessidades concretas, especialmente dos mais pobres, sem dividir a miss\u00e3o entre \u201cespiritual\u201d e \u201cmaterial\u201d. Os sete n\u00e3o s\u00e3o apenas administradores, mas homens cheios do Esp\u00edrito, sinal de que todo servi\u00e7o na Igreja tem raiz na santidade.<\/span><span data-ccp-props=\"{&quot;201341983&quot;:0,&quot;335551550&quot;:6,&quot;335551620&quot;:6,&quot;335559739&quot;:140,&quot;335559740&quot;:360}\">\u00a0<\/span><\/p>\n<p style=\"text-align: justify;\"><span data-contrast=\"auto\">A\u00a02.<\/span><span data-contrast=\"auto\">a<\/span><span data-contrast=\"auto\">\u00a0L<\/span><b><span data-contrast=\"auto\">eitura\u00a0<\/span><\/b><span data-contrast=\"auto\">(<\/span><b><span data-contrast=\"auto\">1.<\/span><\/b><b><span data-contrast=\"auto\">a<\/span><\/b><b><span data-contrast=\"auto\">\u00a0Carta de Pedro 2,4-9)<\/span><\/b><span data-contrast=\"auto\">, apresenta uma imagem bela e profunda da Igreja. Cristo \u00e9 a \u201cpedra viva\u201d, rejeitada pelos homens, mas escolhida e preciosa para Deus. Os crist\u00e3os s\u00e3o convidados a aproximar-se Dele e tornar-se, eles pr\u00f3prios, \u201cpedras vivas\u201d que formam um templo espiritual. Juntos, constituem um \u201csacerd\u00f3cio santo\u201d e um \u201cpovo adquirido\u201d, chamados a anunciar as grandezas daquele que os chamou das trevas para a sua luz maravilhosa.<\/span><span data-ccp-props=\"{&quot;201341983&quot;:0,&quot;335551550&quot;:6,&quot;335551620&quot;:6,&quot;335559739&quot;:140,&quot;335559740&quot;:360}\">\u00a0<\/span><\/p>\n<p style=\"text-align: justify;\"><span data-contrast=\"auto\">Esta leitura destaca a dignidade batismal de todo crist\u00e3o:\u00a0n\u00e3o h\u00e1 crist\u00e3os de segunda classe. Todos participam do sacerd\u00f3cio comum, oferecendo a Deus o culto da vida cotidiana, da caridade e da obedi\u00eancia \u00e0 vontade divina.<\/span><span data-ccp-props=\"{&quot;201341983&quot;:0,&quot;335551550&quot;:6,&quot;335551620&quot;:6,&quot;335559739&quot;:140,&quot;335559740&quot;:360}\">\u00a0<\/span><\/p>\n<p style=\"text-align: justify;\"><b><span data-contrast=\"auto\">O\u00a0Evangelho<\/span><\/b><span data-contrast=\"auto\">\u00a0(<\/span><b><span data-contrast=\"auto\">Jo\u00e3o 14,1-12<\/span><\/b><span data-contrast=\"auto\">) faz parte dos discursos de despedida de Jesus na \u00daltima Ceia. Diante da iminente partida, Jesus consola os disc\u00edpulos: \u201cN\u00e3o se perturbe o vosso cora\u00e7\u00e3o. Tendes f\u00e9 em Deus, tende f\u00e9 tamb\u00e9m em mim\u201d. Na casa do Pai h\u00e1 muitas moradas; Ele vai preparar um lugar e voltar\u00e1 para nos levar consigo. Quando Tom\u00e9 pergunta pelo caminho, Jesus responde com uma das afirma\u00e7\u00f5es mais fortes do quarto Evangelho: \u201cEu sou o Caminho, a Verdade e a Vida. Ningu\u00e9m vai ao Pai sen\u00e3o por mim\u201d. A Filipe, que pede para ver o Pai, Jesus revela: \u201cQuem me v\u00ea, v\u00ea o Pai\u201d. E promete que quem\u00a0cr\u00ea Nele\u00a0far\u00e1 as obras que Ele faz, e at\u00e9 maiores, porque Ele vai para o Pai.<\/span><span data-ccp-props=\"{&quot;201341983&quot;:0,&quot;335551550&quot;:6,&quot;335551620&quot;:6,&quot;335559739&quot;:140,&quot;335559740&quot;:360}\">\u00a0<\/span><\/p>\n<p style=\"text-align: justify;\"><span data-contrast=\"auto\">A mensagem central deste domingo \u00e9\u00a0nos apresentar\u00a0<\/span><b><span data-contrast=\"auto\">Cristo como centro e fundamento da vida crist\u00e3 e da Igreja<\/span><\/b><span data-contrast=\"auto\">. Jesus n\u00e3o \u00e9 apenas um mestre ou um exemplo: Ele \u00e9 o Caminho que conduz ao Pai, a Verdade que revela o rosto de Deus e a Vida em plenitude que vence a morte. A Igreja\u00a0nasce Dele\u00a0e se\u00a0constr\u00f3i Nele\u00a0como templo vivo, formado por pedras vivas \u2014 os batizados \u2014 animadas pelo Esp\u00edrito Santo.<\/span><span data-ccp-props=\"{&quot;201341983&quot;:0,&quot;335551550&quot;:6,&quot;335551620&quot;:6,&quot;335559739&quot;:140,&quot;335559740&quot;:360}\">\u00a0<\/span><\/p>\n<p style=\"text-align: justify;\"><span data-contrast=\"auto\">A liturgia une tr\u00eas dimens\u00f5es insepar\u00e1veis:<\/span><span data-ccp-props=\"{&quot;201341983&quot;:0,&quot;335551550&quot;:6,&quot;335551620&quot;:6,&quot;335559739&quot;:140,&quot;335559740&quot;:360}\">\u00a0<\/span><\/p>\n<p><b><span data-contrast=\"auto\">A unidade na diversidade<\/span><\/b><span data-contrast=\"auto\">: como na comunidade de Atos, onde surgem minist\u00e9rios diferentes (apost\u00f3lico, diaconal) para servir melhor.<\/span><span data-ccp-props=\"{&quot;201341983&quot;:0,&quot;335551550&quot;:6,&quot;335551620&quot;:6,&quot;335559739&quot;:0,&quot;335559740&quot;:360,&quot;469777462&quot;:[709],&quot;469777927&quot;:[0],&quot;469777928&quot;:[1]}\">\u00a0<\/span><\/p>\n<p><b><span data-contrast=\"auto\">A santidade comum<\/span><\/b><span data-contrast=\"auto\">: todos somos sacerd\u00f3cio santo, chamados a oferecer a vida como culto espiritual.<\/span><span data-ccp-props=\"{&quot;201341983&quot;:0,&quot;335551550&quot;:6,&quot;335551620&quot;:6,&quot;335559739&quot;:0,&quot;335559740&quot;:360,&quot;469777462&quot;:[709],&quot;469777927&quot;:[0],&quot;469777928&quot;:[1]}\">\u00a0<\/span><\/p>\n<p><b><span data-contrast=\"auto\">A miss\u00e3o contemplativa e ativa<\/span><\/b><span data-contrast=\"auto\">: olhar para Jesus (ver o Pai Nele) e continuar as Suas obras no mundo, especialmente no servi\u00e7o aos pobres e na anuncia\u00e7\u00e3o da Palavra.<\/span><span data-ccp-props=\"{&quot;201341983&quot;:0,&quot;335551550&quot;:6,&quot;335551620&quot;:6,&quot;335559739&quot;:140,&quot;335559740&quot;:360,&quot;469777462&quot;:[709],&quot;469777927&quot;:[0],&quot;469777928&quot;:[1]}\">\u00a0<\/span><\/p>\n<p style=\"text-align: justify;\"><span data-contrast=\"auto\">No cora\u00e7\u00e3o da P\u00e1scoa, o Domingo nos recorda que a Ressurrei\u00e7\u00e3o n\u00e3o \u00e9 um evento passado, mas a din\u00e2mica atual da Igreja: morrer para o ego\u00edsmo e ressuscitar para o servi\u00e7o, a comunh\u00e3o e a esperan\u00e7a no c\u00e9u. A \u201ccasa do Pai\u201d com muitas moradas aponta para a esperan\u00e7a escatol\u00f3gica, mas j\u00e1 se realiza na terra quando vivemos como irm\u00e3os em Cristo.<\/span><span data-ccp-props=\"{&quot;201341983&quot;:0,&quot;335551550&quot;:6,&quot;335551620&quot;:6,&quot;335559739&quot;:140,&quot;335559740&quot;:360}\">\u00a0<\/span><\/p>\n<p style=\"text-align: justify;\"><span data-contrast=\"auto\">Que este 5\u00ba Domingo da P\u00e1scoa nos renove na f\u00e9: Cristo \u00e9 o fundamento s\u00f3lido. Nele, a Igreja cresce, serve, anuncia e caminha rumo \u00e0 plena comunh\u00e3o com o Pai. Que o Esp\u00edrito Santo nos fa\u00e7a pedras vivas bem ajustadas no templo santo de Deus, para gl\u00f3ria do Pai e salva\u00e7\u00e3o do mundo. Am\u00e9m.<\/span><span data-ccp-props=\"{&quot;201341983&quot;:0,&quot;335551550&quot;:6,&quot;335551620&quot;:6,&quot;335559739&quot;:140,&quot;335559740&quot;:360}\">\u00a0<\/span><\/p>\n<p><span data-ccp-props=\"{&quot;201341983&quot;:0,&quot;335551550&quot;:6,&quot;335551620&quot;:6,&quot;335559740&quot;:360}\">\u00a0<\/span><\/p>\n","protected":false},"excerpt":{"rendered":"<p>Dom Antonio Carlos Rossi Keller Bispo de Frederico Westphalen (RS) &nbsp; Jesus: Caminho, Verdade e Vida\u00a0\u00a0 \u00a0O\u00a05\u00ba Domingo da P\u00e1scoa, no\u00a0Ciclo A, oferece uma rica oportunidade para refletir sobre a identidade da Igreja como comunidade pascal, constru\u00edda em torno de Jesus Cristo. Celebrado no Tempo Pascal, este domingo aprofunda o mist\u00e9rio da Ressurrei\u00e7\u00e3o, convidando os &hellip;<\/p>\n<p class=\"read-more\"> <a class=\"\" href=\"https:\/\/www.cnbb.org.br\/5o-domingo-da-pascoa-ciclo\/\"> <span class=\"screen-reader-text\">5\u00ba Domingo da P\u00e1scoa \u2013\u00a0Ciclo<\/span> Leia mais &raquo;<\/a><\/p>\n","protected":false},"author":1821,"featured_media":0,"comment_status":"closed","ping_status":"closed","sticky":false,"template":"","format":"standard","meta":{"site-sidebar-layout":"default","site-content-layout":"default","ast-global-header-display":"","ast-banner-title-visibility":"","ast-main-header-display":"","ast-hfb-above-header-display":"","ast-hfb-below-header-display":"","ast-hfb-mobile-header-display":"","site-post-title":"","ast-breadcrumbs-content":"","ast-featured-img":"","footer-sml-layout":"","theme-transparent-header-meta":"default","adv-header-id-meta":"","stick-header-meta":"","header-above-stick-meta":"","header-main-stick-meta":"","header-below-stick-meta":""},"categories":[758],"tags":[],"acf":[],"_links":{"self":[{"href":"https:\/\/www.cnbb.org.br\/cnbb-app\/wp\/v2\/posts\/999565"}],"collection":[{"href":"https:\/\/www.cnbb.org.br\/cnbb-app\/wp\/v2\/posts"}],"about":[{"href":"https:\/\/www.cnbb.org.br\/cnbb-app\/wp\/v2\/types\/post"}],"author":[{"embeddable":true,"href":"https:\/\/www.cnbb.org.br\/cnbb-app\/wp\/v2\/users\/1821"}],"replies":[{"embeddable":true,"href":"https:\/\/www.cnbb.org.br\/cnbb-app\/wp\/v2\/comments?post=999565"}],"version-history":[{"count":3,"href":"https:\/\/www.cnbb.org.br\/cnbb-app\/wp\/v2\/posts\/999565\/revisions"}],"predecessor-version":[{"id":999568,"href":"https:\/\/www.cnbb.org.br\/cnbb-app\/wp\/v2\/posts\/999565\/revisions\/999568"}],"wp:attachment":[{"href":"https:\/\/www.cnbb.org.br\/cnbb-app\/wp\/v2\/media?parent=999565"}],"wp:term":[{"taxonomy":"category","embeddable":true,"href":"https:\/\/www.cnbb.org.br\/cnbb-app\/wp\/v2\/categories?post=999565"},{"taxonomy":"post_tag","embeddable":true,"href":"https:\/\/www.cnbb.org.br\/cnbb-app\/wp\/v2\/tags?post=999565"}],"curies":[{"name":"wp","href":"https:\/\/api.w.org\/{rel}","templated":true}]}}