{"id":999581,"date":"2026-04-29T09:32:44","date_gmt":"2026-04-29T12:32:44","guid":{"rendered":"https:\/\/www.cnbb.org.br\/?p=999581"},"modified":"2026-04-29T09:36:50","modified_gmt":"2026-04-29T12:36:50","slug":"osib-promove-encontro-nacional-para-formadores-de-seminarios-e-assembleia-geral-em-belo-horizonte","status":"publish","type":"post","link":"https:\/\/www.cnbb.org.br\/osib-promove-encontro-nacional-para-formadores-de-seminarios-e-assembleia-geral-em-belo-horizonte\/","title":{"rendered":"OSIB promove Encontro Nacional para Formadores de Semin\u00e1rios e Assembleia Geral em Belo Horizonte"},"content":{"rendered":"<p style=\"text-align: justify;\">A Organiza\u00e7\u00e3o dos Semin\u00e1rios e Institutos do Brasil (OSIB) realizar\u00e1, de 27 a 31 de julho, o Encontro Nacional de Atualiza\u00e7\u00e3o para Formadores, reunindo bispos, reitores, formadores e demais respons\u00e1veis pela forma\u00e7\u00e3o presbiteral no pa\u00eds. O evento acontecer\u00e1 na Casa M\u00e3e Acolhedora, em Belo Horizonte (MG), e ter\u00e1 como tema central: \u201cA forma\u00e7\u00e3o presbiteral no contexto da cultura digital: desafios, possibilidades e implica\u00e7\u00f5es para o exerc\u00edcio do minist\u00e9rio presbiteral\u201d.<\/p>\n<p style=\"text-align: justify;\">Promovido anualmente pela OSIB, o encontro busca oferecer um espa\u00e7o de reflex\u00e3o, atualiza\u00e7\u00e3o e partilha sobre os desafios contempor\u00e2neos da forma\u00e7\u00e3o dos futuros presb\u00edteros da Igreja no Brasil. Inspirado pelo <a href=\"https:\/\/www.edicoescnbb.com.br\/diretrizes-para-a-formacao-dos-presbiteros-da-igreja-no-brasi-documentos-da-cnbb-110-digital\" target=\"_blank\" rel=\"noopener\">Documento 110 da CNBB<\/a>, o encontro deste ano prop\u00f5e aprofundar o discernimento sobre a miss\u00e3o do formador e o exerc\u00edcio do minist\u00e9rio presbiteral em um contexto marcado pelas transforma\u00e7\u00f5es culturais e tecnol\u00f3gicas.<\/p>\n<p style=\"text-align: justify;\"><img decoding=\"async\" loading=\"lazy\" class=\"alignleft wp-image-999584 \" src=\"https:\/\/www.cnbb.org.br\/wp-content\/uploads\/2026\/04\/WhatsApp-Image-2026-04-24-at-11.25.49-819x1024.jpeg\" alt=\"\" width=\"252\" height=\"315\" srcset=\"https:\/\/www.cnbb.org.br\/wp-content\/uploads\/2026\/04\/WhatsApp-Image-2026-04-24-at-11.25.49-819x1024.jpeg 819w, https:\/\/www.cnbb.org.br\/wp-content\/uploads\/2026\/04\/WhatsApp-Image-2026-04-24-at-11.25.49-240x300.jpeg 240w, https:\/\/www.cnbb.org.br\/wp-content\/uploads\/2026\/04\/WhatsApp-Image-2026-04-24-at-11.25.49-768x960.jpeg 768w, https:\/\/www.cnbb.org.br\/wp-content\/uploads\/2026\/04\/WhatsApp-Image-2026-04-24-at-11.25.49-1229x1536.jpeg 1229w, https:\/\/www.cnbb.org.br\/wp-content\/uploads\/2026\/04\/WhatsApp-Image-2026-04-24-at-11.25.49-1638x2048.jpeg 1638w, https:\/\/www.cnbb.org.br\/wp-content\/uploads\/2026\/04\/WhatsApp-Image-2026-04-24-at-11.25.49-500x625.jpeg 500w, https:\/\/www.cnbb.org.br\/wp-content\/uploads\/2026\/04\/WhatsApp-Image-2026-04-24-at-11.25.49.jpeg 2048w\" sizes=\"(max-width: 252px) 100vw, 252px\" \/>A programa\u00e7\u00e3o ter\u00e1 in\u00edcio \u00e0s 17h do dia 27 de julho, com credenciamento, e ser\u00e1 encerrada no dia 31, \u00e0s 12h, com almo\u00e7o. Entre os assessores confirmados est\u00e3o dom Valdir Jos\u00e9 de Castro, presidente da Comiss\u00e3o para a Comunica\u00e7\u00e3o da CNBB; padre Arnaldo Rodrigues da Silva, assessor de Comunica\u00e7\u00e3o da CNBB; e o delegado Paulo Maluf, que contribuir\u00e3o com reflex\u00f5es e an\u00e1lises sobre o tema proposto.<\/p>\n<p style=\"text-align: justify;\">Al\u00e9m da programa\u00e7\u00e3o formativa, o encontro acolher\u00e1 tamb\u00e9m a Assembleia Geral da OSIB, que neste ano ter\u00e1 car\u00e1ter eletivo. Durante a assembleia, ser\u00e1 definida a nova presid\u00eancia da entidade para o pr\u00f3ximo quadri\u00eanio, refor\u00e7ando a import\u00e2ncia da participa\u00e7\u00e3o dos membros com direito a voto, conforme previsto no Estatuto Can\u00f4nico da organiza\u00e7\u00e3o.<\/p>\n<p style=\"text-align: justify;\">A OSIB destaca que o encontro \u00e9 destinado a reitores e formadores de semin\u00e1rios de todas as etapas do processo formativo, al\u00e9m de diretores e coordenadores dos institutos de Filosofia e Teologia. A iniciativa tamb\u00e9m se dirige a bispos, arcebispos, professores e demais agentes envolvidos na forma\u00e7\u00e3o dos futuros presb\u00edteros.<\/p>\n<p style=\"text-align: justify;\">As inscri\u00e7\u00f5es podem ser feitas at\u00e9 o dia 3 de julho (<a href=\"https:\/\/osib.org.br\/eventos\/evento-modelo\/\" target=\"_blank\" rel=\"noopener\">AQUI<\/a>). O investimento \u00e9 de R$ 800, valor que inclui taxa de inscri\u00e7\u00e3o, hospedagem em quarto individual e alimenta\u00e7\u00e3o completa durante os dias do encontro.<\/p>\n<p style=\"text-align: justify;\">Segundo a presid\u00eancia da OSIB, o encontro ser\u00e1 uma oportunidade de fortalecer a miss\u00e3o dos formadores diante dos desafios da evangeliza\u00e7\u00e3o e da forma\u00e7\u00e3o sacerdotal no cen\u00e1rio atual, marcado pela cultura digital e pelas novas exig\u00eancias pastorais da Igreja no Brasil.<\/p>\n<p>&nbsp;<\/p>\n<p>Saiba mais em: <a href=\"https:\/\/osib.org.br\/eventos\/evento-modelo\/\" target=\"_blank\" rel=\"noopener\">Assembleia Geral OSIB \u2013 Encontro Nacional de Formadores 2026 \u2013 OSIB<\/a><\/p>\n<p>&nbsp;<\/p>\n","protected":false},"excerpt":{"rendered":"<p>O encontro acontece de 27 a 31 de julho de 2026 e re\u00fane bispos, reitores, formadores e demais respons\u00e1veis pela forma\u00e7\u00e3o presbiteral no pa\u00eds. O evento acontecer\u00e1 na Casa M\u00e3e Acolhedora, em Belo Horizonte (MG), e ter\u00e1 como tema central: \u201cA forma\u00e7\u00e3o presbiteral no contexto da cultura digital: desafios, possibilidades e implica\u00e7\u00f5es para o exerc\u00edcio do minist\u00e9rio presbiteral\u201d<\/p>\n","protected":false},"author":138,"featured_media":999585,"comment_status":"closed","ping_status":"closed","sticky":false,"template":"","format":"standard","meta":{"site-sidebar-layout":"default","site-content-layout":"default","ast-global-header-display":"","ast-banner-title-visibility":"","ast-main-header-display":"","ast-hfb-above-header-display":"","ast-hfb-below-header-display":"","ast-hfb-mobile-header-display":"","site-post-title":"","ast-breadcrumbs-content":"","ast-featured-img":"","footer-sml-layout":"","theme-transparent-header-meta":"default","adv-header-id-meta":"","stick-header-meta":"","header-above-stick-meta":"","header-main-stick-meta":"","header-below-stick-meta":""},"categories":[50,807],"tags":[1044,6408,2338],"acf":[],"_links":{"self":[{"href":"https:\/\/www.cnbb.org.br\/cnbb-app\/wp\/v2\/posts\/999581"}],"collection":[{"href":"https:\/\/www.cnbb.org.br\/cnbb-app\/wp\/v2\/posts"}],"about":[{"href":"https:\/\/www.cnbb.org.br\/cnbb-app\/wp\/v2\/types\/post"}],"author":[{"embeddable":true,"href":"https:\/\/www.cnbb.org.br\/cnbb-app\/wp\/v2\/users\/138"}],"replies":[{"embeddable":true,"href":"https:\/\/www.cnbb.org.br\/cnbb-app\/wp\/v2\/comments?post=999581"}],"version-history":[{"count":8,"href":"https:\/\/www.cnbb.org.br\/cnbb-app\/wp\/v2\/posts\/999581\/revisions"}],"predecessor-version":[{"id":999591,"href":"https:\/\/www.cnbb.org.br\/cnbb-app\/wp\/v2\/posts\/999581\/revisions\/999591"}],"wp:featuredmedia":[{"embeddable":true,"href":"https:\/\/www.cnbb.org.br\/cnbb-app\/wp\/v2\/media\/999585"}],"wp:attachment":[{"href":"https:\/\/www.cnbb.org.br\/cnbb-app\/wp\/v2\/media?parent=999581"}],"wp:term":[{"taxonomy":"category","embeddable":true,"href":"https:\/\/www.cnbb.org.br\/cnbb-app\/wp\/v2\/categories?post=999581"},{"taxonomy":"post_tag","embeddable":true,"href":"https:\/\/www.cnbb.org.br\/cnbb-app\/wp\/v2\/tags?post=999581"}],"curies":[{"name":"wp","href":"https:\/\/api.w.org\/{rel}","templated":true}]}}