{"id":999592,"date":"2026-04-29T09:56:30","date_gmt":"2026-04-29T12:56:30","guid":{"rendered":"https:\/\/www.cnbb.org.br\/?p=999592"},"modified":"2026-04-29T09:56:30","modified_gmt":"2026-04-29T12:56:30","slug":"encontro-regional-reune-formadores-de-seminarios-para-refletir-sobre-desafios-contemporaneos-na-formacao-sacerdotal","status":"publish","type":"post","link":"https:\/\/www.cnbb.org.br\/encontro-regional-reune-formadores-de-seminarios-para-refletir-sobre-desafios-contemporaneos-na-formacao-sacerdotal\/","title":{"rendered":"Encontro Regional re\u00fane formadores de semin\u00e1rios para refletir sobre desafios contempor\u00e2neos na forma\u00e7\u00e3o sacerdotal"},"content":{"rendered":"<p style=\"text-align: justify;\">Teve in\u00edcio na \u00faltima segunda-feira (27), em Salvador, o Encontro Regional para Formadores, que neste ano prop\u00f5e uma reflex\u00e3o aprofundada sobre o tema: \u201cDiscernimento na Forma\u00e7\u00e3o de Seminaristas diante da Neurodiverg\u00eancia, das Defici\u00eancias e dos Transtornos Ps\u00edquicos\u201d. A programa\u00e7\u00e3o acontece no Centro de Treinamento de L\u00edderes (CTL) e segue at\u00e9 o dia 30 de abril, reunindo formadores de semin\u00e1rios e agentes ligados \u00e0 forma\u00e7\u00e3o presbiteral.<\/p>\n<p style=\"text-align: justify;\">A abertura do encontro foi marcada pelo credenciamento dos participantes ao longo da tarde do dia 27, seguido da missa, momento que destacou a import\u00e2ncia da escuta, do cuidado e do discernimento na miss\u00e3o formativa da Igreja nos tempos atuais. Em clima de fraternidade, os participantes tamb\u00e9m partilharam o jantar, favorecendo a conviv\u00eancia e a integra\u00e7\u00e3o entre os presentes.<\/p>\n<p style=\"text-align: justify;\">Na ter\u00e7a-feira (28), a programa\u00e7\u00e3o teve in\u00edcio nas primeiras horas do dia com a celebra\u00e7\u00e3o da missa com Laudes, seguida do caf\u00e9 da manh\u00e3. Ao longo do dia, os formadores participaram de quatro confer\u00eancias, conduzidas pelos assessores convidados: o Dr. Pe. Genival Oliveira Carvalho, doutor em Ci\u00eancias da Religi\u00e3o, e a Dra. Rita de C\u00e1ssia Magalh\u00e3es de Oliveira, doutora em Educa\u00e7\u00e3o e Contemporaneidade pela UNEB e especialista em psicopedagogia institucional, cl\u00ednica e hospitalar.<\/p>\n<p style=\"text-align: justify;\">As confer\u00eancias abordaram aspectos fundamentais para o acompanhamento vocacional em contextos marcados por diferentes realidades humanas, promovendo uma reflex\u00e3o que integra f\u00e9, ci\u00eancia e cuidado pastoral. Ap\u00f3s cada momento formativo, os participantes tiveram espa\u00e7o para perguntas, aprofundando o di\u00e1logo e a partilha de experi\u00eancias.<\/p>\n<p style=\"text-align: justify;\">A programa\u00e7\u00e3o tamb\u00e9m contemplou momentos de espiritualidade, como a Hora Sexta e a ora\u00e7\u00e3o das V\u00e9speras, refor\u00e7ando a dimens\u00e3o orante do encontro. Os intervalos e momentos de conviv\u00eancia contribu\u00edram para o fortalecimento dos v\u00ednculos entre os participantes, enquanto a noite livre ofereceu espa\u00e7o para descanso e integra\u00e7\u00e3o.<\/p>\n<p style=\"text-align: justify;\">O encontro segue at\u00e9 o dia 29, aprofundando o tema proposto e buscando oferecer subs\u00eddios concretos para uma forma\u00e7\u00e3o cada vez mais atenta \u00e0s realidades contempor\u00e2neas, sem perder de vista a centralidade do chamado vocacional e o cuidado integral com a pessoa do seminarista.<\/p>\n<p>&nbsp;<\/p>\n<p>&nbsp;<\/p>\n<pre>Texto: Sara Gomes | Fotos: Joabison Nascimento<\/pre>\n","protected":false},"excerpt":{"rendered":"<p>Teve in\u00edcio na \u00faltima segunda-feira (27), em Salvador, o Encontro Regional para Formadores, que neste ano prop\u00f5e uma reflex\u00e3o aprofundada sobre o tema: \u201cDiscernimento na Forma\u00e7\u00e3o de Seminaristas diante da Neurodiverg\u00eancia, das Defici\u00eancias e dos Transtornos Ps\u00edquicos\u201d. A programa\u00e7\u00e3o acontece no Centro de Treinamento de L\u00edderes (CTL) e segue at\u00e9 o dia 30 de abril, &hellip;<\/p>\n<p class=\"read-more\"> <a class=\"\" href=\"https:\/\/www.cnbb.org.br\/encontro-regional-reune-formadores-de-seminarios-para-refletir-sobre-desafios-contemporaneos-na-formacao-sacerdotal\/\"> <span class=\"screen-reader-text\">Encontro Regional re\u00fane formadores de semin\u00e1rios para refletir sobre desafios contempor\u00e2neos na forma\u00e7\u00e3o sacerdotal<\/span> Leia mais &raquo;<\/a><\/p>\n","protected":false},"author":138,"featured_media":999595,"comment_status":"closed","ping_status":"closed","sticky":false,"template":"","format":"standard","meta":{"site-sidebar-layout":"default","site-content-layout":"default","ast-global-header-display":"","ast-banner-title-visibility":"","ast-main-header-display":"","ast-hfb-above-header-display":"","ast-hfb-below-header-display":"","ast-hfb-mobile-header-display":"","site-post-title":"","ast-breadcrumbs-content":"","ast-featured-img":"","footer-sml-layout":"","theme-transparent-header-meta":"default","adv-header-id-meta":"","stick-header-meta":"","header-above-stick-meta":"","header-main-stick-meta":"","header-below-stick-meta":""},"categories":[789],"tags":[],"acf":[],"_links":{"self":[{"href":"https:\/\/www.cnbb.org.br\/cnbb-app\/wp\/v2\/posts\/999592"}],"collection":[{"href":"https:\/\/www.cnbb.org.br\/cnbb-app\/wp\/v2\/posts"}],"about":[{"href":"https:\/\/www.cnbb.org.br\/cnbb-app\/wp\/v2\/types\/post"}],"author":[{"embeddable":true,"href":"https:\/\/www.cnbb.org.br\/cnbb-app\/wp\/v2\/users\/138"}],"replies":[{"embeddable":true,"href":"https:\/\/www.cnbb.org.br\/cnbb-app\/wp\/v2\/comments?post=999592"}],"version-history":[{"count":3,"href":"https:\/\/www.cnbb.org.br\/cnbb-app\/wp\/v2\/posts\/999592\/revisions"}],"predecessor-version":[{"id":999596,"href":"https:\/\/www.cnbb.org.br\/cnbb-app\/wp\/v2\/posts\/999592\/revisions\/999596"}],"wp:featuredmedia":[{"embeddable":true,"href":"https:\/\/www.cnbb.org.br\/cnbb-app\/wp\/v2\/media\/999595"}],"wp:attachment":[{"href":"https:\/\/www.cnbb.org.br\/cnbb-app\/wp\/v2\/media?parent=999592"}],"wp:term":[{"taxonomy":"category","embeddable":true,"href":"https:\/\/www.cnbb.org.br\/cnbb-app\/wp\/v2\/categories?post=999592"},{"taxonomy":"post_tag","embeddable":true,"href":"https:\/\/www.cnbb.org.br\/cnbb-app\/wp\/v2\/tags?post=999592"}],"curies":[{"name":"wp","href":"https:\/\/api.w.org\/{rel}","templated":true}]}}