{"id":999597,"date":"2026-04-29T11:50:12","date_gmt":"2026-04-29T14:50:12","guid":{"rendered":"https:\/\/www.cnbb.org.br\/?p=999597"},"modified":"2026-04-29T11:52:00","modified_gmt":"2026-04-29T14:52:00","slug":"cardeal-spengler-a-igreja-e-uma-reserva-etica-frente-aos-desafios-da-america-latina","status":"publish","type":"post","link":"https:\/\/www.cnbb.org.br\/cardeal-spengler-a-igreja-e-uma-reserva-etica-frente-aos-desafios-da-america-latina\/","title":{"rendered":"Cardeal Jaime Spengler: \u201cA Igreja \u00e9 uma reserva \u00e9tica frente aos desafios da Am\u00e9rica Latina\u201d"},"content":{"rendered":"<p style=\"text-align: justify;\"><span style=\"font-weight: 400;\">No \u00e2mbito do IV Encontro de Coopera\u00e7\u00e3o Sinodal para a Am\u00e9rica Latina e o Caribe, que acontece em Santo Domingo, o arcebispo de Porto Alegre (Brasil) e presidente da Confer\u00eancia Nacional dos Bispos do Brasil (CNBB) e do Conselho Episcopal Latino-Americano e Caribenho (CELAM), cardeal Jaime Spengler, participou, na ter\u00e7a-feira, 28, do painel inaugural compartilhando a situa\u00e7\u00e3o da Igreja e da Coopera\u00e7\u00e3o na regi\u00e3o. Sua interven\u00e7\u00e3o sublinhou a necessidade de uma leitura atenta aos &#8220;sinais dos tempos&#8221; em uma regi\u00e3o atravessada por encruzilhadas hist\u00f3ricas.<\/span><\/p>\n<p style=\"text-align: justify;\"><span style=\"font-weight: 400;\">O evento, que se estende at\u00e9 o dia 30 de abril, marca a continuidade de um processo iniciado h\u00e1 tr\u00eas anos, sucedendo edi\u00e7\u00f5es significativas realizadas em Roma (2023), Bogot\u00e1 (2024) e K\u00f6nigstein (2025). Esta nova etapa busca consolidar um espa\u00e7o de reencontro fraterno e sinodal, fortalecendo os v\u00ednculos de confian\u00e7a e a escuta m\u00fatua entre as diversas ag\u00eancias e organiza\u00e7\u00f5es participantes.<\/span><\/p>\n<figure id=\"attachment_999600\" aria-describedby=\"caption-attachment-999600\" style=\"width: 565px\" class=\"wp-caption aligncenter\"><img decoding=\"async\" loading=\"lazy\" class=\"wp-image-999600\" src=\"https:\/\/www.cnbb.org.br\/wp-content\/uploads\/2026\/04\/20260428_1308381-1024x593.jpg\" alt=\"\" width=\"565\" height=\"327\" srcset=\"https:\/\/www.cnbb.org.br\/wp-content\/uploads\/2026\/04\/20260428_1308381-1024x593.jpg 1024w, https:\/\/www.cnbb.org.br\/wp-content\/uploads\/2026\/04\/20260428_1308381-300x174.jpg 300w, https:\/\/www.cnbb.org.br\/wp-content\/uploads\/2026\/04\/20260428_1308381-768x445.jpg 768w, https:\/\/www.cnbb.org.br\/wp-content\/uploads\/2026\/04\/20260428_1308381-1536x889.jpg 1536w, https:\/\/www.cnbb.org.br\/wp-content\/uploads\/2026\/04\/20260428_1308381-2048x1185.jpg 2048w, https:\/\/www.cnbb.org.br\/wp-content\/uploads\/2026\/04\/20260428_1308381-500x289.jpg 500w\" sizes=\"(max-width: 565px) 100vw, 565px\" \/><figcaption id=\"caption-attachment-999600\" class=\"wp-caption-text\">Participantes do IV Encontro de Coopera\u00e7\u00e3o Sinodal para a Am\u00e9rica Latina e o Caribe, que acontece em Santo Domingo<\/figcaption><\/figure>\n<p style=\"text-align: justify;\"><span style=\"font-weight: 400;\">A reuni\u00e3o congrega uma ampla diversidade de atores fundamentais para a regi\u00e3o, incluindo representantes do <\/span>CELAM, da C\u00e1ritas Am\u00e9rica Latina e Caribe, do Dicast\u00e9rio para o Servi\u00e7o do Desenvolvimento Humano Integral e da Pontif\u00edcia Comiss\u00e3o para a Am\u00e9rica Latina<span style=\"font-weight: 400;\">, al\u00e9m de ag\u00eancias internacionais como Adveniat, CAFOD e a Confer\u00eancia dos Bispos Cat\u00f3licos dos Estados Unidos. Juntos, esses organismos trabalham para alinhar estrat\u00e9gias de apoio e fortalecer as institui\u00e7\u00f5es locais, reafirmando o compromisso da Igreja com o desenvolvimento social e a justi\u00e7a em todo o continente.<\/span><\/p>\n<h3 style=\"text-align: justify;\"><b>Um continente em uma encruzilhada institucional e econ\u00f4mica<\/b><\/h3>\n<p style=\"text-align: justify;\"><span style=\"font-weight: 400;\">Para o cardeal Spengler, a Am\u00e9rica Latina atravessa uma encruzilhada hist\u00f3rica marcada pela conflu\u00eancia de tens\u00f5es globais e din\u00e2micas regionais complexas. Segundo explicou, a falta de estruturas s\u00f3lidas impede a transforma\u00e7\u00e3o da riqueza em desenvolvimento humano, deixando o campo aberto a amea\u00e7as como a corrup\u00e7\u00e3o, o narcotr\u00e1fico, a fragilidade dos sistemas democr\u00e1ticos e a afeta\u00e7\u00e3o da casa comum pelas mudan\u00e7as clim\u00e1ticas.<\/span><\/p>\n<figure id=\"attachment_999602\" aria-describedby=\"caption-attachment-999602\" style=\"width: 525px\" class=\"wp-caption aligncenter\"><img decoding=\"async\" loading=\"lazy\" class=\"wp-image-999602\" src=\"https:\/\/www.cnbb.org.br\/wp-content\/uploads\/2026\/04\/20260428_091247-1024x577.jpg\" alt=\"\" width=\"525\" height=\"296\" srcset=\"https:\/\/www.cnbb.org.br\/wp-content\/uploads\/2026\/04\/20260428_091247-1024x577.jpg 1024w, https:\/\/www.cnbb.org.br\/wp-content\/uploads\/2026\/04\/20260428_091247-300x169.jpg 300w, https:\/\/www.cnbb.org.br\/wp-content\/uploads\/2026\/04\/20260428_091247-768x432.jpg 768w, https:\/\/www.cnbb.org.br\/wp-content\/uploads\/2026\/04\/20260428_091247-1536x865.jpg 1536w, https:\/\/www.cnbb.org.br\/wp-content\/uploads\/2026\/04\/20260428_091247-2048x1153.jpg 2048w, https:\/\/www.cnbb.org.br\/wp-content\/uploads\/2026\/04\/20260428_091247-500x282.jpg 500w\" sizes=\"(max-width: 525px) 100vw, 525px\" \/><figcaption id=\"caption-attachment-999602\" class=\"wp-caption-text\">Cardeal Jaime Spengler<\/figcaption><\/figure>\n<p style=\"text-align: justify;\"><span style=\"font-weight: 400;\">Neste contexto, sublinhou como a atual reconfigura\u00e7\u00e3o geopol\u00edtica impacta diretamente o continente.<\/span><\/p>\n<blockquote>\n<p style=\"text-align: justify;\"><span style=\"font-weight: 400;\">\u201cSe, por um lado, a reconfigura\u00e7\u00e3o geopol\u00edtica permite aproveitar economicamente as oportunidades abertas pela demanda exponencial de minerais cr\u00edticos associados \u00e0 transi\u00e7\u00e3o energ\u00e9tica \u2014 dado que a regi\u00e3o conta com importantes reservas destes minerais \u2014, por outro lado, enfrenta-se o retorno de uma pol\u00edtica externa estadunidense agressiva, que busca restaurar a preemin\u00eancia de Washington no hemisf\u00e9rio mediante uma coaliz\u00e3o militar e ideol\u00f3gica seletiva, em claro contraponto \u00e0 crescente influ\u00eancia econ\u00f4mica da China na regi\u00e3o\u201d, assinalou.<\/span><\/p>\n<\/blockquote>\n<p style=\"text-align: justify;\"><span style=\"font-weight: 400;\">O ponto central da reflex\u00e3o do presidente da CNBB girou em torno do papel estrat\u00e9gico da f\u00e9 na reconstru\u00e7\u00e3o do tecido social. Segundo o purpurado, a Igreja Cat\u00f3lica mant\u00e9m-se como uma <\/span>&#8220;reserva \u00e9tica respeitada no continente&#8221;<span style=\"font-weight: 400;\">, uma autoridade moral que, em um cen\u00e1rio de crise das democracias e esc\u00e2ndalos institucionais, tem o dever de erguer sua voz.<\/span><\/p>\n<h3 style=\"text-align: justify;\"><b>Integra\u00e7\u00e3o regional pragm\u00e1tica<\/b><\/h3>\n<p style=\"text-align: justify;\"><span style=\"font-weight: 400;\">O purpurado sustenta que \u201co futuro da regi\u00e3o depender\u00e1, em grande medida, da capacidade de seus atores com maior peso econ\u00f4mico e demogr\u00e1fico &#8211; em particular Brasil e M\u00e9xico &#8211; para articular uma vis\u00e3o alternativa de integra\u00e7\u00e3o regional que seja pragm\u00e1tica, baseada no respeito \u00e0 soberania e centrada na resolu\u00e7\u00e3o dos problemas estruturais que perpetuam o subdesenvolvimento e a desigualdade\u201d.<\/span><\/p>\n<p style=\"text-align: justify;\"><span style=\"font-weight: 400;\">Sob essa premissa, a coopera\u00e7\u00e3o sinodal apresenta-se como o motor de uma vis\u00e3o transformadora orientada a mitigar as desigualdades extremas. \u201c\u00c9 urgente priorizar a forma\u00e7\u00e3o do laicato para que os batizados sejam verdadeiros agentes de transforma\u00e7\u00e3o na sociedade\u201d, assinalou Spengler, vinculando assim a miss\u00e3o da Igreja e das ag\u00eancias de ajuda \u00e0 necessidade imperativa de fortalecer as institui\u00e7\u00f5es locais.<\/span><\/p>\n<p><img decoding=\"async\" loading=\"lazy\" class=\"aligncenter wp-image-999601 \" src=\"https:\/\/www.cnbb.org.br\/wp-content\/uploads\/2026\/04\/20260428_094738-1024x576.jpg\" alt=\"\" width=\"554\" height=\"312\" srcset=\"https:\/\/www.cnbb.org.br\/wp-content\/uploads\/2026\/04\/20260428_094738-1024x576.jpg 1024w, https:\/\/www.cnbb.org.br\/wp-content\/uploads\/2026\/04\/20260428_094738-300x169.jpg 300w, https:\/\/www.cnbb.org.br\/wp-content\/uploads\/2026\/04\/20260428_094738-768x432.jpg 768w, https:\/\/www.cnbb.org.br\/wp-content\/uploads\/2026\/04\/20260428_094738-1536x864.jpg 1536w, https:\/\/www.cnbb.org.br\/wp-content\/uploads\/2026\/04\/20260428_094738-2048x1153.jpg 2048w, https:\/\/www.cnbb.org.br\/wp-content\/uploads\/2026\/04\/20260428_094738-500x281.jpg 500w\" sizes=\"(max-width: 554px) 100vw, 554px\" \/><\/p>\n<p style=\"text-align: justify;\"><span style=\"font-weight: 400;\">O arcebispo de Porto Alegre concluiu sua interven\u00e7\u00e3o com um chamado \u00e0 autonomia regional, advertindo que, sem uma mudan\u00e7a de rumo, a Am\u00e9rica Latina continuar\u00e1 sendo um tabuleiro de disputa para pot\u00eancias externas. Em sua an\u00e1lise, sublinhou que a regi\u00e3o deve reconhecer sua localiza\u00e7\u00e3o hist\u00f3rica e geogr\u00e1fica para redefinir uma estrat\u00e9gia de desenvolvimento pr\u00f3pria e soberana.<\/span><\/p>\n<blockquote>\n<p style=\"text-align: justify;\"><span style=\"font-weight: 400;\">\u201cA Am\u00e9rica Latina precisa repensar-se radicalmente para poder redefinir sua estrat\u00e9gia de desenvolvimento, tendo clara sua localiza\u00e7\u00e3o geogr\u00e1fica e sua posi\u00e7\u00e3o hier\u00e1rquica dentro do &#8216;hemisf\u00e9rio ocidental&#8217; [&#8230;] Este reposicionamento, no entanto, n\u00e3o pode ignorar a nova realidade geopol\u00edtica: a presen\u00e7a chinesa \u00e9 estrutural, a crise do neoliberalismo abriu espa\u00e7o para alternativas progressistas, e a polariza\u00e7\u00e3o interna da regi\u00e3o reflete, em \u00faltima inst\u00e2ncia, as contradi\u00e7\u00f5es n\u00e3o resolvidas de seu desenvolvimento hist\u00f3rico\u201d.<\/span><\/p>\n<\/blockquote>\n<p style=\"text-align: justify;\"><span style=\"font-weight: 400;\">Finalmente, o cardeal enfatizou que, sem este replanejamento profundo, os povos e governos do continente ter\u00e3o uma margem escassa para a a\u00e7\u00e3o aut\u00f4noma. Esta vis\u00e3o desafia a coopera\u00e7\u00e3o sinodal a ser n\u00e3o apenas um mecanismo de ajuda, mas um espa\u00e7o de pensamento e a\u00e7\u00e3o que acompanhe a regi\u00e3o na supera\u00e7\u00e3o de suas d\u00edvidas hist\u00f3ricas e na constru\u00e7\u00e3o de um futuro mais justo e solid\u00e1rio.<\/span><\/p>\n<p>&nbsp;<\/p>\n<p>&nbsp;<\/p>\n<p>&nbsp;<\/p>\n<pre>Texto e fotos: Marcus Tullius\u00a0 | C\u00e1ritas Am\u00e9rica Latina e Caribe<\/pre>\n<p>&nbsp;<\/p>\n","protected":false},"excerpt":{"rendered":"<p>No \u00e2mbito do IV Encontro de Coopera\u00e7\u00e3o Sinodal para a Am\u00e9rica Latina e o Caribe, que acontece em Santo Domingo, o arcebispo de Porto Alegre e presidente da CNBB e do Conselho Episcopal Latino-Americano e Caribenho (CELAM), cardeal Jaime Spengler, participou, na ter\u00e7a-feira, 28, do painel inaugural compartilhando a situa\u00e7\u00e3o da Igreja e da Coopera\u00e7\u00e3o na regi\u00e3o<\/p>\n","protected":false},"author":138,"featured_media":999603,"comment_status":"closed","ping_status":"closed","sticky":false,"template":"","format":"standard","meta":{"site-sidebar-layout":"default","site-content-layout":"default","ast-global-header-display":"","ast-banner-title-visibility":"","ast-main-header-display":"","ast-hfb-above-header-display":"","ast-hfb-below-header-display":"","ast-hfb-mobile-header-display":"","site-post-title":"","ast-breadcrumbs-content":"","ast-featured-img":"","footer-sml-layout":"","theme-transparent-header-meta":"default","adv-header-id-meta":"","stick-header-meta":"","header-above-stick-meta":"","header-main-stick-meta":"","header-below-stick-meta":""},"categories":[50,1851],"tags":[],"acf":[],"_links":{"self":[{"href":"https:\/\/www.cnbb.org.br\/cnbb-app\/wp\/v2\/posts\/999597"}],"collection":[{"href":"https:\/\/www.cnbb.org.br\/cnbb-app\/wp\/v2\/posts"}],"about":[{"href":"https:\/\/www.cnbb.org.br\/cnbb-app\/wp\/v2\/types\/post"}],"author":[{"embeddable":true,"href":"https:\/\/www.cnbb.org.br\/cnbb-app\/wp\/v2\/users\/138"}],"replies":[{"embeddable":true,"href":"https:\/\/www.cnbb.org.br\/cnbb-app\/wp\/v2\/comments?post=999597"}],"version-history":[{"count":6,"href":"https:\/\/www.cnbb.org.br\/cnbb-app\/wp\/v2\/posts\/999597\/revisions"}],"predecessor-version":[{"id":999607,"href":"https:\/\/www.cnbb.org.br\/cnbb-app\/wp\/v2\/posts\/999597\/revisions\/999607"}],"wp:featuredmedia":[{"embeddable":true,"href":"https:\/\/www.cnbb.org.br\/cnbb-app\/wp\/v2\/media\/999603"}],"wp:attachment":[{"href":"https:\/\/www.cnbb.org.br\/cnbb-app\/wp\/v2\/media?parent=999597"}],"wp:term":[{"taxonomy":"category","embeddable":true,"href":"https:\/\/www.cnbb.org.br\/cnbb-app\/wp\/v2\/categories?post=999597"},{"taxonomy":"post_tag","embeddable":true,"href":"https:\/\/www.cnbb.org.br\/cnbb-app\/wp\/v2\/tags?post=999597"}],"curies":[{"name":"wp","href":"https:\/\/api.w.org\/{rel}","templated":true}]}}