{"id":999618,"date":"2026-04-29T15:54:37","date_gmt":"2026-04-29T18:54:37","guid":{"rendered":"https:\/\/www.cnbb.org.br\/?p=999618"},"modified":"2026-04-29T15:54:37","modified_gmt":"2026-04-29T18:54:37","slug":"aumenta-o-numero-de-catolicos-no-mundo-no-brasil-analise-do-censo-2022-orientou-construcao-das-dgae","status":"publish","type":"post","link":"https:\/\/www.cnbb.org.br\/aumenta-o-numero-de-catolicos-no-mundo-no-brasil-analise-do-censo-2022-orientou-construcao-das-dgae\/","title":{"rendered":"Aumenta o n\u00famero de cat\u00f3licos no mundo. No Brasil, an\u00e1lise do Censo 2022 orientou constru\u00e7\u00e3o das DGAE"},"content":{"rendered":"<p><span data-contrast=\"auto\">Foi divulgado, nesta semana, o aumento do n\u00famero de cat\u00f3licos\u00a0no mundo. De acordo com os dados do\u00a0Anu\u00e1rio Pontif\u00edcio 2026 e do\u00a0<em>Annuarium\u00a0Statisticum\u00a0Ecclesiae<\/em>\u00a02024, os cat\u00f3licos no mundo somam pouco mais de 1,422 bilh\u00e3o de pessoas em 2024, ante 1,406 bilh\u00e3o em 2023. O aumento foi de 1,14%, cerca de 16 milh\u00f5es de fi\u00e9is. Os n\u00fameros\u00a0proporcionam interpreta\u00e7\u00f5es, an\u00e1lises e guiam tomadas de decis\u00e3o em toda parte. Aqui no Brasil, atentos \u00e0 miss\u00e3o de anunciar o Evangelho a todos, os bispos consideraram os dados\u00a0do\u00a0Censo 2022 na reflex\u00e3o das Diretrizes Gerais da A\u00e7\u00e3o Evangelizadora (DGAE).<\/span><span data-ccp-props=\"{}\">\u00a0<\/span><\/p>\n<p><span data-ccp-props=\"{}\">\u00a0<\/span><\/p>\n<h3><span data-contrast=\"auto\">Estabilidade<\/span><span data-ccp-props=\"{}\">\u00a0<\/span><\/h3>\n<p><span data-contrast=\"auto\">Os dados do Anu\u00e1rio Pontif\u00edcio mostraram que a participa\u00e7\u00e3o dos cat\u00f3licos na popula\u00e7\u00e3o global permaneceu est\u00e1vel, em torno de 17,8%.\u00a0A\u00a0Am\u00e9rica\u00a0continua como o continente com maior n\u00famero de cat\u00f3licos, concentrando 47,7% do total mundial\u00a0e com\u00a064% da popula\u00e7\u00e3o\u00a0que\u00a0se declara cat\u00f3lica.<\/span><span data-ccp-props=\"{&quot;134233117&quot;:false,&quot;134233118&quot;:false,&quot;201341983&quot;:0,&quot;335551550&quot;:1,&quot;335551620&quot;:1,&quot;335559685&quot;:0,&quot;335559737&quot;:0,&quot;335559738&quot;:0,&quot;335559739&quot;:160,&quot;335559740&quot;:279}\">\u00a0<\/span><\/p>\n<p><span data-contrast=\"auto\">No Brasil, os dados do Censo 2022 apontaram\u00a0para o n\u00famero\u00a0de 56,7% de cat\u00f3licos no pa\u00eds, uma\u00a0redu\u00e7\u00e3o de 8,3% em rela\u00e7\u00e3o a\u00a02010.\u00a0Por\u00e9m, a redu\u00e7\u00e3o foi menor que a d\u00e9cada anterior. Outro destaque diz respeito ao aumento no n\u00famero de pessoas sem religi\u00e3o,\u00a0freando\u00a0a expectativa de\u00a0aumento crescente no n\u00famero de evang\u00e9licos.\u00a0<\/span><span data-ccp-props=\"{&quot;134233117&quot;:false,&quot;134233118&quot;:false,&quot;201341983&quot;:0,&quot;335551550&quot;:1,&quot;335551620&quot;:1,&quot;335559685&quot;:0,&quot;335559737&quot;:0,&quot;335559738&quot;:0,&quot;335559739&quot;:160,&quot;335559740&quot;:279}\">\u00a0<\/span><\/p>\n<p><span data-ccp-props=\"{&quot;134233117&quot;:false,&quot;134233118&quot;:false,&quot;201341983&quot;:0,&quot;335551550&quot;:1,&quot;335551620&quot;:1,&quot;335559685&quot;:0,&quot;335559737&quot;:0,&quot;335559738&quot;:0,&quot;335559739&quot;:160,&quot;335559740&quot;:279}\">\u00a0<\/span><\/p>\n<h3><span data-contrast=\"auto\">Mudan\u00e7a de cen\u00e1rio<\/span><span data-ccp-props=\"{&quot;134233117&quot;:false,&quot;134233118&quot;:false,&quot;201341983&quot;:0,&quot;335551550&quot;:1,&quot;335551620&quot;:1,&quot;335559685&quot;:0,&quot;335559737&quot;:0,&quot;335559738&quot;:0,&quot;335559739&quot;:160,&quot;335559740&quot;:279}\">\u00a0<\/span><\/h3>\n<p><span data-contrast=\"auto\">Os dados do Censo 2022 &#8220;constatam uma mudan\u00e7a importante\u201d, segundo a an\u00e1lise do Instituto Nacional de Pastoral Padre Alberto Antoniazzi (Inapaz) apresentada na 62\u00aa Assembleia Geral da CNBB.\u00a0\u00a0<\/span><span data-ccp-props=\"{}\">\u00a0<\/span><\/p>\n<blockquote><p><span data-contrast=\"auto\">\u201cO\u00a0Brasil deixa de ser um pa\u00eds hegemonicamente cat\u00f3lico para se configurar como uma na\u00e7\u00e3o religiosamente plural e din\u00e2mica\u201d.\u00a0<\/span><span data-ccp-props=\"{}\">\u00a0<\/span><\/p><\/blockquote>\n<p><span data-contrast=\"auto\">Essa an\u00e1lise\u00a0refor\u00e7a o que tem sido apresentado pelo\u00a0Inapaz\u00a0desde o ano passado, quando come\u00e7aram a ser divulgados os recortes sobre religi\u00e3o a partir do Censo. A compreens\u00e3o \u00e9 de que os\u00a0n\u00fameros censit\u00e1rios\u00a0\u201cs\u00e3o insuficientes para uma aproxima\u00e7\u00e3o mais consistente da realidade verificada\u00a0no\u00a0ethos\u00a0religioso brasileiro. Eles precisam ser interpretados, entre outros aspectos, \u00e0 luz de aspectos culturais mais amplos\u201d.<\/span><span data-ccp-props=\"{}\">\u00a0<\/span><\/p>\n<p><span data-contrast=\"auto\">Assim, as an\u00e1lises de conjuntura eclesial elaboradas pelo\u00a0Inapaz\u00a0tiveram a preocupa\u00e7\u00e3o de analisar n\u00e3o s\u00f3 os dados do Censo, mas\u00a0o modo como pessoas e grupos lidam com a vida, com a dimens\u00e3o religiosa em geral e com o catolicismo em particular, o\u00a0chamado\u00a0ethos\u00a0religioso.\u00a0<\/span><span data-ccp-props=\"{}\">\u00a0<\/span><\/p>\n<p><span data-contrast=\"auto\">De acordo com o\u00a0Inapaz, a experi\u00eancia religiosa brasileira se deslocou de um perfil\u00a0monoc\u00eantrico, institucional, doutrinal e est\u00e1tico para um perfil altamente plural, individualizado. \u201cO Brasil est\u00e1 passando da cristandade para a p\u00f3s-cristandade, no qual o cristianismo se torna uma escolha pessoal em um contexto bastante plural, perdendo for\u00e7a institucional\u201d.<\/span><span data-ccp-props=\"{&quot;134233117&quot;:false,&quot;134233118&quot;:false,&quot;201341983&quot;:0,&quot;335551550&quot;:1,&quot;335551620&quot;:1,&quot;335559685&quot;:0,&quot;335559737&quot;:0,&quot;335559738&quot;:0,&quot;335559739&quot;:160,&quot;335559740&quot;:279}\">\u00a0<\/span><\/p>\n<p><span data-contrast=\"auto\">Al\u00e9m desses aspectos h\u00e1 um contexto\u00a0mundial\u00a0de\u00a0policrise, o que \u00e9 entendido a partir do termo utilizado por Edgar Morin a respeito das mudan\u00e7as nos diversos \u00e2mbitos da vida humana como sintomas de uma crise maior da civiliza\u00e7\u00e3o ocidental.\u00a0<\/span><span data-ccp-props=\"{}\">\u00a0<\/span><\/p>\n<p><span data-contrast=\"auto\">Assim, observa o\u00a0Inapaz, \u201co\u00a0desafio consiste em anunciar o Evangelho em um contexto no qual crer j\u00e1 n\u00e3o significa necessariamente pertencer nem seguir\u201d.\u00a0<\/span><span data-ccp-props=\"{}\">\u00a0<\/span><\/p>\n<blockquote><p><span data-contrast=\"auto\">\u201cTrata-se de redescobrir a for\u00e7a do testemunho, da comunidade e do encontro pessoal como caminhos privilegiados para que a f\u00e9 crist\u00e3 continue a oferecer sentido, esperan\u00e7a e horizonte \u00e0 exist\u00eancia humana no Brasil de hoje. Trata-se de buscar itiner\u00e1rios para que a f\u00e9 seja transmitida \u00e0s novas gera\u00e7\u00f5es, seja alimentada e mantenha seu vigor prof\u00e9tico-solid\u00e1rio\u201d.<\/span><span data-ccp-props=\"{}\">\u00a0<\/span><\/p><\/blockquote>\n<p><span data-contrast=\"auto\">Nesse\u00a0cen\u00e1rio,\u00a0a a\u00e7\u00e3o evangelizadora n\u00e3o\u00a0pode se\u00a0limitar\u00a0\u00e0 conserva\u00e7\u00e3o de estruturas e m\u00e9todos herdados de um contexto de cristandade, alertou o\u00a0Inapaz. A exig\u00eancia, \u00e9 de uma\u00a0\u201cconvers\u00e3o pastoral e mission\u00e1ria que coloque a Igreja em estado permanente de miss\u00e3o\u201d, apontou inspirado no Documento de Aparecida.\u00a0<\/span><span data-ccp-props=\"{&quot;134233117&quot;:false,&quot;134233118&quot;:false,&quot;201341983&quot;:0,&quot;335551550&quot;:1,&quot;335551620&quot;:1,&quot;335559685&quot;:0,&quot;335559737&quot;:0,&quot;335559738&quot;:0,&quot;335559739&quot;:160,&quot;335559740&quot;:279}\">\u00a0<\/span><\/p>\n<blockquote><p><span data-contrast=\"auto\">\u201cTal convers\u00e3o passa pela redescoberta da centralidade do encontro pessoal com Jesus Cristo, pela valoriza\u00e7\u00e3o das pequenas comunidades como media\u00e7\u00f5es privilegiadas em uma sociedade fragmentada, pelo fortalecimento da inicia\u00e7\u00e3o \u00e0 vida crist\u00e3, pela adequada anima\u00e7\u00e3o b\u00edblica da vida e da pastoral, pela integra\u00e7\u00e3o entre liturgia e piedade popular e pelo compromisso com a transforma\u00e7\u00e3o da realidade \u00e0 luz do Evangelho\u201d.<\/span><span data-ccp-props=\"{&quot;134233117&quot;:false,&quot;134233118&quot;:false,&quot;201341983&quot;:0,&quot;335551550&quot;:1,&quot;335551620&quot;:1,&quot;335559685&quot;:0,&quot;335559737&quot;:0,&quot;335559738&quot;:0,&quot;335559739&quot;:160,&quot;335559740&quot;:279}\">\u00a0<\/span><\/p><\/blockquote>\n<p><a href=\"https:\/\/www.cnbb.org.br\/wp-content\/uploads\/test-for-pdf\/62a-AGO-Texto-Analise-de-Conjuntura-Eclesial.pdf\"><span data-contrast=\"auto\">Confira a an\u00e1lise oferecida aos bispos na \u00edntegra. <\/span><\/a><span data-ccp-props=\"{&quot;134233117&quot;:false,&quot;134233118&quot;:false,&quot;201341983&quot;:0,&quot;335551550&quot;:1,&quot;335551620&quot;:1,&quot;335559685&quot;:0,&quot;335559737&quot;:0,&quot;335559738&quot;:0,&quot;335559739&quot;:160,&quot;335559740&quot;:279}\">\u00a0<\/span><\/p>\n<p><span data-ccp-props=\"{}\">\u00a0<\/span><\/p>\n<h3><span data-contrast=\"auto\">As novas Diretrizes que recolhem\u00a0os apontamentos da\u00a0an\u00e1lise\u00a0<\/span><span data-ccp-props=\"{&quot;134233117&quot;:false,&quot;134233118&quot;:false,&quot;201341983&quot;:0,&quot;335551550&quot;:1,&quot;335551620&quot;:1,&quot;335559685&quot;:0,&quot;335559737&quot;:0,&quot;335559738&quot;:0,&quot;335559739&quot;:160,&quot;335559740&quot;:279}\">\u00a0<\/span><\/h3>\n<p><span data-contrast=\"auto\">Ap\u00f3s um percurso de quatro anos, o episcopado brasileiro concluiu, durante a 62\u00aa Assembleia Geral da CNBB, a\u00a0constru\u00e7\u00e3o das novas\u00a0Diretrizes Gerais\u00a0da\u00a0A\u00e7\u00e3o Evangelizadora da Igreja no Brasil (DGAE). O texto recolhe, entre as diversas\u00a0fontes que o inspiram, as contribui\u00e7\u00f5es oferecidas pelo\u00a0Inapaz.\u00a0<\/span><span data-ccp-props=\"{&quot;134233117&quot;:false,&quot;134233118&quot;:false,&quot;201341983&quot;:0,&quot;335551550&quot;:1,&quot;335551620&quot;:1,&quot;335559685&quot;:0,&quot;335559737&quot;:0,&quot;335559738&quot;:0,&quot;335559739&quot;:160,&quot;335559740&quot;:279}\">\u00a0<\/span><\/p>\n<p><span data-contrast=\"auto\">Elas\u00a0s\u00e3o a forma com a qual os bispos prop\u00f5em uma resposta ao apelo do Esp\u00edrito \u201ca ser uma tenda sempre aberta, capaz de ampliar a escuta e o acolhimento, sustentada por estacas firmes na f\u00e9, esperan\u00e7a e caridade, diante dos desafios atuais\u201d.<\/span><span data-ccp-props=\"{&quot;134233117&quot;:false,&quot;134233118&quot;:false,&quot;201341983&quot;:0,&quot;335551550&quot;:1,&quot;335551620&quot;:1,&quot;335559685&quot;:0,&quot;335559737&quot;:0,&quot;335559738&quot;:0,&quot;335559739&quot;:160,&quot;335559740&quot;:279}\">\u00a0<\/span><\/p>\n<p><span data-contrast=\"auto\">As Diretrizes querem assegurar que a Igreja no Brasil permane\u00e7a fiel \u00e0s suas tr\u00eas tarefas permanentes: anunciar, santificar e testemunhar a f\u00e9.<\/span><span data-ccp-props=\"{}\">\u00a0<\/span><\/p>\n<p><span data-contrast=\"auto\">Os bispos, cientes da\u00a0nova realidade, convidam a Igreja a &#8220;rever os m\u00e9todos de an\u00fancio da Boa-Nova, de transmiss\u00e3o da f\u00e9 e de fortalecimento do senso de perten\u00e7a \u00e0 comunidade eclesial\u201d. Nas novas DGAE, tamb\u00e9m falam em &#8220;reavivar em toda a Igreja no Brasil a busca pela santidade e o sentido de participa\u00e7\u00e3o e comunh\u00e3o orientados pela miss\u00e3o\u201d.\u00a0<\/span><span data-ccp-props=\"{&quot;134233117&quot;:false,&quot;134233118&quot;:false,&quot;201341983&quot;:0,&quot;335551550&quot;:1,&quot;335551620&quot;:1,&quot;335559685&quot;:0,&quot;335559737&quot;:0,&quot;335559738&quot;:0,&quot;335559739&quot;:160,&quot;335559740&quot;:279}\">\u00a0<\/span><\/p>\n<p><span data-contrast=\"auto\">A imagem da tenda, assim como no processo do S\u00ednodo sobre a Sinodalidade vivido por toda a Igreja, foi escolhida para expressar o\u00a0esp\u00edrito que vai nortear a a\u00e7\u00e3o evangelizadora da Igreja no Brasil. Essa figura da tenda pode ser entendida como o chamado \u00e0 Igreja a\u00a0ser\u00a0\u201ccomunidade que se alarga, escuta os sinais dos tempos, faz o discernimento para a convers\u00e3o pastoral e sai em miss\u00e3o\u201d.<\/span><span data-ccp-props=\"{&quot;134233117&quot;:false,&quot;134233118&quot;:false,&quot;201341983&quot;:0,&quot;335551550&quot;:1,&quot;335551620&quot;:1,&quot;335559685&quot;:0,&quot;335559737&quot;:0,&quot;335559738&quot;:0,&quot;335559739&quot;:160,&quot;335559740&quot;:279}\">\u00a0<\/span><\/p>\n<p><span data-contrast=\"auto\">O texto ser\u00e1 publicado nas pr\u00f3ximas semanas e estar\u00e1 dispon\u00edvel para todas as comunidades do Brasil para aquisi\u00e7\u00e3o na editora oficial da CNBB, a Edi\u00e7\u00f5es CNBB.<\/span><span data-ccp-props=\"{&quot;134233117&quot;:false,&quot;134233118&quot;:false,&quot;201341983&quot;:0,&quot;335551550&quot;:1,&quot;335551620&quot;:1,&quot;335559685&quot;:0,&quot;335559737&quot;:0,&quot;335559738&quot;:0,&quot;335559739&quot;:160,&quot;335559740&quot;:279}\">\u00a0<\/span><\/p>\n","protected":false},"excerpt":{"rendered":"<p>Dados do Anu\u00e1rio Pontif\u00edcio apontam para aumento de 1,14% no n\u00famero de cat\u00f3licos no mundo. Aqui no Brasil,\u00a0a constru\u00e7\u00e3o das\u00a0Diretrizes da A\u00e7\u00e3o Evangelizadora\u00a0passou pela an\u00e1lise dos dados do Censo 2022 e da viv\u00eancia\u00a0religiosa dos brasileiros\u00a0<\/p>\n","protected":false},"author":38,"featured_media":999619,"comment_status":"closed","ping_status":"closed","sticky":false,"template":"","format":"standard","meta":{"site-sidebar-layout":"default","site-content-layout":"default","ast-global-header-display":"","ast-banner-title-visibility":"","ast-main-header-display":"","ast-hfb-above-header-display":"","ast-hfb-below-header-display":"","ast-hfb-mobile-header-display":"","site-post-title":"","ast-breadcrumbs-content":"","ast-featured-img":"","footer-sml-layout":"","theme-transparent-header-meta":"default","adv-header-id-meta":"","stick-header-meta":"","header-above-stick-meta":"","header-main-stick-meta":"","header-below-stick-meta":""},"categories":[50,865],"tags":[6405],"acf":[],"_links":{"self":[{"href":"https:\/\/www.cnbb.org.br\/cnbb-app\/wp\/v2\/posts\/999618"}],"collection":[{"href":"https:\/\/www.cnbb.org.br\/cnbb-app\/wp\/v2\/posts"}],"about":[{"href":"https:\/\/www.cnbb.org.br\/cnbb-app\/wp\/v2\/types\/post"}],"author":[{"embeddable":true,"href":"https:\/\/www.cnbb.org.br\/cnbb-app\/wp\/v2\/users\/38"}],"replies":[{"embeddable":true,"href":"https:\/\/www.cnbb.org.br\/cnbb-app\/wp\/v2\/comments?post=999618"}],"version-history":[{"count":1,"href":"https:\/\/www.cnbb.org.br\/cnbb-app\/wp\/v2\/posts\/999618\/revisions"}],"predecessor-version":[{"id":999620,"href":"https:\/\/www.cnbb.org.br\/cnbb-app\/wp\/v2\/posts\/999618\/revisions\/999620"}],"wp:featuredmedia":[{"embeddable":true,"href":"https:\/\/www.cnbb.org.br\/cnbb-app\/wp\/v2\/media\/999619"}],"wp:attachment":[{"href":"https:\/\/www.cnbb.org.br\/cnbb-app\/wp\/v2\/media?parent=999618"}],"wp:term":[{"taxonomy":"category","embeddable":true,"href":"https:\/\/www.cnbb.org.br\/cnbb-app\/wp\/v2\/categories?post=999618"},{"taxonomy":"post_tag","embeddable":true,"href":"https:\/\/www.cnbb.org.br\/cnbb-app\/wp\/v2\/tags?post=999618"}],"curies":[{"name":"wp","href":"https:\/\/api.w.org\/{rel}","templated":true}]}}