{"id":999623,"date":"2026-04-30T08:44:28","date_gmt":"2026-04-30T11:44:28","guid":{"rendered":"https:\/\/www.cnbb.org.br\/?p=999623"},"modified":"2026-04-30T08:45:07","modified_gmt":"2026-04-30T11:45:07","slug":"o-mes-mariano-a-pedagogia-da-virgem-maria-e-a-forca-espiritual-da-igreja","status":"publish","type":"post","link":"https:\/\/www.cnbb.org.br\/o-mes-mariano-a-pedagogia-da-virgem-maria-e-a-forca-espiritual-da-igreja\/","title":{"rendered":"O m\u00eas mariano: a\u00a0pedagogia da Virgem Maria e a for\u00e7a espiritual da Igreja\u00a0"},"content":{"rendered":"<p style=\"text-align: right;\"><b><span data-contrast=\"auto\">Cardeal Orani Jo\u00e3o Tempesta<br \/>\n<\/span><\/b><b><span data-contrast=\"auto\">Arcebispo do Rio de Janeiro (RJ)<\/span><\/b><span data-ccp-props=\"{&quot;201341983&quot;:0,&quot;335551550&quot;:3,&quot;335551620&quot;:3,&quot;335559731&quot;:709,&quot;335559739&quot;:160,&quot;335559740&quot;:278}\">\u00a0<\/span><\/p>\n<p>&nbsp;<\/p>\n<p style=\"text-align: justify;\"><span data-ccp-props=\"{&quot;201341983&quot;:0,&quot;335551550&quot;:6,&quot;335551620&quot;:6,&quot;335559731&quot;:709,&quot;335559739&quot;:160,&quot;335559740&quot;:278}\">\u00a0<\/span><\/p>\n<p style=\"text-align: justify;\"><span data-contrast=\"auto\">O m\u00eas de maio estabelece um ritmo espiritual distinto e inconfund\u00edvel na vida da Igreja Cat\u00f3lica. A Tradi\u00e7\u00e3o milenar consagra este per\u00edodo de trinta e um dias \u00e0 venera\u00e7\u00e3o da Virgem Maria. A devo\u00e7\u00e3o mariana n\u00e3o representa um ap\u00eandice teol\u00f3gico, uma piedade perif\u00e9rica ou um enfeite lit\u00fargico. Ela constitui o n\u00facleo incandescente da experi\u00eancia crist\u00e3. Maria garante a concretude da humanidade do Verbo Encarnado. Sem a sua aceita\u00e7\u00e3o livre, consciente e corajosa, o mist\u00e9rio da Salva\u00e7\u00e3o n\u00e3o atingiria a hist\u00f3ria humana. A Igreja dedica o m\u00eas de maio para mergulhar na compreens\u00e3o daquela que gerou o pr\u00f3prio Deus, oferecendo aos fi\u00e9is uma escola permanente de f\u00e9 e ortodoxia.<\/span><span data-ccp-props=\"{&quot;201341983&quot;:0,&quot;335551550&quot;:6,&quot;335551620&quot;:6,&quot;335559731&quot;:709,&quot;335559739&quot;:160,&quot;335559740&quot;:278}\">\u00a0<\/span><\/p>\n<p style=\"text-align: justify;\"><span data-contrast=\"auto\">Historicamente, a dedica\u00e7\u00e3o de maio \u00e0 Virgem Maria remonta \u00e0 Europa medieval e consolida-se na modernidade. O m\u00eas que marca o \u00e1pice da primavera no hemisf\u00e9rio norte simboliza a renova\u00e7\u00e3o da vida, o desabrochar das flores e a supera\u00e7\u00e3o do inverno rigoroso. A Igreja assumiu essa simbologia natural e a elevou \u00e0 ordem da gra\u00e7a. Maria representa o florescimento da reden\u00e7\u00e3o humana. No calend\u00e1rio lit\u00fargico, este per\u00edodo habitualmente sucede a Oitava de P\u00e1scoa e pavimenta o caminho para a Solenidade de Pentecostes. Essa localiza\u00e7\u00e3o possui um significado teol\u00f3gico exato. Maria esteve fisicamente presente no Cen\u00e1culo. Ela sustentou a f\u00e9 incipiente dos ap\u00f3stolos, atemorizados ap\u00f3s o drama da crucifica\u00e7\u00e3o, e aguardou com eles a efus\u00e3o do Esp\u00edrito Santo. A viv\u00eancia \u00edntegra do m\u00eas mariano exige que o crist\u00e3o assuma essa exata postura: uma expectativa vigilante, ancorada na certeza da ressurrei\u00e7\u00e3o e inflamada pela coragem apost\u00f3lica.<\/span><span data-ccp-props=\"{&quot;201341983&quot;:0,&quot;335551550&quot;:6,&quot;335551620&quot;:6,&quot;335559731&quot;:709,&quot;335559739&quot;:160,&quot;335559740&quot;:278}\">\u00a0<\/span><\/p>\n<p style=\"text-align: justify;\"><span data-contrast=\"auto\">A din\u00e2mica pastoral do m\u00eas mariano opera atrav\u00e9s de pr\u00e1ticas seculares que nutrem e sustentam a f\u00e9 do povo de Deus. A recita\u00e7\u00e3o di\u00e1ria do Santo Ros\u00e1rio, o canto da Ladainha\u00a0Lauretana\u00a0e as tradicionais coroa\u00e7\u00f5es de Nossa Senhora nas par\u00f3quias n\u00e3o configuram meros ritos folcl\u00f3ricos ou tradicionalismos vazios. O Ros\u00e1rio funciona como um comp\u00eandio perfeito do Evangelho. A cada mist\u00e9rio contemplado, o fiel medita os passos, o sofrimento e a gl\u00f3ria de Cristo atrav\u00e9s dos olhos daquela que O conheceu\u00a0com a intimidade absoluta de uma m\u00e3e. A Igreja reconhece no Ros\u00e1rio uma arma espiritual de efic\u00e1cia hist\u00f3rica e comprovada contra as for\u00e7as da desagrega\u00e7\u00e3o moral, contra as crises familiares e contra a viol\u00eancia social. As comunidades e as fam\u00edlias que assumem esta ora\u00e7\u00e3o com seriedade e const\u00e2ncia transformam o ambiente ao seu redor.<\/span><span data-ccp-props=\"{&quot;201341983&quot;:0,&quot;335551550&quot;:6,&quot;335551620&quot;:6,&quot;335559731&quot;:709,&quot;335559739&quot;:160,&quot;335559740&quot;:278}\">\u00a0<\/span><\/p>\n<p style=\"text-align: justify;\"><span data-contrast=\"auto\">O Magist\u00e9rio da Igreja reafirma a centralidade inegoci\u00e1vel da M\u00e3e de Deus na economia da salva\u00e7\u00e3o. O atual\u00a0Sumo Pont\u00edfice, Papa Le\u00e3o XIV, mant\u00e9m firme a b\u00fassola de S\u00e3o Pedro ao apontar a Virgem de Nazar\u00e9 como o ant\u00eddoto supremo contra o narcisismo e o individualismo contempor\u00e2neos. O Papa Le\u00e3o XIV ensina que Maria destr\u00f3i a soberba do homem moderno exatamente pela via da obedi\u00eancia radical aos des\u00edgnios de Deus. Enquanto a cultura vigente exalta a autossufici\u00eancia ego\u00edsta e a rebeli\u00e3o contra qualquer autoridade, o exemplo mariano demonstra que a verdadeira grandeza e a aut\u00eantica liberdade humana residem na submiss\u00e3o irrestrita \u00e0 vontade divina. A Igreja precisa respirar com este pulm\u00e3o mariano para n\u00e3o sufocar na burocracia institucional ou no pragmatismo est\u00e9ril de a\u00e7\u00f5es que esquecem a dimens\u00e3o do sagrado.<\/span><span data-ccp-props=\"{&quot;201341983&quot;:0,&quot;335551550&quot;:6,&quot;335551620&quot;:6,&quot;335559731&quot;:709,&quot;335559739&quot;:160,&quot;335559740&quot;:278}\">\u00a0<\/span><\/p>\n<p style=\"text-align: justify;\"><span data-contrast=\"auto\">O aprofundamento deste per\u00edodo exige a compreens\u00e3o dos dogmas que estruturam a figura de Maria. O Conc\u00edlio de \u00c9feso, no ano 431, decretou Maria como\u00a0<\/span><i><span data-contrast=\"auto\">Theot\u00f3kos<\/span><\/i><span data-contrast=\"auto\">, a M\u00e3e de Deus. Essa verdade dogm\u00e1tica protege a pr\u00f3pria integridade da cristologia. Negar a maternidade divina de Maria significa fragmentar a pessoa de Jesus Cristo, separando a sua divindade de sua humanidade. O dogma da Imaculada Concei\u00e7\u00e3o proclama que Maria foi preservada da mancha do pecado original desde o primeiro instante de sua exist\u00eancia. Ela exibe o projeto original de Deus para a humanidade, n\u00e3o corrompido pela queda. A Assun\u00e7\u00e3o de Maria em corpo e alma aos c\u00e9us antecipa a gl\u00f3ria escatol\u00f3gica que aguarda a totalidade da Igreja. O povo simples, ao entoar os c\u00e2nticos de maio e enfeitar os andores, defende essas verdades de f\u00e9 com a mesma precis\u00e3o e efic\u00e1cia dos grandes tratados acad\u00eamicos de teologia.<\/span><span data-ccp-props=\"{&quot;201341983&quot;:0,&quot;335551550&quot;:6,&quot;335551620&quot;:6,&quot;335559731&quot;:709,&quot;335559739&quot;:160,&quot;335559740&quot;:278}\">\u00a0<\/span><\/p>\n<p style=\"text-align: justify;\"><span data-contrast=\"auto\">A figura da Virgem imp\u00f5e obriga\u00e7\u00f5es pr\u00e1ticas e imediatas aos fi\u00e9is. A espiritualidade mariana aut\u00eantica rejeita a in\u00e9rcia e o comodismo espiritual. O Evangelho relata que, imediatamente ap\u00f3s o an\u00fancio do Arcanjo Gabriel, Maria partiu apressadamente para a regi\u00e3o montanhosa da Judeia a fim de servir sua prima Isabel, que estava gr\u00e1vida em idade avan\u00e7ada. A verdadeira devo\u00e7\u00e3o exige a mesma pressa no servi\u00e7o aos mais vulner\u00e1veis. O fiel que desfia o ros\u00e1rio nos bancos da igreja, mas ignora a fome do vizinho, a injusti\u00e7a em seu ambiente de trabalho ou a exclus\u00e3o dos marginalizados, frauda a pr\u00f3pria f\u00e9. No epis\u00f3dio das bodas de Can\u00e1, Maria percebe a falta de vinho antes de qualquer outra pessoa e exige uma interven\u00e7\u00e3o do seu Filho. O crist\u00e3o precisa cultivar esse mesmo olhar cl\u00ednico mariano para detectar as imensas faltas de vinho da sociedade atual: a mis\u00e9ria extrema, o desemprego estrutural, a desintegra\u00e7\u00e3o das fam\u00edlias e o abandono impiedoso dos idosos.<\/span><span data-ccp-props=\"{&quot;201341983&quot;:0,&quot;335551550&quot;:6,&quot;335551620&quot;:6,&quot;335559731&quot;:709,&quot;335559739&quot;:160,&quot;335559740&quot;:278}\">\u00a0<\/span><\/p>\n<p style=\"text-align: justify;\"><span data-contrast=\"auto\">O c\u00e2ntico do\u00a0<\/span><i><span data-contrast=\"auto\">Magnificat<\/span><\/i><span data-contrast=\"auto\">\u00a0explicita a for\u00e7a transformadora dessa mulher. Maria profetiza com clareza cristalina que o Senhor derruba os poderosos de seus tronos e exalta os humildes; enche de bens os famintos e despede os ricos de m\u00e3os vazias. Este texto n\u00e3o permite uma leitura passiva ou alienada da f\u00e9. A Virgem Maria endossa a justi\u00e7a divina que subverte as l\u00f3gicas opressoras do mundo. A devo\u00e7\u00e3o mariana possui, portanto, uma ineg\u00e1vel dimens\u00e3o de transforma\u00e7\u00e3o social, baseada na dignidade de cada filho de Deus.<\/span><span data-ccp-props=\"{&quot;201341983&quot;:0,&quot;335551550&quot;:6,&quot;335551620&quot;:6,&quot;335559731&quot;:709,&quot;335559739&quot;:160,&quot;335559740&quot;:278}\">\u00a0<\/span><\/p>\n<p style=\"text-align: justify;\"><span data-contrast=\"auto\">O m\u00eas mariano entrega aos fi\u00e9is um programa de vida robusto e estruturado. A Igreja orienta e exige de seus membros a intensifica\u00e7\u00e3o rigorosa da ora\u00e7\u00e3o pessoal, a frequ\u00eancia redobrada aos sacramentos da Eucaristia e da Confiss\u00e3o, e o engajamento pr\u00e1tico em obras de caridade durante estas semanas. O crist\u00e3o deve extrair da viv\u00eancia de maio a reserva de for\u00e7a espiritual necess\u00e1ria para enfrentar as prova\u00e7\u00f5es do ano inteiro. A consagra\u00e7\u00e3o pessoal a Nossa Senhora forja homens e mulheres resilientes, dotados de uma fibra moral que os torna capazes de suportar a cruz sem ceder ao desespero.<\/span><span data-ccp-props=\"{&quot;201341983&quot;:0,&quot;335551550&quot;:6,&quot;335551620&quot;:6,&quot;335559731&quot;:709,&quot;335559739&quot;:160,&quot;335559740&quot;:278}\">\u00a0<\/span><\/p>\n<p style=\"text-align: justify;\"><span data-contrast=\"auto\">O Evangelho de S\u00e3o Jo\u00e3o atesta que Maria permaneceu de p\u00e9 junto \u00e0 cruz de Jesus. O mundo contempor\u00e2neo, marcado por guerras, colapsos \u00e9ticos e desesperan\u00e7a, exige fi\u00e9is que permane\u00e7am igualmente de p\u00e9 diante das trag\u00e9dias modernas. A Igreja precisa de cat\u00f3licos que sustentem a esperan\u00e7a nos ambientes onde a sociedade civil decreta a derrota absoluta. O m\u00eas de maio reafirma a promessa de que a vit\u00f3ria definitiva sobre a morte e sobre o mal pertence a Cristo, e a Tradi\u00e7\u00e3o atesta que o caminho mais seguro, r\u00e1pido e perfeito para alcan\u00e7ar o cora\u00e7\u00e3o de Jesus passa, inevitavelmente, pelo Imaculado Cora\u00e7\u00e3o de Sua M\u00e3e.<\/span><span data-ccp-props=\"{&quot;201341983&quot;:0,&quot;335551550&quot;:6,&quot;335551620&quot;:6,&quot;335559731&quot;:709,&quot;335559739&quot;:160,&quot;335559740&quot;:278}\">\u00a0<\/span><\/p>\n<p style=\"text-align: justify;\"><span data-ccp-props=\"{&quot;201341983&quot;:0,&quot;335551550&quot;:6,&quot;335551620&quot;:6,&quot;335559731&quot;:709,&quot;335559739&quot;:160,&quot;335559740&quot;:278}\">\u00a0<\/span><\/p>\n<p style=\"text-align: justify;\">\n","protected":false},"excerpt":{"rendered":"<p>Cardeal Orani Jo\u00e3o Tempesta Arcebispo do Rio de Janeiro (RJ)\u00a0 &nbsp; \u00a0 O m\u00eas de maio estabelece um ritmo espiritual distinto e inconfund\u00edvel na vida da Igreja Cat\u00f3lica. A Tradi\u00e7\u00e3o milenar consagra este per\u00edodo de trinta e um dias \u00e0 venera\u00e7\u00e3o da Virgem Maria. A devo\u00e7\u00e3o mariana n\u00e3o representa um ap\u00eandice teol\u00f3gico, uma piedade perif\u00e9rica &hellip;<\/p>\n<p class=\"read-more\"> <a class=\"\" href=\"https:\/\/www.cnbb.org.br\/o-mes-mariano-a-pedagogia-da-virgem-maria-e-a-forca-espiritual-da-igreja\/\"> <span class=\"screen-reader-text\">O m\u00eas mariano: a\u00a0pedagogia da Virgem Maria e a for\u00e7a espiritual da Igreja\u00a0<\/span> Leia mais &raquo;<\/a><\/p>\n","protected":false},"author":31,"featured_media":0,"comment_status":"closed","ping_status":"closed","sticky":false,"template":"","format":"standard","meta":{"site-sidebar-layout":"default","site-content-layout":"default","ast-global-header-display":"","ast-banner-title-visibility":"","ast-main-header-display":"","ast-hfb-above-header-display":"","ast-hfb-below-header-display":"","ast-hfb-mobile-header-display":"","site-post-title":"","ast-breadcrumbs-content":"","ast-featured-img":"","footer-sml-layout":"","theme-transparent-header-meta":"default","adv-header-id-meta":"","stick-header-meta":"","header-above-stick-meta":"","header-main-stick-meta":"","header-below-stick-meta":""},"categories":[758,1837],"tags":[],"acf":[],"_links":{"self":[{"href":"https:\/\/www.cnbb.org.br\/cnbb-app\/wp\/v2\/posts\/999623"}],"collection":[{"href":"https:\/\/www.cnbb.org.br\/cnbb-app\/wp\/v2\/posts"}],"about":[{"href":"https:\/\/www.cnbb.org.br\/cnbb-app\/wp\/v2\/types\/post"}],"author":[{"embeddable":true,"href":"https:\/\/www.cnbb.org.br\/cnbb-app\/wp\/v2\/users\/31"}],"replies":[{"embeddable":true,"href":"https:\/\/www.cnbb.org.br\/cnbb-app\/wp\/v2\/comments?post=999623"}],"version-history":[{"count":1,"href":"https:\/\/www.cnbb.org.br\/cnbb-app\/wp\/v2\/posts\/999623\/revisions"}],"predecessor-version":[{"id":999624,"href":"https:\/\/www.cnbb.org.br\/cnbb-app\/wp\/v2\/posts\/999623\/revisions\/999624"}],"wp:attachment":[{"href":"https:\/\/www.cnbb.org.br\/cnbb-app\/wp\/v2\/media?parent=999623"}],"wp:term":[{"taxonomy":"category","embeddable":true,"href":"https:\/\/www.cnbb.org.br\/cnbb-app\/wp\/v2\/categories?post=999623"},{"taxonomy":"post_tag","embeddable":true,"href":"https:\/\/www.cnbb.org.br\/cnbb-app\/wp\/v2\/tags?post=999623"}],"curies":[{"name":"wp","href":"https:\/\/api.w.org\/{rel}","templated":true}]}}