{"id":999633,"date":"2026-05-01T09:27:45","date_gmt":"2026-05-01T12:27:45","guid":{"rendered":"https:\/\/www.cnbb.org.br\/?p=999633"},"modified":"2026-04-30T09:28:46","modified_gmt":"2026-04-30T12:28:46","slug":"maio-mes-mariano","status":"publish","type":"post","link":"https:\/\/www.cnbb.org.br\/maio-mes-mariano\/","title":{"rendered":"Maio \u2013 M\u00eas Mariano\u00a0"},"content":{"rendered":"<p style=\"text-align: right;\"><b><span data-contrast=\"auto\">Cardeal Orani Jo\u00e3o Tempesta<br \/>\n<\/span><\/b><b><span data-contrast=\"auto\">Arcebispo do Rio de Janeiro (RJ)<\/span><\/b><span data-ccp-props=\"{&quot;201341983&quot;:0,&quot;335551550&quot;:3,&quot;335551620&quot;:3,&quot;335559731&quot;:708,&quot;335559739&quot;:160,&quot;335559740&quot;:259}\">\u00a0<\/span><\/p>\n<p style=\"text-align: justify;\"><span data-ccp-props=\"{&quot;201341983&quot;:0,&quot;335551550&quot;:2,&quot;335551620&quot;:2,&quot;335559739&quot;:160,&quot;335559740&quot;:259}\">\u00a0<\/span><\/p>\n<p style=\"text-align: justify;\"><span data-contrast=\"auto\">O\u00a0m\u00eas de maio \u00e9 especial para a Igreja, pois celebramos tr\u00eas festas marianas: dia 13 de maio, Nossa Senhora de F\u00e1tima; dia 24 de maio, Nossa Senhora Auxiliadora; e dia 31, a Visita\u00e7\u00e3o de Nossa Senhora \u00e0 sua prima Santa Isabel. Al\u00e9m disso, celebramos o Dia das M\u00e3es no segundo domingo do m\u00eas, que, neste ano, ser\u00e1 no dia 10.<\/span><span data-ccp-props=\"{&quot;201341983&quot;:0,&quot;335551550&quot;:6,&quot;335551620&quot;:6,&quot;335559731&quot;:708,&quot;335559739&quot;:160,&quot;335559740&quot;:259}\">\u00a0<\/span><\/p>\n<p style=\"text-align: justify;\"><span data-contrast=\"auto\">Por tradi\u00e7\u00e3o, o\u00a0m\u00eas de maio \u00e9 considerado o m\u00eas mariano\u00a0e\u00a0tamb\u00e9m\u00a0o m\u00eas das m\u00e3es, devido a essas festas de Nossa Senhora e ao Dia das M\u00e3es. Nossa Senhora \u00e9 nossa m\u00e3e por excel\u00eancia e nos deu como presente Jesus Cristo. Ao longo desse m\u00eas, em agradecimento a Nossa Senhora, somos convidados a rezar o ter\u00e7o todos os dias, contemplando, nos mist\u00e9rios, desde a concep\u00e7\u00e3o de Jesus, ou seja, o \u201csim\u201d de Maria, at\u00e9 a paix\u00e3o, morte e ressurrei\u00e7\u00e3o.\u00a0Aqui em nosso regional temos o ter\u00e7o pela paz em todas as circunscri\u00e7\u00f5es eclesi\u00e1sticas em lugares p\u00fablicos e com transmiss\u00f5es pelas nossas m\u00eddias.<\/span><span data-ccp-props=\"{&quot;201341983&quot;:0,&quot;335551550&quot;:6,&quot;335551620&quot;:6,&quot;335559731&quot;:708,&quot;335559739&quot;:160,&quot;335559740&quot;:259}\">\u00a0<\/span><\/p>\n<p style=\"text-align: justify;\"><span data-contrast=\"auto\">Al\u00e9m disso, ao longo deste m\u00eas, as par\u00f3quias costumam estabelecer um hor\u00e1rio para a ora\u00e7\u00e3o do ter\u00e7o, antes ou ap\u00f3s a missa, al\u00e9m dos grupos do Ter\u00e7o dos Homens e do Ter\u00e7o das Mulheres, presentes na maioria das par\u00f3quias. No fim do m\u00eas, normalmente no \u00faltimo domingo ou no dia 31, as par\u00f3quias costumam realizar a coroa\u00e7\u00e3o de Nossa Senhora, e toda a comunidade \u00e9 convidada a rezar o ter\u00e7o em conjunto.<\/span><span data-ccp-props=\"{&quot;201341983&quot;:0,&quot;335551550&quot;:6,&quot;335551620&quot;:6,&quot;335559731&quot;:708,&quot;335559739&quot;:160,&quot;335559740&quot;:259}\">\u00a0<\/span><\/p>\n<p style=\"text-align: justify;\"><span data-contrast=\"auto\">Neste m\u00eas de maio, as par\u00f3quias podem colocar a imagem da Virgem Maria em destaque, pr\u00f3ximo ao altar ou na entrada da igreja. Essa mesma imagem pode ser coroada no fim do m\u00eas, ou servir de refer\u00eancia para os grupos que rezam o ter\u00e7o diante dela. Agrade\u00e7amos \u00e0 Virgem Maria, que nos deu de presente Jesus Cristo, pois, por meio do seu \u201csim\u201d, nos veio o Salvador da humanidade.<\/span><span data-ccp-props=\"{&quot;201341983&quot;:0,&quot;335551550&quot;:6,&quot;335551620&quot;:6,&quot;335559731&quot;:708,&quot;335559739&quot;:160,&quot;335559740&quot;:259}\">\u00a0<\/span><\/p>\n<p style=\"text-align: justify;\"><span data-contrast=\"auto\">No dia 13 de maio, as par\u00f3quias costumam celebrar com alegria a festa de Nossa Senhora de F\u00e1tima, sobretudo nas comunidades de tradi\u00e7\u00e3o portuguesa. Normalmente, as par\u00f3quias rezam o tr\u00edduo em prepara\u00e7\u00e3o \u00e0 festa e, no dia 13, celebram a missa e o ter\u00e7o. Nossa Senhora de F\u00e1tima \u00e9 bastante venerada no Brasil, e o povo gosta de celebrar, inclusive com a prociss\u00e3o luminosa.<\/span><span data-ccp-props=\"{&quot;201341983&quot;:0,&quot;335551550&quot;:6,&quot;335551620&quot;:6,&quot;335559731&quot;:708,&quot;335559739&quot;:160,&quot;335559740&quot;:259}\">\u00a0<\/span><\/p>\n<p style=\"text-align: justify;\"><span data-contrast=\"auto\">Se n\u00e3o pudermos rezar o ter\u00e7o na par\u00f3quia ou comunidade, devido ao hor\u00e1rio, trabalho ou estudo, procuremos rezar em casa, sozinhos ou com a\u00a0fam\u00edlia, no caminho para o trabalho ou estudo, ou antes de dormir e ao nos levantarmos. Coloquemos como inten\u00e7\u00e3o, na ora\u00e7\u00e3o do ter\u00e7o, a Igreja, o Santo Padre, o Papa Le\u00e3o XIV, o bispo diocesano, os bispos, padres e di\u00e1conos, as voca\u00e7\u00f5es, a convers\u00e3o dos pecadores e a paz mundial. E, ainda, que possamos, de fato, meditar os mist\u00e9rios do ter\u00e7o, contemplar cada palavra que rezamos e n\u00e3o rezar apenas da boca para fora.<\/span><span data-ccp-props=\"{&quot;201341983&quot;:0,&quot;335551550&quot;:6,&quot;335551620&quot;:6,&quot;335559731&quot;:708,&quot;335559739&quot;:160,&quot;335559740&quot;:259}\">\u00a0<\/span><\/p>\n<p style=\"text-align: justify;\"><span data-contrast=\"auto\">Pe\u00e7amos a intercess\u00e3o da Virgem Maria, de S\u00e3o Jos\u00e9 por nossas inten\u00e7\u00f5es pessoais e pelas de nossa fam\u00edlia. \u00c9 claro que n\u00e3o devemos rezar o ter\u00e7o somente neste m\u00eas de maio, mas tamb\u00e9m nos outros meses; por\u00e9m, de modo especial, a Igreja nos recomenda essa pr\u00e1tica neste per\u00edodo. Outro m\u00eas em que a Igreja recomenda a reza do ter\u00e7o \u00e9 outubro, m\u00eas do Ros\u00e1rio e das miss\u00f5es.<\/span><span data-ccp-props=\"{&quot;201341983&quot;:0,&quot;335551550&quot;:6,&quot;335551620&quot;:6,&quot;335559731&quot;:708,&quot;335559739&quot;:160,&quot;335559740&quot;:259}\">\u00a0<\/span><\/p>\n<p style=\"text-align: justify;\"><span data-contrast=\"auto\">Foi um pedido de Nossa Senhora, em sua apari\u00e7\u00e3o aos pastorinhos em F\u00e1tima, que rezassem o ter\u00e7o todos os dias, pedindo pela paz mundial. Por isso, ao menos no m\u00eas de maio, rezemos o ter\u00e7o diariamente. Conforme dissemos, a Igreja recomenda que, ao menos duas vezes ao ano, rezemos o ter\u00e7o todos os dias: em maio, por ser o m\u00eas mariano, e em outubro, por ser o m\u00eas do Ros\u00e1rio e das miss\u00f5es. No entanto, nada impede que o rezemos todos os dias ao longo do ano.<\/span><span data-ccp-props=\"{&quot;201341983&quot;:0,&quot;335551550&quot;:6,&quot;335551620&quot;:6,&quot;335559731&quot;:708,&quot;335559739&quot;:160,&quot;335559740&quot;:259}\">\u00a0<\/span><\/p>\n<p style=\"text-align: justify;\"><span data-contrast=\"auto\">Em nossas par\u00f3quias, nos dias de hoje, t\u00eam crescido alguns movimentos marianos, como, por exemplo, o Ter\u00e7o das Mulheres, o Ter\u00e7o dos Homens e os grupos de Jovens de Maria. Esses grupos podem se reunir ao longo desse m\u00eas e se revezar nos dias da semana para a reza do ter\u00e7o, al\u00e9m de preparar a ora\u00e7\u00e3o do \u00faltimo domingo do m\u00eas e a coroa\u00e7\u00e3o. O Apostolado da Ora\u00e7\u00e3o tamb\u00e9m pode se reunir, sobretudo \u00e0s sextas-feiras, para rezar o ter\u00e7o. Caso, em sua par\u00f3quia, n\u00e3o haja esses grupos, ou voc\u00ea n\u00e3o consiga ir \u00e0 igreja, reze o ter\u00e7o em casa com sua fam\u00edlia ou convide amigos e vizinhos para formar um grupo de ora\u00e7\u00e3o.<\/span><span data-ccp-props=\"{&quot;201341983&quot;:0,&quot;335551550&quot;:6,&quot;335551620&quot;:6,&quot;335559731&quot;:708,&quot;335559739&quot;:160,&quot;335559740&quot;:259}\">\u00a0<\/span><\/p>\n<p style=\"text-align: justify;\"><span data-contrast=\"auto\">A reza do ter\u00e7o \u00e9 um grande bem espiritual para todos os fi\u00e9is. O ter\u00e7o nos acalma e nos leva a contemplar os principais mist\u00e9rios da vida de Jesus. A ora\u00e7\u00e3o da Ave-Maria \u00e9 muito bela e n\u00e3o foi inventada pela Igreja, mas possui fundamento b\u00edblico. O Pai-Nosso foi o pr\u00f3prio Jesus quem ensinou aos disc\u00edpulos e nos ensina a perdoar a quem nos ofendeu e a amar o pr\u00f3ximo.<\/span><span data-ccp-props=\"{&quot;201341983&quot;:0,&quot;335551550&quot;:6,&quot;335551620&quot;:6,&quot;335559731&quot;:708,&quot;335559739&quot;:160,&quot;335559740&quot;:259}\">\u00a0<\/span><\/p>\n<p style=\"text-align: justify;\"><span data-contrast=\"auto\">Devemos pedir sempre a intercess\u00e3o de Nossa Senhora, pois ela leva nossos pedidos at\u00e9 seu Filho.\u00a0<\/span><i><span data-contrast=\"auto\">\u201cN\u00e3o se conhece quem tenha recorrido a Nossa Senhora e n\u00e3o tenha sido atendido.\u201d<\/span><\/i><span data-contrast=\"auto\">\u00a0Nossa Senhora intercede por n\u00f3s, assim como intercedeu pelo povo nas bodas de Can\u00e1 da Galileia. Quando estivermos diante de alguma dificuldade, recorramos a Nossa Senhora e pe\u00e7amos sua intercess\u00e3o. O ter\u00e7o \u00e9 a \u201carma\u201d do crist\u00e3o, no bom sentido; ou seja, o crist\u00e3o cat\u00f3lico deve sempre traz\u00ea-lo consigo e rez\u00e1-lo ao menos uma vez ao dia, especialmente nos meses de maio e outubro, mas tamb\u00e9m ao longo de todo o ano.<\/span><span data-ccp-props=\"{&quot;201341983&quot;:0,&quot;335551550&quot;:6,&quot;335551620&quot;:6,&quot;335559731&quot;:708,&quot;335559739&quot;:160,&quot;335559740&quot;:259}\">\u00a0<\/span><\/p>\n<p style=\"text-align: justify;\"><span data-contrast=\"auto\">Quando rezarmos o ter\u00e7o ao longo deste m\u00eas, al\u00e9m das inten\u00e7\u00f5es j\u00e1 mencionadas, coloquemos como inten\u00e7\u00e3o aquilo que \u00e9 mais urgente e necess\u00e1rio. Pe\u00e7amos, com f\u00e9, \u00e0 Virgem Maria que nos atenda em nossas necessidades. Rezemos por nossa fam\u00edlia e pela paz em nossos lares.<\/span><span data-ccp-props=\"{&quot;201341983&quot;:0,&quot;335551550&quot;:6,&quot;335551620&quot;:6,&quot;335559731&quot;:708,&quot;335559739&quot;:160,&quot;335559740&quot;:259}\">\u00a0<\/span><\/p>\n<p style=\"text-align: justify;\"><span data-contrast=\"auto\">Os fi\u00e9is obt\u00eam grandes gra\u00e7as ao rezar o ter\u00e7o. Por isso, vale a pena cultivarmos essa ora\u00e7\u00e3o ao longo deste m\u00eas, pedindo tamb\u00e9m a convers\u00e3o dos pecadores, para que muitos cora\u00e7\u00f5es se voltem para Deus. Por meio da ora\u00e7\u00e3o do ter\u00e7o, contemplamos os principais mist\u00e9rios da vida de Jesus e de Nossa Senhora. Para aqueles que desejarem, \u00e9 poss\u00edvel rezar tamb\u00e9m o Ros\u00e1rio completo, que consiste na ora\u00e7\u00e3o dos quatro ter\u00e7os.<\/span><span data-ccp-props=\"{&quot;201341983&quot;:0,&quot;335551550&quot;:6,&quot;335551620&quot;:6,&quot;335559731&quot;:708,&quot;335559739&quot;:160,&quot;335559740&quot;:259}\">\u00a0<\/span><\/p>\n<p style=\"text-align: justify;\"><span data-contrast=\"auto\">Ao longo deste m\u00eas de maio, podemos contemplar as \u201csete alegrias\u201d de Nossa Senhora. Se, durante a Semana Santa, meditamos as sete dores, em maio somos convidados a contemplar suas alegrias. Essas alegrias podem ser meditadas at\u00e9 Pentecostes, dentro do tempo pascal que ocorre neste m\u00eas. Muitas vezes lembramos apenas das dores de Maria e nos esquecemos de suas alegrias. Do mesmo modo, em nossa vida, por vezes enfrentamos muitas dores, mas n\u00e3o podemos fixar-nos apenas nelas; \u00e9 preciso tamb\u00e9m reconhecer as alegrias e seguir adiante.<\/span><span data-ccp-props=\"{&quot;201341983&quot;:0,&quot;335551550&quot;:6,&quot;335551620&quot;:6,&quot;335559731&quot;:708,&quot;335559739&quot;:160,&quot;335559740&quot;:259}\">\u00a0<\/span><\/p>\n<p style=\"text-align: justify;\"><span data-contrast=\"auto\">Todas as vezes que rezamos o ter\u00e7o, \u00e9 como se, em cada Ave-Maria, oferec\u00eassemos uma rosa a Nossa Senhora. Do mesmo modo que oferecemos rosas \u00e0 Virgem Maria, podemos tamb\u00e9m oferecer \u201crosas espirituais\u201d \u00e0s nossas m\u00e3es, colocando seus nomes nas inten\u00e7\u00f5es do ter\u00e7o. Se a m\u00e3e ainda vive, rezemos por sua sa\u00fade; se j\u00e1 faleceu, pe\u00e7amos que interceda por n\u00f3s junto \u00e0 Virgem Maria.<\/span><span data-ccp-props=\"{&quot;201341983&quot;:0,&quot;335551550&quot;:6,&quot;335551620&quot;:6,&quot;335559731&quot;:708,&quot;335559739&quot;:160,&quot;335559740&quot;:259}\">\u00a0<\/span><\/p>\n<p style=\"text-align: justify;\"><span data-contrast=\"auto\">A tradi\u00e7\u00e3o de dedicar um m\u00eas a Maria surgiu por volta do s\u00e9culo XII, quando se sentiu a necessidade de pedir a prote\u00e7\u00e3o da M\u00e3e de Deus para as necessidades da Igreja. Por isso, Nossa Senhora \u00e9 conhecida como \u201cM\u00e3e da Igreja\u201d, pois intercede constantemente por ela. A devo\u00e7\u00e3o mariana no Brasil teve in\u00edcio no per\u00edodo da coloniza\u00e7\u00e3o, com a evangeliza\u00e7\u00e3o promovida pelos padres jesu\u00edtas, e, aos poucos, foi se fortalecendo at\u00e9 chegar \u00e0 forma como a conhecemos hoje.<\/span><span data-ccp-props=\"{&quot;201341983&quot;:0,&quot;335551550&quot;:6,&quot;335551620&quot;:6,&quot;335559731&quot;:708,&quot;335559739&quot;:160,&quot;335559740&quot;:259}\">\u00a0<\/span><\/p>\n<p style=\"text-align: justify;\"><span data-contrast=\"auto\">Que Nossa Senhora nos acompanhe ao longo deste m\u00eas de maio e que o Esp\u00edrito Santo esteja conosco, assim como esteve com ela, e nos auxilie em nossas decis\u00f5es.\u00a0<\/span><span data-ccp-props=\"{&quot;201341983&quot;:0,&quot;335551550&quot;:6,&quot;335551620&quot;:6,&quot;335559731&quot;:708,&quot;335559739&quot;:160,&quot;335559740&quot;:259}\">\u00a0<\/span><\/p>\n<p>&nbsp;<\/p>\n","protected":false},"excerpt":{"rendered":"<p>Cardeal Orani Jo\u00e3o Tempesta Arcebispo do Rio de Janeiro (RJ)\u00a0 \u00a0 O\u00a0m\u00eas de maio \u00e9 especial para a Igreja, pois celebramos tr\u00eas festas marianas: dia 13 de maio, Nossa Senhora de F\u00e1tima; dia 24 de maio, Nossa Senhora Auxiliadora; e dia 31, a Visita\u00e7\u00e3o de Nossa Senhora \u00e0 sua prima Santa Isabel. Al\u00e9m disso, celebramos &hellip;<\/p>\n<p class=\"read-more\"> <a class=\"\" href=\"https:\/\/www.cnbb.org.br\/maio-mes-mariano\/\"> <span class=\"screen-reader-text\">Maio \u2013 M\u00eas Mariano\u00a0<\/span> Leia mais &raquo;<\/a><\/p>\n","protected":false},"author":31,"featured_media":0,"comment_status":"closed","ping_status":"closed","sticky":false,"template":"","format":"standard","meta":{"site-sidebar-layout":"default","site-content-layout":"default","ast-global-header-display":"","ast-banner-title-visibility":"","ast-main-header-display":"","ast-hfb-above-header-display":"","ast-hfb-below-header-display":"","ast-hfb-mobile-header-display":"","site-post-title":"","ast-breadcrumbs-content":"","ast-featured-img":"","footer-sml-layout":"","theme-transparent-header-meta":"default","adv-header-id-meta":"","stick-header-meta":"","header-above-stick-meta":"","header-main-stick-meta":"","header-below-stick-meta":""},"categories":[758],"tags":[],"acf":[],"_links":{"self":[{"href":"https:\/\/www.cnbb.org.br\/cnbb-app\/wp\/v2\/posts\/999633"}],"collection":[{"href":"https:\/\/www.cnbb.org.br\/cnbb-app\/wp\/v2\/posts"}],"about":[{"href":"https:\/\/www.cnbb.org.br\/cnbb-app\/wp\/v2\/types\/post"}],"author":[{"embeddable":true,"href":"https:\/\/www.cnbb.org.br\/cnbb-app\/wp\/v2\/users\/31"}],"replies":[{"embeddable":true,"href":"https:\/\/www.cnbb.org.br\/cnbb-app\/wp\/v2\/comments?post=999633"}],"version-history":[{"count":1,"href":"https:\/\/www.cnbb.org.br\/cnbb-app\/wp\/v2\/posts\/999633\/revisions"}],"predecessor-version":[{"id":999634,"href":"https:\/\/www.cnbb.org.br\/cnbb-app\/wp\/v2\/posts\/999633\/revisions\/999634"}],"wp:attachment":[{"href":"https:\/\/www.cnbb.org.br\/cnbb-app\/wp\/v2\/media?parent=999633"}],"wp:term":[{"taxonomy":"category","embeddable":true,"href":"https:\/\/www.cnbb.org.br\/cnbb-app\/wp\/v2\/categories?post=999633"},{"taxonomy":"post_tag","embeddable":true,"href":"https:\/\/www.cnbb.org.br\/cnbb-app\/wp\/v2\/tags?post=999633"}],"curies":[{"name":"wp","href":"https:\/\/api.w.org\/{rel}","templated":true}]}}