{"id":999646,"date":"2026-04-30T13:10:39","date_gmt":"2026-04-30T16:10:39","guid":{"rendered":"https:\/\/www.cnbb.org.br\/?p=999646"},"modified":"2026-04-30T13:11:15","modified_gmt":"2026-04-30T16:11:15","slug":"por-uma-civilizacao-do-trabalho-digno-decente-e-criador","status":"publish","type":"post","link":"https:\/\/www.cnbb.org.br\/por-uma-civilizacao-do-trabalho-digno-decente-e-criador\/","title":{"rendered":"Por uma civiliza\u00e7\u00e3o do trabalho digno, decente e criador\u00a0"},"content":{"rendered":"<p style=\"text-align: right;\"><strong>Dom Roberto Francisco\u00a0Ferreria\u00a0Paz\u00a0<\/strong><br \/>\n<strong>Bispo de Campos (RJ)<\/strong><\/p>\n<p><span data-ccp-props=\"{&quot;201341983&quot;:0,&quot;335551550&quot;:2,&quot;335551620&quot;:2,&quot;335559739&quot;:0,&quot;335559740&quot;:240}\">\u00a0<\/span><\/p>\n<p style=\"text-align: justify;\"><span data-ccp-props=\"{&quot;201341983&quot;:0,&quot;335559739&quot;:240,&quot;335559740&quot;:240}\">\u00a0<\/span><\/p>\n<p style=\"text-align: justify;\"><span data-contrast=\"none\">No dia 1\u00ba de maio comemoramos o Dia Mundial do Trabalho em 157 pa\u00edses, feriado que lembra a conquista da jornada das 8\u00a0hs, e os l\u00edderes dos trabalhadores assassinados em 1886 em Chicago.\u00a0<\/span><span data-ccp-props=\"{&quot;201341983&quot;:0,&quot;335551550&quot;:6,&quot;335551620&quot;:6,&quot;335559731&quot;:720,&quot;335559739&quot;:0,&quot;335559740&quot;:240}\">\u00a0<\/span><\/p>\n<p style=\"text-align: justify;\"><span data-contrast=\"none\">A Igreja desde 1955 com a Festa de S\u00e3o Jos\u00e9 Oper\u00e1rio se une a esta nobre e justa aspira\u00e7\u00e3o do mundo do trabalho de construir a partir de Cristo o filho do carpinteiro Nosso Salvador com toda humanidade uma civiliza\u00e7\u00e3o que dignifique e liberte a atividade laboral de toda escravid\u00e3o e aliena\u00e7\u00e3o.\u202f\u00a0Nos dias de hoje este sonho de emancipa\u00e7\u00e3o que nos vem do Reino, se v\u00ea seriamente prejudicado pela globaliza\u00e7\u00e3o financeira e o neoliberalismo que desconstroem toda prote\u00e7\u00e3o e amparo aos trabalhadores.\u00a0<\/span><span data-ccp-props=\"{&quot;201341983&quot;:0,&quot;335551550&quot;:6,&quot;335551620&quot;:6,&quot;335559731&quot;:720,&quot;335559739&quot;:0,&quot;335559740&quot;:240}\">\u00a0<\/span><\/p>\n<p style=\"text-align: justify;\"><span data-contrast=\"none\">Est\u00e1 em pauta o avan\u00e7o do processo de\u00a0pejotiza\u00e7\u00e3o\u00a0do trabalho, que transforma o trabalhador em empres\u00e1rio de si mesmo, uma pessoa jur\u00eddica que oferece seus servi\u00e7os no mercado \u201clivre\u201d, sem nenhum\u00a0direito ,\u00a0sem previd\u00eancia, sem aposentadoria, a n\u00e3o ser a poupan\u00e7a privada. Desfazem-se v\u00ednculos, desaparece a comunidade de trabalho, n\u00e3o h\u00e1 mais solidariedade e bem comum, \u00e9 a sociedade da selva antropof\u00e1gica, de todos contra todos.\u202fO soci\u00f3logo Richard\u00a0Sennet\u00a0em seu livro \u201cA corros\u00e3o do car\u00e1ter do trabalhador\u201d, constata quanto estas mudan\u00e7as destroem a\u00a0auto estima\u00a0do trabalhador como sujeito e pessoa, levando a autodestrui\u00e7\u00e3o e doen\u00e7as que abalam sua sanidade mental e ps\u00edquica. Mas o Deus da vida revelado por Cristo, sempre trabalha em favor de uma humanidade liberta e reconciliada, abrindo caminhos de esperan\u00e7a que levar\u00e3o a um trabalho mais humanizado e criativo, com jornadas menos estafantes e que possibilitem um descanso mais reparador, um \u00f3cio produtivo, e uma participa\u00e7\u00e3o mais consciente do trabalhador gerando hist\u00f3ria e ampliando a democracia.\u202f\u00a0<\/span><span data-ccp-props=\"{&quot;201341983&quot;:0,&quot;335551550&quot;:6,&quot;335551620&quot;:6,&quot;335559731&quot;:720,&quot;335559739&quot;:0,&quot;335559740&quot;:240}\">\u00a0<\/span><\/p>\n<p style=\"text-align: justify;\"><span data-contrast=\"none\">Que S\u00e3o Jos\u00e9 artes\u00e3o da humanidade, protetor e modelo dos trabalhadores nos ajude a santificar e viver o trabalho, como um meio e espa\u00e7o de constru\u00e7\u00e3o de uma sociedade mais justa, fraterna e equitativa. Deus seja louvado!<\/span><span data-ccp-props=\"{&quot;201341983&quot;:0,&quot;335551550&quot;:6,&quot;335551620&quot;:6,&quot;335559731&quot;:720,&quot;335559739&quot;:0,&quot;335559740&quot;:240}\">\u00a0<\/span><\/p>\n<p style=\"text-align: justify;\">\n<p style=\"text-align: justify;\"><span data-ccp-props=\"{}\">\u00a0<\/span><\/p>\n","protected":false},"excerpt":{"rendered":"<p>Dom Roberto Francisco\u00a0Ferreria\u00a0Paz\u00a0 Bispo de Campos (RJ) \u00a0 \u00a0 No dia 1\u00ba de maio comemoramos o Dia Mundial do Trabalho em 157 pa\u00edses, feriado que lembra a conquista da jornada das 8\u00a0hs, e os l\u00edderes dos trabalhadores assassinados em 1886 em Chicago.\u00a0\u00a0 A Igreja desde 1955 com a Festa de S\u00e3o Jos\u00e9 Oper\u00e1rio se une &hellip;<\/p>\n<p class=\"read-more\"> <a class=\"\" href=\"https:\/\/www.cnbb.org.br\/por-uma-civilizacao-do-trabalho-digno-decente-e-criador\/\"> <span class=\"screen-reader-text\">Por uma civiliza\u00e7\u00e3o do trabalho digno, decente e criador\u00a0<\/span> Leia mais &raquo;<\/a><\/p>\n","protected":false},"author":23,"featured_media":0,"comment_status":"closed","ping_status":"closed","sticky":false,"template":"","format":"standard","meta":{"site-sidebar-layout":"default","site-content-layout":"default","ast-global-header-display":"","ast-banner-title-visibility":"","ast-main-header-display":"","ast-hfb-above-header-display":"","ast-hfb-below-header-display":"","ast-hfb-mobile-header-display":"","site-post-title":"","ast-breadcrumbs-content":"","ast-featured-img":"","footer-sml-layout":"","theme-transparent-header-meta":"default","adv-header-id-meta":"","stick-header-meta":"","header-above-stick-meta":"","header-main-stick-meta":"","header-below-stick-meta":""},"categories":[758,1837],"tags":[],"acf":[],"_links":{"self":[{"href":"https:\/\/www.cnbb.org.br\/cnbb-app\/wp\/v2\/posts\/999646"}],"collection":[{"href":"https:\/\/www.cnbb.org.br\/cnbb-app\/wp\/v2\/posts"}],"about":[{"href":"https:\/\/www.cnbb.org.br\/cnbb-app\/wp\/v2\/types\/post"}],"author":[{"embeddable":true,"href":"https:\/\/www.cnbb.org.br\/cnbb-app\/wp\/v2\/users\/23"}],"replies":[{"embeddable":true,"href":"https:\/\/www.cnbb.org.br\/cnbb-app\/wp\/v2\/comments?post=999646"}],"version-history":[{"count":2,"href":"https:\/\/www.cnbb.org.br\/cnbb-app\/wp\/v2\/posts\/999646\/revisions"}],"predecessor-version":[{"id":999648,"href":"https:\/\/www.cnbb.org.br\/cnbb-app\/wp\/v2\/posts\/999646\/revisions\/999648"}],"wp:attachment":[{"href":"https:\/\/www.cnbb.org.br\/cnbb-app\/wp\/v2\/media?parent=999646"}],"wp:term":[{"taxonomy":"category","embeddable":true,"href":"https:\/\/www.cnbb.org.br\/cnbb-app\/wp\/v2\/categories?post=999646"},{"taxonomy":"post_tag","embeddable":true,"href":"https:\/\/www.cnbb.org.br\/cnbb-app\/wp\/v2\/tags?post=999646"}],"curies":[{"name":"wp","href":"https:\/\/api.w.org\/{rel}","templated":true}]}}