{"id":999654,"date":"2026-04-30T16:28:47","date_gmt":"2026-04-30T19:28:47","guid":{"rendered":"https:\/\/www.cnbb.org.br\/?p=999654"},"modified":"2026-04-30T17:50:43","modified_gmt":"2026-04-30T20:50:43","slug":"7-passos-construcao-diretrizes-gerais-acao-evangelizadora-2026-2032","status":"publish","type":"post","link":"https:\/\/www.cnbb.org.br\/7-passos-construcao-diretrizes-gerais-acao-evangelizadora-2026-2032\/","title":{"rendered":"A tenda do encontro: os 7 passos na constru\u00e7\u00e3o das\u00a0Diretrizes Gerais da A\u00e7\u00e3o Evangelizadora\u00a02026-2032"},"content":{"rendered":"<p><span data-contrast=\"auto\">As\u00a0novas\u00a0Diretrizes\u00a0Gerais da A\u00e7\u00e3o Evangelizadora da Igreja no Brasil (DGAE) foram\u00a0aprovadas durante a 62\u00aa Assembleia Geral da\u00a0Confer\u00eancia Nacional dos Bispos do Brasil (CNBB), realizada nas \u00faltimas semanas, em Aparecida (SP).\u00a0O texto\u00a0dessas orienta\u00e7\u00f5es e indica\u00e7\u00f5es pastorais para animar a miss\u00e3o da Igreja em suas dioceses e\u00a0comunidades\u00a0\u00e9 fruto de um processo iniciado em 2022 e marcado por ampla escuta, participa\u00e7\u00e3o e discernimento em\u00a0perspectiva\u00a0sinodal.\u00a0<\/span><span data-ccp-props=\"{&quot;134233117&quot;:false,&quot;134233118&quot;:false,&quot;201341983&quot;:0,&quot;335551550&quot;:1,&quot;335551620&quot;:1,&quot;335559685&quot;:0,&quot;335559737&quot;:0,&quot;335559738&quot;:0,&quot;335559739&quot;:160,&quot;335559740&quot;:279}\">\u00a0<\/span><\/p>\n<p><span data-contrast=\"auto\">Confira abaixo os sete passos que marcaram o caminho da atualiza\u00e7\u00e3o das diretrizes:\u00a0<\/span><span data-ccp-props=\"{&quot;134233117&quot;:false,&quot;134233118&quot;:false,&quot;201341983&quot;:0,&quot;335551550&quot;:1,&quot;335551620&quot;:1,&quot;335559685&quot;:0,&quot;335559737&quot;:0,&quot;335559738&quot;:0,&quot;335559739&quot;:160,&quot;335559740&quot;:279}\">\u00a0<\/span><\/p>\n<p><span data-ccp-props=\"{&quot;134233117&quot;:false,&quot;134233118&quot;:false,&quot;201341983&quot;:0,&quot;335551550&quot;:1,&quot;335551620&quot;:1,&quot;335559685&quot;:0,&quot;335559737&quot;:0,&quot;335559738&quot;:0,&quot;335559739&quot;:160,&quot;335559740&quot;:279}\">\u00a0<\/span><\/p>\n<h3><em><strong>1. A Carta dos bispos \u00e0 Igreja no Brasil\u00a0<\/strong><\/em><\/h3>\n<p><span data-contrast=\"auto\">Em setembro de 2022, ao final da etapa presencial da 59\u00aa Assembleia Geral da CNBB, os bispos enviaram uma\u00a0carta na qual explicavam e davam in\u00edcio ao processo\u00a0de constru\u00e7\u00e3o das novas Diretrizes Gerais da A\u00e7\u00e3o Evangelizadora da Igreja no Brasil. O itiner\u00e1rio ali apresentado\u00a0mantinha as diretrizes em vigor desde 2019 e\u00a0propunha\u00a0\u201cprolongar o exerc\u00edcio da escuta\u201d,\u00a0a \u201cviv\u00eancia de um tempo de discernimento\u201d\u00a0e\u00a0a \u201crecep\u00e7\u00e3o e aprofundamento das indica\u00e7\u00f5es do Documento Final do\u00a0S\u00ednodo\u201d.<\/span><span data-ccp-props=\"{&quot;134233117&quot;:false,&quot;134233118&quot;:false,&quot;201341983&quot;:0,&quot;335551550&quot;:1,&quot;335551620&quot;:1,&quot;335559685&quot;:0,&quot;335559737&quot;:0,&quot;335559738&quot;:0,&quot;335559739&quot;:160,&quot;335559740&quot;:279}\">\u00a0<\/span><\/p>\n<p><span data-ccp-props=\"{&quot;134233117&quot;:false,&quot;134233118&quot;:false,&quot;201341983&quot;:0,&quot;335551550&quot;:1,&quot;335551620&quot;:1,&quot;335559685&quot;:0,&quot;335559737&quot;:0,&quot;335559738&quot;:0,&quot;335559739&quot;:160,&quot;335559740&quot;:279}\">\u00a0<\/span><\/p>\n<h3><span data-contrast=\"auto\">2. <em><strong>Tempo de discernimento<\/strong><\/em><\/span><em><strong>\u00a0<\/strong><\/em><\/h3>\n<p><span data-contrast=\"auto\">O ano de 2023 foi marcado pelo discernimento. A ideia \u00e9 que esse exerc\u00edcio se desdobrasse &#8220;na compreens\u00e3o de conceitos presentes nas Diretrizes, na apresenta\u00e7\u00e3o concreta de metodologias e indica\u00e7\u00f5es pastorais, \u00e0 luz das Constitui\u00e7\u00f5es principais do Conc\u00edlio Vaticano II\u201d.<\/span><span data-ccp-props=\"{&quot;134233117&quot;:false,&quot;134233118&quot;:false,&quot;201341983&quot;:0,&quot;335551550&quot;:1,&quot;335551620&quot;:1,&quot;335559685&quot;:0,&quot;335559737&quot;:0,&quot;335559738&quot;:0,&quot;335559739&quot;:160,&quot;335559740&quot;:279}\">\u00a0<\/span><\/p>\n<p><span data-contrast=\"auto\">Nesse per\u00edodo, o processo de atualiza\u00e7\u00e3o das\u00a0diretrizes avan\u00e7ou para o discernimento pastoral, com reflex\u00f5es sobre os impactos da pandemia, as transforma\u00e7\u00f5es culturais e digitais e desafios como a pobreza, a polariza\u00e7\u00e3o e o enfraquecimento do senso de perten\u00e7a eclesial. Nesse contexto, ganharam for\u00e7a as palavras-chave comunh\u00e3o, participa\u00e7\u00e3o e miss\u00e3o, que passaram a orientar a elabora\u00e7\u00e3o do texto.\u00a0<\/span><span data-ccp-props=\"{&quot;134233117&quot;:false,&quot;134233118&quot;:false,&quot;201341983&quot;:0,&quot;335551550&quot;:1,&quot;335551620&quot;:1,&quot;335559685&quot;:0,&quot;335559737&quot;:0,&quot;335559738&quot;:0,&quot;335559739&quot;:160,&quot;335559740&quot;:279}\">\u00a0<\/span><\/p>\n<p><span data-ccp-props=\"{&quot;134233117&quot;:false,&quot;134233118&quot;:false,&quot;201341983&quot;:0,&quot;335551550&quot;:1,&quot;335551620&quot;:1,&quot;335559685&quot;:0,&quot;335559737&quot;:0,&quot;335559738&quot;:0,&quot;335559739&quot;:160,&quot;335559740&quot;:279}\">\u00a0<\/span><\/p>\n<h3><span data-contrast=\"auto\">3. <em><strong>Encorajamento, consolida\u00e7\u00e3o e aprofundamento<\/strong><\/em><\/span><em><strong>\u00a0<\/strong><\/em><\/h3>\n<p><span data-contrast=\"auto\">O ano de\u00a02024\u00a0foi marcado\u00a0pelo aprofundamento do texto at\u00e9 ent\u00e3o elaborado. Durante a 61\u00aa Assembleia Geral da CNBB, os bispos\u00a0trabalharam sobre um instrumento de trabalho que sistematizou as contribui\u00e7\u00f5es recebidas at\u00e9 o momento. A metodologia incluiu a \u201cconversa no Esp\u00edrito\u201d, com grupos de discernimento voltados \u00e0 escuta dos sinais dos tempos e \u00e0 defini\u00e7\u00e3o de caminhos pastorais.\u00a0<\/span><span data-ccp-props=\"{&quot;134233117&quot;:false,&quot;134233118&quot;:false,&quot;201341983&quot;:0,&quot;335551550&quot;:1,&quot;335551620&quot;:1,&quot;335559685&quot;:0,&quot;335559737&quot;:0,&quot;335559738&quot;:0,&quot;335559739&quot;:160,&quot;335559740&quot;:279}\">\u00a0<\/span><\/p>\n<p><span data-contrast=\"auto\">A imagem da \u201ctenda alargada\u201d tornou-se inspira\u00e7\u00e3o central, expressando o desejo de uma Igreja mais acolhedora, aberta e mission\u00e1ria. O processo tamb\u00e9m buscou integrar as conclus\u00f5es do S\u00ednodo e dialogar com quest\u00f5es emergentes, como o impacto das novas tecnologias, a crise clim\u00e1tica e o crescimento do individualismo.<\/span><span data-ccp-props=\"{&quot;134233117&quot;:false,&quot;134233118&quot;:false,&quot;201341983&quot;:0,&quot;335551550&quot;:1,&quot;335551620&quot;:1,&quot;335559685&quot;:0,&quot;335559737&quot;:0,&quot;335559738&quot;:0,&quot;335559739&quot;:160,&quot;335559740&quot;:279}\">\u00a0<\/span><\/p>\n<p><span data-contrast=\"auto\">Em junho daquele ano, o <a href=\"https:\/\/www.cnbb.org.br\/wp-content\/uploads\/test-for-pdf\/00000.9.001786-2024-2.pdf\">Papa Francisco enviou uma carta confirmando e animando os bispos<\/a> no processo de elabora\u00e7\u00e3o das diretrizes. O pont\u00edfice encorajou o episcopado brasileiro\u00a0confiando ao Esp\u00edrito Santo a ilumina\u00e7\u00e3o das mentes e cora\u00e7\u00f5es, \u201cguiando-os na formula\u00e7\u00e3o de orienta\u00e7\u00f5es que possam\u00a0responder\u00a0aos desafios contempor\u00e2neos e levar a Palavra de Deus a todos os cantos do pa\u00eds\u201d.<\/span><span data-ccp-props=\"{&quot;134233117&quot;:false,&quot;134233118&quot;:false,&quot;201341983&quot;:0,&quot;335551550&quot;:1,&quot;335551620&quot;:1,&quot;335559685&quot;:0,&quot;335559737&quot;:0,&quot;335559738&quot;:0,&quot;335559739&quot;:160,&quot;335559740&quot;:279}\">\u00a0<\/span><\/p>\n<p><span data-ccp-props=\"{&quot;134233117&quot;:false,&quot;134233118&quot;:false,&quot;201341983&quot;:0,&quot;335551550&quot;:1,&quot;335551620&quot;:1,&quot;335559685&quot;:0,&quot;335559737&quot;:0,&quot;335559738&quot;:0,&quot;335559739&quot;:160,&quot;335559740&quot;:279}\">\u00a0<\/span><\/p>\n<h3><span data-contrast=\"auto\">4. <em><strong>Nova rota definida, passando pelas dioceses<\/strong><\/em><\/span><em><strong>\u00a0<\/strong><\/em><\/h3>\n<p><span data-contrast=\"auto\">Chegado o ano de 2025, a expectativa era de vota\u00e7\u00e3o do texto durante a Assembleia Geral, marcada para o per\u00edodo de 30 de abril a 9 de maio. Entretanto, com o falecimento do Papa Francisco, os bispos decidiram pelo adiamento da Assembleia, passando a vota\u00e7\u00e3o para\u00a0este ano de 2026.\u00a0<\/span><span data-ccp-props=\"{&quot;134233117&quot;:false,&quot;134233118&quot;:false,&quot;201341983&quot;:0,&quot;335551550&quot;:1,&quot;335551620&quot;:1,&quot;335559685&quot;:0,&quot;335559737&quot;:0,&quot;335559738&quot;:0,&quot;335559739&quot;:160,&quot;335559740&quot;:279}\">\u00a0<\/span><\/p>\n<p><span data-contrast=\"auto\">Durante o Conselho Permanente de julho de 2025, os bispos aprovaram\u00a0a sugest\u00e3o da equipe de reda\u00e7\u00e3o das diretrizes de o texto ser usado ainda como Instrumento\u00a0Laboris\u00a0(Instrumento de Trabalho) por dioceses e organismos eclesiais at\u00e9 o final do\u00a0ano.\u00a0Esse contato pr\u00e9vio das dioceses tamb\u00e9m teve a inten\u00e7\u00e3o de que, ap\u00f3s leitura\u00a0detalhada, fossem\u00a0enviadas \u00e0 equipe de reda\u00e7\u00e3o novas observa\u00e7\u00f5es para serem incorporadas ao texto.\u00a0\u00a0<\/span><span data-ccp-props=\"{&quot;134233117&quot;:false,&quot;134233118&quot;:false,&quot;201341983&quot;:0,&quot;335551550&quot;:1,&quot;335551620&quot;:1,&quot;335559685&quot;:0,&quot;335559737&quot;:0,&quot;335559738&quot;:0,&quot;335559739&quot;:160,&quot;335559740&quot;:279}\">\u00a0<\/span><\/p>\n<p>&nbsp;<\/p>\n<p>&nbsp;<\/p>\n<h3><span data-contrast=\"auto\">5. <em><strong>Novo instrumentum laboris<\/strong><\/em><\/span><span data-ccp-props=\"{&quot;134233117&quot;:false,&quot;134233118&quot;:false,&quot;201341983&quot;:0,&quot;335551550&quot;:1,&quot;335551620&quot;:1,&quot;335559737&quot;:0,&quot;335559738&quot;:0,&quot;335559739&quot;:160,&quot;335559740&quot;:279}\">\u00a0<\/span><\/h3>\n<p><span data-contrast=\"auto\">Com o contato das dioceses e de organismos com o instrumento de trabalho, a equipe de reda\u00e7\u00e3o\u00a0acolheu as sugest\u00f5es enviadas e as\u00a0incorporou ao texto\u00a0junto com\u00a0as inspira\u00e7\u00f5es vindas do pontificado do Papa Le\u00e3o XIV\u00a0e\u00a0as indica\u00e7\u00f5es de implementa\u00e7\u00e3o do processo do S\u00ednodo sobre a Sinodalidade.\u00a0<\/span><span data-ccp-props=\"{&quot;134233117&quot;:false,&quot;134233118&quot;:false,&quot;201341983&quot;:0,&quot;335551550&quot;:1,&quot;335551620&quot;:1,&quot;335559685&quot;:0,&quot;335559737&quot;:0,&quot;335559738&quot;:0,&quot;335559739&quot;:160,&quot;335559740&quot;:279}\">\u00a0<\/span><\/p>\n<p><span data-contrast=\"auto\">Em janeiro de 2026, ap\u00f3s receber\u00a0as contribui\u00e7\u00f5es das dioceses, a comiss\u00e3o de reda\u00e7\u00e3o das Diretrizes enviou a\u00a0todos os bispos\u00a0a\u00a023\u00aa vers\u00e3o\u00a0do texto, consolidando\u00a0o\u00a0caminho constru\u00eddo de forma colegiada, marcado pela escuta, pela corresponsabilidade e pelo m\u00e9todo sinodal como eixo estruturante.\u00a0A vers\u00e3o final do\u00a0texto foi entregue ao Conselho Permanente no m\u00eas de mar\u00e7o.\u00a0<\/span><span data-ccp-props=\"{&quot;134233117&quot;:false,&quot;134233118&quot;:false,&quot;201341983&quot;:0,&quot;335551550&quot;:1,&quot;335551620&quot;:1,&quot;335559685&quot;:0,&quot;335559737&quot;:0,&quot;335559738&quot;:0,&quot;335559739&quot;:160,&quot;335559740&quot;:279}\">\u00a0<\/span><\/p>\n<p><span data-contrast=\"auto\">\u00a0\u00a0<\/span><span data-ccp-props=\"{&quot;134233117&quot;:false,&quot;134233118&quot;:false,&quot;201341983&quot;:0,&quot;335551550&quot;:1,&quot;335551620&quot;:1,&quot;335559685&quot;:0,&quot;335559737&quot;:0,&quot;335559738&quot;:0,&quot;335559739&quot;:160,&quot;335559740&quot;:279}\">\u00a0<\/span><\/p>\n<h3><span data-contrast=\"auto\">6. <em><strong>Amadurecimento do texto<\/strong><\/em><\/span><em><strong> das Diretrizes<\/strong><\/em><\/h3>\n<p><span data-contrast=\"auto\">Durante a 62\u00aa Assembleia Geral da CNBB, os <a href=\"https:\/\/www.cnbb.org.br\/bispos-do-brasil-reunidos-em-assembleia-recebem-nova-versao-do-instrumentum-laboris-das-novas-diretrizes-da-acao-evangelizadora\/\">bispos\u00a0debru\u00e7aram-se sobre o texto<\/a> e fizeram novas contribui\u00e7\u00f5es para a equipe de reda\u00e7\u00e3o. Foram mais de 1500 emendas feitas durante a assembleia,\u00a0as quais foram analisadas pela equipe de reda\u00e7\u00e3o.\u00a0<\/span><span data-ccp-props=\"{&quot;134233117&quot;:false,&quot;134233118&quot;:false,&quot;201341983&quot;:0,&quot;335551550&quot;:1,&quot;335551620&quot;:1,&quot;335559685&quot;:0,&quot;335559737&quot;:0,&quot;335559738&quot;:0,&quot;335559739&quot;:160,&quot;335559740&quot;:279}\">\u00a0<\/span><\/p>\n<blockquote><p><span data-contrast=\"auto\">\u201cEssa equipe trabalhou de uma forma extraordin\u00e1ria e chegamos a um texto que, imagino, reflete as necessidades da obra da evangeliza\u00e7\u00e3o hoje no territ\u00f3rio\u201d, destacou o arcebispo de Porto Alegre (RS) e presidente da CNBB, cardeal Jaime Spengler.<\/span><\/p><\/blockquote>\n<div id='gallery-1' class='gallery galleryid-999654 gallery-columns-2 gallery-size-full'><figure class='gallery-item'>\n\t\t\t<div class='gallery-icon landscape'>\n\t\t\t\t<a href='https:\/\/www.cnbb.org.br\/wp-content\/uploads\/2026\/04\/62AG-Grupos-Regionais-DGAE.jpg' title=\"\" data-rl_title=\"\" class=\"rl-gallery-link\" data-rl_caption=\"\" data-rel=\"lightbox-gallery-1\"><img width=\"960\" height=\"640\" src=\"https:\/\/www.cnbb.org.br\/wp-content\/uploads\/2026\/04\/62AG-Grupos-Regionais-DGAE.jpg\" class=\"attachment-full size-full\" alt=\"\" decoding=\"async\" loading=\"lazy\" aria-describedby=\"gallery-1-999676\" srcset=\"https:\/\/www.cnbb.org.br\/wp-content\/uploads\/2026\/04\/62AG-Grupos-Regionais-DGAE.jpg 960w, https:\/\/www.cnbb.org.br\/wp-content\/uploads\/2026\/04\/62AG-Grupos-Regionais-DGAE-300x200.jpg 300w, https:\/\/www.cnbb.org.br\/wp-content\/uploads\/2026\/04\/62AG-Grupos-Regionais-DGAE-768x512.jpg 768w, https:\/\/www.cnbb.org.br\/wp-content\/uploads\/2026\/04\/62AG-Grupos-Regionais-DGAE-500x333.jpg 500w\" sizes=\"(max-width: 960px) 100vw, 960px\" \/><\/a>\n\t\t\t<\/div>\n\t\t\t\t<figcaption class='wp-caption-text gallery-caption' id='gallery-1-999676'>\n\t\t\t\tEm grupos divididos por regionais, os bispos apresentaram contribui\u00e7\u00f5es ao texto das DGAE\n\t\t\t\t<\/figcaption><\/figure><figure class='gallery-item'>\n\t\t\t<div class='gallery-icon landscape'>\n\t\t\t\t<a href='https:\/\/www.cnbb.org.br\/wp-content\/uploads\/2026\/04\/Dom-Leomar-Emendas-DGAE-Jaison-Alves-da-Silva-16.jpg' title=\"\" data-rl_title=\"\" class=\"rl-gallery-link\" data-rl_caption=\"\" data-rel=\"lightbox-gallery-1\"><img width=\"960\" height=\"640\" src=\"https:\/\/www.cnbb.org.br\/wp-content\/uploads\/2026\/04\/Dom-Leomar-Emendas-DGAE-Jaison-Alves-da-Silva-16.jpg\" class=\"attachment-full size-full\" alt=\"\" decoding=\"async\" loading=\"lazy\" aria-describedby=\"gallery-1-999678\" srcset=\"https:\/\/www.cnbb.org.br\/wp-content\/uploads\/2026\/04\/Dom-Leomar-Emendas-DGAE-Jaison-Alves-da-Silva-16.jpg 960w, https:\/\/www.cnbb.org.br\/wp-content\/uploads\/2026\/04\/Dom-Leomar-Emendas-DGAE-Jaison-Alves-da-Silva-16-300x200.jpg 300w, https:\/\/www.cnbb.org.br\/wp-content\/uploads\/2026\/04\/Dom-Leomar-Emendas-DGAE-Jaison-Alves-da-Silva-16-768x512.jpg 768w, https:\/\/www.cnbb.org.br\/wp-content\/uploads\/2026\/04\/Dom-Leomar-Emendas-DGAE-Jaison-Alves-da-Silva-16-500x333.jpg 500w\" sizes=\"(max-width: 960px) 100vw, 960px\" \/><\/a>\n\t\t\t<\/div>\n\t\t\t\t<figcaption class='wp-caption-text gallery-caption' id='gallery-1-999678'>\n\t\t\t\tDom Leomar exibe grande n\u00famero de contribui\u00e7\u00f5es recebidas pela equipe de reda\u00e7\u00e3o\n\t\t\t\t<\/figcaption><\/figure>\n\t\t<\/div>\n\n<p>&nbsp;<\/p>\n<h3><span data-ccp-props=\"{&quot;134233117&quot;:false,&quot;134233118&quot;:false,&quot;201341983&quot;:0,&quot;335551550&quot;:1,&quot;335551620&quot;:1,&quot;335559685&quot;:0,&quot;335559737&quot;:0,&quot;335559738&quot;:0,&quot;335559739&quot;:160,&quot;335559740&quot;:279}\">\u00a07. <\/span><em><strong>A tenda do encontro e a recep\u00e7\u00e3o do S\u00ednodo\u00a0<\/strong><\/em><\/h3>\n<p><span data-contrast=\"auto\"><a href=\"https:\/\/www.cnbb.org.br\/bispos-aprovam-novas-diretrizes-que-vao-orientar-a-evangelizacao-no-brasil-nos-proximos-6-anosdora-no-brasil\/\">O texto foi aprovado na quinta-feira, dia 23 de abril<\/a>. Durante a <a href=\"https:\/\/youtu.be\/MHeyf995wW8\" data-rel=\"lightbox-video-0\" target=\"_blank\" rel=\"noopener\">coletiva de imprensa<\/a> realizada na \u00faltima sexta-feira, 24 de abril, dom Jaime Spengler apresentou a estrutura do texto das diretrizes, aprovado no dia anterior com acolhida do resultado expressivo da vota\u00e7\u00e3o com aplausos de p\u00e9 no plen\u00e1rio da Assembleia. <\/span><span data-ccp-props=\"{&quot;134233117&quot;:false,&quot;134233118&quot;:false,&quot;201341983&quot;:0,&quot;335551550&quot;:1,&quot;335551620&quot;:1,&quot;335559685&quot;:0,&quot;335559737&quot;:0,&quot;335559738&quot;:0,&quot;335559739&quot;:160,&quot;335559740&quot;:279}\">\u00a0<\/span><\/p>\n<div class=\"ast-oembed-container\" style=\"height: 100%;\"><iframe loading=\"lazy\" title=\"COLETIVA DE IMPRENSA - ENCERRAMENTO DA 62\u00aa AG CNBB (24\/04\/2026)\" width=\"500\" height=\"281\" src=\"https:\/\/www.youtube.com\/embed\/MHeyf995wW8?start=180&#038;feature=oembed\" frameborder=\"0\" allow=\"accelerometer; autoplay; clipboard-write; encrypted-media; gyroscope; picture-in-picture; web-share\" referrerpolicy=\"strict-origin-when-cross-origin\" allowfullscreen><\/iframe><\/div>\n<p>O texto prop\u00f5e para a Igreja no Brasil a imagem da tenda do encontro, assim como no S\u00ednodo sobre a Sinodalidade, como inspira\u00e7\u00e3o para a acolhida de todos, a possibilidade de alargamento e da itiner\u00e2ncia na miss\u00e3o.<\/p>\n<blockquote><p><span data-contrast=\"auto\">\u201cAs orienta\u00e7\u00f5es das diretrizes est\u00e3o em grande sintonia\u00a0com aquilo que hoje a Igreja no seu todo pede do seu povo, da nossa gente\u201d, pontuou dom Jaime.\u00a0<\/span><span data-ccp-props=\"{}\">\u00a0<\/span><\/p><\/blockquote>\n<p><span data-contrast=\"auto\">Conhe\u00e7a a estrutura do documento das DGAE que ter\u00e3o validade de 2026 a 2032:<\/span><span data-ccp-props=\"{&quot;134233117&quot;:false,&quot;134233118&quot;:false,&quot;201341983&quot;:0,&quot;335551550&quot;:1,&quot;335551620&quot;:1,&quot;335559685&quot;:0,&quot;335559737&quot;:0,&quot;335559738&quot;:0,&quot;335559739&quot;:160,&quot;335559740&quot;:279}\">\u00a0<\/span><\/p>\n<p><span data-ccp-props=\"{&quot;134233117&quot;:false,&quot;134233118&quot;:false,&quot;201341983&quot;:0,&quot;335551550&quot;:1,&quot;335551620&quot;:1,&quot;335559685&quot;:0,&quot;335559737&quot;:0,&quot;335559738&quot;:0,&quot;335559739&quot;:160,&quot;335559740&quot;:279}\">\u00a0<\/span><\/p>\n<ul>\n<li aria-setsize=\"-1\" data-leveltext=\"-\" data-font=\"Aptos\" data-listid=\"3\" data-list-defn-props=\"{&quot;335552541&quot;:1,&quot;335559683&quot;:0,&quot;335559684&quot;:-2,&quot;335559685&quot;:720,&quot;335559991&quot;:360,&quot;469769226&quot;:&quot;Aptos&quot;,&quot;469769242&quot;:[8226],&quot;469777803&quot;:&quot;left&quot;,&quot;469777804&quot;:&quot;-&quot;,&quot;469777815&quot;:&quot;hybridMultilevel&quot;}\" data-aria-posinset=\"1\" data-aria-level=\"1\"><em><strong>1\u00ba Cap\u00edtulo: A Igreja: tenda do encontro\u00a0<\/strong><\/em><br \/>\n<span data-contrast=\"auto\">A\u00a0Igreja \u00e9 compreendida como tenda do encontro. A tenda acolhe todos, ela pode ser, sempre de novo alargada, de acordo com as\u00a0necessidades.\u00a0<\/span> <span data-ccp-props=\"{&quot;134233117&quot;:false,&quot;134233118&quot;:false,&quot;201341983&quot;:0,&quot;335551550&quot;:1,&quot;335551620&quot;:1,&quot;335559737&quot;:0,&quot;335559738&quot;:0,&quot;335559739&quot;:160,&quot;335559740&quot;:279}\">\u00a0<\/span><\/li>\n<\/ul>\n<ul>\n<li aria-setsize=\"-1\" data-leveltext=\"-\" data-font=\"Aptos\" data-listid=\"3\" data-list-defn-props=\"{&quot;335552541&quot;:1,&quot;335559683&quot;:0,&quot;335559684&quot;:-2,&quot;335559685&quot;:720,&quot;335559991&quot;:360,&quot;469769226&quot;:&quot;Aptos&quot;,&quot;469769242&quot;:[8226],&quot;469777803&quot;:&quot;left&quot;,&quot;469777804&quot;:&quot;-&quot;,&quot;469777815&quot;:&quot;hybridMultilevel&quot;}\" data-aria-posinset=\"2\" data-aria-level=\"1\"><em><strong>2\u00ba Cap\u00edtulo: A escuta dos sinais\u00a0<\/strong><\/em><br \/>\n<span data-contrast=\"auto\">\u00c9 feita a escuta tanto dos sinais dos tempos, que dizem respeito \u00e0 realidade atual do mundo, quanto os sinais de esperan\u00e7a e da a\u00e7\u00e3o do Esp\u00edrito Santo que podem ser vistos nas comunidades de todo o pa\u00eds.<\/span><\/li>\n<\/ul>\n<ul>\n<li aria-setsize=\"-1\" data-leveltext=\"-\" data-font=\"Aptos\" data-listid=\"4\" data-list-defn-props=\"{&quot;335552541&quot;:1,&quot;335559683&quot;:0,&quot;335559684&quot;:-2,&quot;335559685&quot;:720,&quot;335559991&quot;:360,&quot;469769226&quot;:&quot;Aptos&quot;,&quot;469769242&quot;:[8226],&quot;469777803&quot;:&quot;left&quot;,&quot;469777804&quot;:&quot;-&quot;,&quot;469777815&quot;:&quot;hybridMultilevel&quot;}\" data-aria-posinset=\"1\" data-aria-level=\"1\"><em><strong>3\u00ba Cap\u00edtulo: Discernimento para uma Igreja Sinodal\u00a0<\/strong><\/em><br \/>\n<span data-contrast=\"auto\">Aqui entram os aspectos fundamentais que j\u00e1 foram apresentados durante o S\u00ednodo dos Bispos em 2023 e 2024, os princ\u00edpios da comunh\u00e3o, da participa\u00e7\u00e3o e da miss\u00e3o.\u00a0<\/span><\/li>\n<\/ul>\n<ul>\n<li aria-setsize=\"-1\" data-leveltext=\"-\" data-font=\"Aptos\" data-listid=\"4\" data-list-defn-props=\"{&quot;335552541&quot;:1,&quot;335559683&quot;:0,&quot;335559684&quot;:-2,&quot;335559685&quot;:720,&quot;335559991&quot;:360,&quot;469769226&quot;:&quot;Aptos&quot;,&quot;469769242&quot;:[8226],&quot;469777803&quot;:&quot;left&quot;,&quot;469777804&quot;:&quot;-&quot;,&quot;469777815&quot;:&quot;hybridMultilevel&quot;}\" data-aria-posinset=\"2\" data-aria-level=\"1\"><em><strong>4\u00ba Cap\u00edtulo: Povo de Deus em miss\u00e3o\u00a0<\/strong><\/em><br \/>\n<span data-contrast=\"auto\">Todos n\u00f3s somos chamados a testemunhar e anunciar o Evangelho (laicato, ministros leigos e leigas, fam\u00edlias, crian\u00e7as e adolescentes, jovens, mulheres, pessoas com defici\u00eancia e neurodiverg\u00eancia, idosos, vida consagrada, ministros ordenados e povos ind\u00edgenas).<\/span><\/li>\n<\/ul>\n<ul>\n<li aria-setsize=\"-1\" data-leveltext=\"-\" data-font=\"Aptos\" data-listid=\"4\" data-list-defn-props=\"{&quot;335552541&quot;:1,&quot;335559683&quot;:0,&quot;335559684&quot;:-2,&quot;335559685&quot;:720,&quot;335559991&quot;:360,&quot;469769226&quot;:&quot;Aptos&quot;,&quot;469769242&quot;:[8226],&quot;469777803&quot;:&quot;left&quot;,&quot;469777804&quot;:&quot;-&quot;,&quot;469777815&quot;:&quot;hybridMultilevel&quot;}\" data-aria-posinset=\"3\" data-aria-level=\"1\"><em><strong>5\u00ba Cap\u00edtulo: Caminhos da Miss\u00e3o\u00a0<\/strong><\/em><br \/>\n<span data-contrast=\"auto\">Indica\u00e7\u00f5es\u00a0sobre &#8220;os\u00a0modos concretos\u201d de efetivar as propostas das\u00a0Diretrizes da A\u00e7\u00e3o Evangelizadora,\u00a0n\u00e3o apenas\u00a0com\u00a0a\u00e7\u00f5es,\u00a0mas que todos encontrem na tenda \u201clugar, sentido e envio na miss\u00e3o\u201d.\u00a0Nesse sentido, os caminhos dizem respeito \u00e0\u00a0anima\u00e7\u00e3o b\u00edblica da Pastoral;\u00a0\u00e0\u00a0inicia\u00e7\u00e3o \u00e0 vida crist\u00e3,\u00a0\u00e0\u00a0liturgia e\u00a0\u00e0\u00a0piedade popular;\u00a0ao servi\u00e7o \u00e0 vida plena para todos;\u00a0\u00e0\u00a0evang\u00e9lica op\u00e7\u00e3o preferencial pelos pobres;\u00a0\u00e0\u00a0forma\u00e7\u00e3o, defesa e cuidado da vida e\u00a0\u00e0\u00a0ecologia integral.<\/span><\/li>\n<\/ul>\n<ul>\n<li aria-setsize=\"-1\" data-leveltext=\"-\" data-font=\"Aptos\" data-listid=\"5\" data-list-defn-props=\"{&quot;335552541&quot;:1,&quot;335559683&quot;:0,&quot;335559684&quot;:-2,&quot;335559685&quot;:720,&quot;335559991&quot;:360,&quot;469769226&quot;:&quot;Aptos&quot;,&quot;469769242&quot;:[8226],&quot;469777803&quot;:&quot;left&quot;,&quot;469777804&quot;:&quot;-&quot;,&quot;469777815&quot;:&quot;hybridMultilevel&quot;}\" data-aria-posinset=\"1\" data-aria-level=\"1\"><em><strong>6\u00ba Cap\u00edtulo: Compromissos sinodais<br \/>\n<\/strong><\/em>Com o compromisso de que as diretrizes tivessem em sintonia com as decis\u00f5es do S\u00ednodo, o texto foi firmado como o principal instrumento de implementa\u00e7\u00e3o do S\u00ednodo sobre a Sinodalidade na realidade do Brasil. Assim, o \u00faltimo cap\u00edtulo cont\u00e9m uma atitude considerada por dom Jaime como o \u201ccora\u00e7\u00e3o do documento final do S\u00ednodo 2023\u201d: a convers\u00e3o.\u00a0<span style=\"font-size: 16px;\" data-ccp-props=\"{&quot;134233117&quot;:false,&quot;134233118&quot;:false,&quot;201341983&quot;:0,&quot;335551550&quot;:1,&quot;335551620&quot;:1,&quot;335559685&quot;:720,&quot;335559737&quot;:0,&quot;335559738&quot;:0,&quot;335559739&quot;:160,&quot;335559740&quot;:279}\"><br \/>\n<\/span>Assim, os compromissos sinodais partem da convers\u00e3o em tr\u00eas \u00e2mbitos: das rela\u00e7\u00f5es, dos processos e dos v\u00ednculos.<span style=\"font-size: 16px;\"><br \/>\n<\/span>Na <em>convers\u00e3o\u00a0das rela\u00e7\u00f5es<\/em>, est\u00e3o presentes a\u00a0quest\u00e3o da prote\u00e7\u00e3o de menores\u00a0e\u00a0da comunica\u00e7\u00e3o, por exemplo.<span style=\"font-size: 16px;\"><br \/>\n<\/span>Na <em>convers\u00e3o dos processos<\/em>, os bispos abordam os espa\u00e7os de promo\u00e7\u00e3o da sinodalidade, como as\u00a0assembleias diocesanas,\u00a0os\u00a0conselhos pastorais,\u00a0os\u00a0conselhos econ\u00f4micos\u00a0e\u00a0a quest\u00e3o do\u00a0D\u00edzimo.<span style=\"font-size: 16px;\"><br \/>\n<\/span>Por fim, a <em>convers\u00e3o dos v\u00ednculos<\/em> diz respeito aos organismos do povo de Deus, aos organismos e projetos mission\u00e1rios, ao Pacto Educativo Global lan\u00e7ado pelo Papa Francisco e \u00e0 quest\u00e3o do ecumenismo e o di\u00e1logo inter-religioso. <span style=\"font-size: 16px;\" data-ccp-props=\"{&quot;134233117&quot;:false,&quot;134233118&quot;:false,&quot;201341983&quot;:0,&quot;335551550&quot;:1,&quot;335551620&quot;:1,&quot;335559685&quot;:720,&quot;335559737&quot;:0,&quot;335559738&quot;:0,&quot;335559739&quot;:160,&quot;335559740&quot;:279}\">\u00a0<\/span><\/li>\n<\/ul>\n<p>&nbsp;<\/p>\n<p><span data-ccp-props=\"{&quot;134233117&quot;:false,&quot;134233118&quot;:false,&quot;201341983&quot;:0,&quot;335551550&quot;:1,&quot;335551620&quot;:1,&quot;335559685&quot;:0,&quot;335559737&quot;:0,&quot;335559738&quot;:0,&quot;335559739&quot;:160,&quot;335559740&quot;:279}\">\u00a0<\/span><\/p>\n<p>Confira tamb\u00e9m:<\/p>\n<p><strong><a href=\"https:\/\/www.cnbb.org.br\/encontro-coordenadores-pastoral-acolher-novas-diretrizes\/\">Encontro com coordenadores de Pastoral das dioceses ser\u00e1 ocasi\u00e3o para acolher novas diretrizes da a\u00e7\u00e3o evangelizadora<\/a><br \/>\n<\/strong><\/p>\n<p><a href=\"https:\/\/www.cnbb.org.br\/bispos-aprovam-novas-diretrizes-que-vao-orientar-a-evangelizacao-no-brasil-nos-proximos-6-anosdora-no-brasil\/\"><em><strong>Bispos aprovam novas Diretrizes que v\u00e3o orientar a evangeliza\u00e7\u00e3o no Brasil nos pr\u00f3ximos 6 anos<\/strong><\/em><\/a><\/p>\n<p><em><strong><a href=\"https:\/\/youtu.be\/yVf2S2mqFok\" data-rel=\"lightbox-video-1\" target=\"_blank\" rel=\"noopener\">#07 CNBB PodCast &#8211; 62\u00aa AG CNBB &#8211; As novas Diretrizes Gerais da A\u00e7\u00e3o Evangelizadora<\/a><\/strong><\/em><\/p>\n<p>&nbsp;<\/p>\n<pre>Luiz Lopes Jr<\/pre>\n","protected":false},"excerpt":{"rendered":"<p>Documento aprovado na 62\u00aa Assembleia Geral da CNBB \u00e9 fruto de um caminho de cerca de quatro anos, marcado pela perspectiva sinodal: ampla escuta, participa\u00e7\u00e3o e discernimento de todo o Povo de Deus<\/p>\n","protected":false},"author":38,"featured_media":999340,"comment_status":"closed","ping_status":"closed","sticky":false,"template":"","format":"standard","meta":{"site-sidebar-layout":"default","site-content-layout":"default","ast-global-header-display":"","ast-banner-title-visibility":"","ast-main-header-display":"","ast-hfb-above-header-display":"","ast-hfb-below-header-display":"","ast-hfb-mobile-header-display":"","site-post-title":"","ast-breadcrumbs-content":"","ast-featured-img":"","footer-sml-layout":"","theme-transparent-header-meta":"default","adv-header-id-meta":"","stick-header-meta":"","header-above-stick-meta":"","header-main-stick-meta":"","header-below-stick-meta":""},"categories":[1841,865],"tags":[6362,6405,3578],"acf":[],"_links":{"self":[{"href":"https:\/\/www.cnbb.org.br\/cnbb-app\/wp\/v2\/posts\/999654"}],"collection":[{"href":"https:\/\/www.cnbb.org.br\/cnbb-app\/wp\/v2\/posts"}],"about":[{"href":"https:\/\/www.cnbb.org.br\/cnbb-app\/wp\/v2\/types\/post"}],"author":[{"embeddable":true,"href":"https:\/\/www.cnbb.org.br\/cnbb-app\/wp\/v2\/users\/38"}],"replies":[{"embeddable":true,"href":"https:\/\/www.cnbb.org.br\/cnbb-app\/wp\/v2\/comments?post=999654"}],"version-history":[{"count":5,"href":"https:\/\/www.cnbb.org.br\/cnbb-app\/wp\/v2\/posts\/999654\/revisions"}],"predecessor-version":[{"id":999684,"href":"https:\/\/www.cnbb.org.br\/cnbb-app\/wp\/v2\/posts\/999654\/revisions\/999684"}],"wp:featuredmedia":[{"embeddable":true,"href":"https:\/\/www.cnbb.org.br\/cnbb-app\/wp\/v2\/media\/999340"}],"wp:attachment":[{"href":"https:\/\/www.cnbb.org.br\/cnbb-app\/wp\/v2\/media?parent=999654"}],"wp:term":[{"taxonomy":"category","embeddable":true,"href":"https:\/\/www.cnbb.org.br\/cnbb-app\/wp\/v2\/categories?post=999654"},{"taxonomy":"post_tag","embeddable":true,"href":"https:\/\/www.cnbb.org.br\/cnbb-app\/wp\/v2\/tags?post=999654"}],"curies":[{"name":"wp","href":"https:\/\/api.w.org\/{rel}","templated":true}]}}