{"id":5930,"count":1,"description":"","link":"https:\/\/www.cnbb.org.br\/tag\/62-dia-mundial-de-oracao-pelas-vocacoes\/","name":"62\u00b0 Dia Mundial de Ora\u00e7\u00e3o pelas Voca\u00e7\u00f5es","slug":"62-dia-mundial-de-oracao-pelas-vocacoes","taxonomy":"post_tag","meta":[],"_links":{"self":[{"href":"https:\/\/www.cnbb.org.br\/cnbb-app\/wp\/v2\/tags\/5930"}],"collection":[{"href":"https:\/\/www.cnbb.org.br\/cnbb-app\/wp\/v2\/tags"}],"about":[{"href":"https:\/\/www.cnbb.org.br\/cnbb-app\/wp\/v2\/taxonomies\/post_tag"}],"wp:post_type":[{"href":"https:\/\/www.cnbb.org.br\/cnbb-app\/wp\/v2\/posts?tags=5930"}],"curies":[{"name":"wp","href":"https:\/\/api.w.org\/{rel}","templated":true}]}}